{"id":6810,"date":"2025-07-31T06:50:24","date_gmt":"2025-07-31T06:50:24","guid":{"rendered":"https:\/\/radionorteatacama.cl\/?p=6810"},"modified":"2025-07-31T06:50:24","modified_gmt":"2025-07-31T06:50:24","slug":"se-actualiza-alerta-temprana-preventiva-para-la-region-de-atacama-por-evento-meteorologico","status":"publish","type":"post","link":"https:\/\/radionorteatacama.cl\/index.php\/2025\/07\/31\/se-actualiza-alerta-temprana-preventiva-para-la-region-de-atacama-por-evento-meteorologico\/","title":{"rendered":"Se actualiza Alerta Temprana Preventiva para la regi\u00f3n de Atacama por evento meteorol\u00f3gico"},"content":{"rendered":"<div class='booster-block booster-read-block'>\n                <div class=\"twp-read-time\">\n                \t<i class=\"booster-icon twp-clock\"><\/i> <span>Read Time:<\/span>2 Minute, 40 Second                <\/div>\n\n            <\/div><p>Se actualiza Alerta Temprana Preventiva para la regi\u00f3n de Atacama por evento meteorol\u00f3gico <\/p>\n<p>De acuerdo con la informaci\u00f3n proporcionada por la Direcci\u00f3n Meteorol\u00f3gica de Chile (DMC), se encuentran vigentes los siguientes alertamientos meteorol\u00f3gicos para la Regi\u00f3n de Atacama: <\/p>\n<p>Alertamiento<\/p>\n<p>Pron\u00f3stico<\/p>\n<p>Inicio<\/p>\n<p>Fin<\/p>\n<p>Alerta AA66-1<\/p>\n<p>Viento moderado a fuerte con desarrollo de viento blanco en cordillera.<\/p>\n<p>30-07<\/p>\n<p>01-08<\/p>\n<p>Alerta AA67<\/p>\n<p>Nevadas moderadas a fuertes con desarrollo de ventisca en cordillera.<\/p>\n<p>31-07<\/p>\n<p>01-08<\/p>\n<p>Alerta AA68<\/p>\n<p>Precipitaciones moderadas a fuertes en el tramo sur de la regi\u00f3n.<\/p>\n<p>01-08<\/p>\n<p>01-08<\/p>\n<p>Aviso A285-1<\/p>\n<p>Viento normal a moderado con probabilidad de tormentas de arena en precordillera.<\/p>\n<p>30-07<\/p>\n<p>01-08<\/p>\n<p>Aviso A287-6<\/p>\n<p>Precipitaciones normales a moderadas en cordillera de la costa y sectores de valles y pampa.  <\/p>\n<p>01-08<\/p>\n<p>01-08<\/p>\n<p>Aviso A289-3<\/p>\n<p>Nevadas normales a moderadas con probabilidad de ventisca en precordillera y cordillera.<\/p>\n<p>31-07<\/p>\n<p>01-08<\/p>\n<p>Asimismo, conforme a lo indicado en el alertamiento vigente y en el Informe de Amenaza Meteorol\u00f3gica de la DMC, los montos de precipitaciones (mm\/cm), viento (km\/h) e isoterma 0\u00b0C (m.s.n.m.) pronosticados para los pr\u00f3ximos d\u00edas en la regi\u00f3n, son los siguientes:<\/p>\n<p>Zona<\/p>\n<p>30 de julio<\/p>\n<p>31 de julio<\/p>\n<p>01 de agosto<\/p>\n<p>Precipitaciones<\/p>\n<p>Viento<\/p>\n<p>Precipitaciones<\/p>\n<p>Viento<\/p>\n<p>Precipitaciones<\/p>\n<p>Viento<\/p>\n<p>Litoral<\/p>\n<p>0,3 \u2013 0,7<\/p>\n<p>\u2013<\/p>\n<p>2 \u2013 5<\/p>\n<p>25 \u2013 40<\/p>\n<p>2 \u2013 5<\/p>\n<p>25 \u2013 40<\/p>\n<p>Cordillera de la costa y valles transversales<\/p>\n<p>0,5 \u2013 1<\/p>\n<p>\u2013<\/p>\n<p>2 \u2013 5<\/p>\n<p>25 \u2013 40<\/p>\n<p>5 \u2013 10<\/p>\n<p>25 \u2013 40<\/p>\n<p>Pampa<\/p>\n<p>\u2013<\/p>\n<p>\u2013<\/p>\n<p>2 \u2013 5<\/p>\n<p>\u2013<\/p>\n<p>5 \u2013 10<\/p>\n<p>\u2013<\/p>\n<p>Precordillera y valles precordilleranos<\/p>\n<p>\u2013<\/p>\n<p>40 \u2013 60<\/p>\n<p>2 \u2013 5<\/p>\n<p>40 \u2013 60<\/p>\n<p>2 \u2013 5<\/p>\n<p>40 \u2013 60<\/p>\n<p>Cordillera<\/p>\n<p>3 \u2013 5 cm<\/p>\n<p>90 \u2013 110<\/p>\n<p>10 \u2013 20 cm<\/p>\n<p>90 \u2013 110<\/p>\n<p>30 \u2013 50 cm<\/p>\n<p>100 \u2013 120<\/p>\n<p>Isoterma 0\u00b0C<\/p>\n<p>4.200 \u2013 3.900<\/p>\n<p>3.600 \u2013 2.800<\/p>\n<p>2.300 \u2013 3.100<\/p>\n<p>Cabe destacar que, los montos de precipitaciones de la tabla anterior contemplan el per\u00edodo entre las 09:00 horas del d\u00eda indicado y las 09:00 horas del d\u00eda siguiente.<\/p>\n<p>Por otra parte, el Servicio Meteorol\u00f3gico de la Armada de Chile mantiene vigente su Aviso N\u00b030 por marejadas normales, entre el jueves 31 de julio y el s\u00e1bado 02 de agosto para las costas de la regi\u00f3n.<\/p>\n<p>Finalmente, el Servicio Nacional de Geolog\u00eda y Miner\u00eda (SERNAGEOMIN), mediante su Minuta T\u00e9cnica por Peligro de Remociones en Masa, actualizada el d\u00eda de hoy, indica que la posibilidad de ocurrencia de remociones en masa tales como flujo de detritos, aluviones, deslizamientos y\/o ca\u00eddas de rocas (derrumbes) es alta en el tramo sur de los sectores de litoral, valles y precordillera de la regi\u00f3n.<\/p>\n<p>En consideraci\u00f3n a estos antecedentes y en coordinaci\u00f3n con la Delegaci\u00f3n Presidencial Regional de Atacama, la Direcci\u00f3n Regional del SENAPRED actualiza la Alerta Temprana Preventiva Regional por evento meteorol\u00f3gico, que se mantiene vigente desde el 28 de julio y hasta que las condiciones as\u00ed lo ameriten.<\/p>\n<p>La actualizaci\u00f3n de esta alerta se constituye como un estado de reforzamiento de la vigilancia, mediante el monitoreo preciso y riguroso de las condiciones de riesgo y las respectivas vulnerabilidades asociadas a la amenaza, coordinando y activando al Sistema Nacional de Prevenci\u00f3n y Respuesta ante Desastres (SINAPRED) con el fin de actuar oportunamente frente a eventuales situaciones de emergencia.<\/p>\n        <div class=\"booster-block booster-reactions-block\">\n            <div class=\"twp-reactions-icons\">\n                \n                <div class=\"twp-reacts-wrap\">\n                    <a react-data=\"be-react-1\" post-id=\"6810\" class=\"be-face-icons un-reacted\" href=\"javascript:void(0)\">\n                        <img decoding=\"async\" src=\"https:\/\/radionorteatacama.cl\/wp-content\/plugins\/booster-extension\/\/assets\/icon\/happy.svg\" alt=\"Happy\">\n                    <\/a>\n                    <div class=\"twp-reaction-title\">\n                        Happy                    <\/div>\n                    <div class=\"twp-count-percent\">\n                                                    <span style=\"display: none;\" class=\"twp-react-count\">0<\/span>\n                        \n                                                <span class=\"twp-react-percent\"><span>0<\/span> %<\/span>\n                                            <\/div>\n                <\/div>\n\n                <div class=\"twp-reacts-wrap\">\n                    <a react-data=\"be-react-2\" post-id=\"6810\" class=\"be-face-icons un-reacted\" href=\"javascript:void(0)\">\n                        <img decoding=\"async\" src=\"https:\/\/radionorteatacama.cl\/wp-content\/plugins\/booster-extension\/\/assets\/icon\/sad.svg\" alt=\"Sad\">\n                    <\/a>\n                    <div class=\"twp-reaction-title\">\n                        Sad                    <\/div>\n                    <div class=\"twp-count-percent\">\n                                                    <span style=\"display: none;\" class=\"twp-react-count\">0<\/span>\n                                                                        <span class=\"twp-react-percent\"><span>0<\/span> %<\/span>\n                                            <\/div>\n                <\/div>\n\n                <div class=\"twp-reacts-wrap\">\n                    <a react-data=\"be-react-3\" post-id=\"6810\" class=\"be-face-icons un-reacted\" href=\"javascript:void(0)\">\n                        <img decoding=\"async\" src=\"https:\/\/radionorteatacama.cl\/wp-content\/plugins\/booster-extension\/\/assets\/icon\/excited.svg\" alt=\"Excited\">\n                    <\/a>\n                    <div class=\"twp-reaction-title\">\n                        Excited                    <\/div>\n                    <div class=\"twp-count-percent\">\n                                                    <span style=\"display: none;\" class=\"twp-react-count\">0<\/span>\n                                                                        <span class=\"twp-react-percent\"><span>0<\/span> %<\/span>\n                                            <\/div>\n                <\/div>\n\n                <div class=\"twp-reacts-wrap\">\n                    <a react-data=\"be-react-6\" post-id=\"6810\" class=\"be-face-icons un-reacted\" href=\"javascript:void(0)\">\n                        <img decoding=\"async\" src=\"https:\/\/radionorteatacama.cl\/wp-content\/plugins\/booster-extension\/\/assets\/icon\/sleepy.svg\" alt=\"Sleepy\">\n                    <\/a>\n                    <div class=\"twp-reaction-title\">\n                        Sleepy                    <\/div>\n                    <div class=\"twp-count-percent\">\n                                                    <span style=\"display: none;\" class=\"twp-react-count\">0<\/span>\n                        \n                                                <span class=\"twp-react-percent\"><span>0<\/span> %<\/span>\n                                            <\/div>\n                <\/div>\n\n                <div class=\"twp-reacts-wrap\">\n                    <a react-data=\"be-react-4\" post-id=\"6810\" class=\"be-face-icons un-reacted\" href=\"javascript:void(0)\">\n                        <img decoding=\"async\" src=\"https:\/\/radionorteatacama.cl\/wp-content\/plugins\/booster-extension\/\/assets\/icon\/angry.svg\" alt=\"Angry\">\n                    <\/a>\n                    <div class=\"twp-reaction-title\">Angry<\/div>\n                    <div class=\"twp-count-percent\">\n                                                    <span style=\"display: none;\" class=\"twp-react-count\">0<\/span>\n                                                                        <span class=\"twp-react-percent\"><span>0<\/span> %<\/span>\n                        \n                    <\/div>\n                <\/div>\n\n                <div class=\"twp-reacts-wrap\">\n                    <a react-data=\"be-react-5\" post-id=\"6810\" class=\"be-face-icons un-reacted\" href=\"javascript:void(0)\">\n                        <img decoding=\"async\" src=\"https:\/\/radionorteatacama.cl\/wp-content\/plugins\/booster-extension\/\/assets\/icon\/surprise.svg\" alt=\"Surprise\">\n                    <\/a>\n                    <div class=\"twp-reaction-title\">Surprise<\/div>\n                    <div class=\"twp-count-percent\">\n                                                    <span style=\"display: none;\" class=\"twp-react-count\">0<\/span>\n                                                                        <span class=\"twp-react-percent\"><span>0<\/span> %<\/span>\n                                            <\/div>\n                <\/div>\n\n            <\/div>\n        <\/div>\n\n    ","protected":false},"excerpt":{"rendered":"<p>Se actualiza Alerta Temprana Preventiva para la regi\u00f3n de Atacama por evento meteorol\u00f3gico De acuerdo con la informaci\u00f3n proporcionada por la Direcci\u00f3n Meteorol\u00f3gica de Chile (DMC), se encuentran vigentes los siguientes alertamientos meteorol\u00f3gicos para la Regi\u00f3n de Atacama: Alertamiento Pron\u00f3stico Inicio Fin Alerta AA66-1 Viento moderado a fuerte con desarrollo de viento blanco en cordillera. [&hellip;]<\/p>\n","protected":false},"author":1,"featured_media":0,"comment_status":"open","ping_status":"open","sticky":false,"template":"","format":"standard","meta":{"_joinchat":[],"footnotes":""},"categories":[1],"tags":[],"class_list":["post-6810","post","type-post","status-publish","format-standard","hentry","category-uncategorized"],"jetpack_featured_media_url":"","blog_post_layout_featured_media_urls":{"thumbnail":"","full":""},"categories_names":{"1":{"name":"Uncategorized","link":"https:\/\/radionorteatacama.cl\/index.php\/category\/uncategorized\/"}},"tags_names":[],"comments_number":"0","_links":{"self":[{"href":"https:\/\/radionorteatacama.cl\/index.php\/wp-json\/wp\/v2\/posts\/6810","targetHints":{"allow":["GET"]}}],"collection":[{"href":"https:\/\/radionorteatacama.cl\/index.php\/wp-json\/wp\/v2\/posts"}],"about":[{"href":"https:\/\/radionorteatacama.cl\/index.php\/wp-json\/wp\/v2\/types\/post"}],"author":[{"embeddable":true,"href":"https:\/\/radionorteatacama.cl\/index.php\/wp-json\/wp\/v2\/users\/1"}],"replies":[{"embeddable":true,"href":"https:\/\/radionorteatacama.cl\/index.php\/wp-json\/wp\/v2\/comments?post=6810"}],"version-history":[{"count":1,"href":"https:\/\/radionorteatacama.cl\/index.php\/wp-json\/wp\/v2\/posts\/6810\/revisions"}],"predecessor-version":[{"id":6811,"href":"https:\/\/radionorteatacama.cl\/index.php\/wp-json\/wp\/v2\/posts\/6810\/revisions\/6811"}],"wp:attachment":[{"href":"https:\/\/radionorteatacama.cl\/index.php\/wp-json\/wp\/v2\/media?parent=6810"}],"wp:term":[{"taxonomy":"category","embeddable":true,"href":"https:\/\/radionorteatacama.cl\/index.php\/wp-json\/wp\/v2\/categories?post=6810"},{"taxonomy":"post_tag","embeddable":true,"href":"https:\/\/radionorteatacama.cl\/index.php\/wp-json\/wp\/v2\/tags?post=6810"}],"curies":[{"name":"wp","href":"https:\/\/api.w.org\/{rel}","templated":true}]}}