{"id":6792,"date":"2025-07-16T22:27:53","date_gmt":"2025-07-16T22:27:53","guid":{"rendered":"https:\/\/radionorteatacama.cl\/?p=6792"},"modified":"2025-07-16T22:27:53","modified_gmt":"2025-07-16T22:27:53","slug":"comunidades-de-siete-regiones-del-pais-fueron-beneficiadas-por-ciclo-de-talleres-literarios-de-fucoa","status":"publish","type":"post","link":"https:\/\/radionorteatacama.cl\/index.php\/2025\/07\/16\/comunidades-de-siete-regiones-del-pais-fueron-beneficiadas-por-ciclo-de-talleres-literarios-de-fucoa\/","title":{"rendered":"Comunidades de siete regiones del pa\u00eds fueron beneficiadas por ciclo de talleres literarios de FUCOA"},"content":{"rendered":"<div class='booster-block booster-read-block'>\n                <div class=\"twp-read-time\">\n                \t<i class=\"booster-icon twp-clock\"><\/i> <span>Read Time:<\/span>3 Minute, 24 Second                <\/div>\n\n            <\/div><p>El proyecto \u201cDi\u00e1logos de Memoria e Identidad Local\u201d cont\u00f3 con la participaci\u00f3n de estudiantes, apoderados, agricultores, adultos mayores y docentes en diversas escuelas a lo largo del pa\u00eds, las que adem\u00e1s recibieron donaciones de libros y gu\u00edas educativas. La iniciativa se enmarca en el concurso Historias de Nuestra Tierra, cuya convocatoria 2025 est\u00e1 abierta hasta el 25 de julio.<\/p>\n<p>Cerca de 300 participantes entre estudiantes, docentes, apoderados, adultos mayores y agricultores en siete regiones del pa\u00eds tuvo el proyecto \u201cDi\u00e1logos de Memoria e Identidad Local\u201d, organizado por la Fundaci\u00f3n de Comunicaciones, Capacitaci\u00f3n y Cultura del Agro (FUCOA) del Ministerio de Agricultura, con la colaboraci\u00f3n de la Organizaci\u00f3n Internacional para el Libro Infantil y Juvenil (IBBY Chile).<\/p>\n<p>La iniciativa, acogida a la Ley de Donaciones Culturales y enmarcada en el concurso Historias de Nuestra Tierra de FUCOA, se llev\u00f3 a cabo entre noviembre de 2024 y julio de 2025, y contempl\u00f3 siete talleres literarios en las comunas de Punta Arenas, Mejillones, Requ\u00ednoa, Putaendo, Hualp\u00e9n, Pelluhue y Combarbal\u00e1, con el prop\u00f3sito de incentivar la escritura creativa y poner en valor la memoria y las tradiciones rurales.<\/p>\n<p>Cada actividad se desarroll\u00f3 como un espacio formativo e intergeneracional, donde se abordaron temas como el patrimonio inmaterial, mitos y leyendas locales, recetas t\u00edpicas y la importancia de preservar la tradici\u00f3n oral.<\/p>\n<p>Al finalizar cada encuentro, FUCOA realiz\u00f3 donaciones a las bibliotecas de cada establecimiento educacional, consistentes en ejemplares del libro Antolog\u00eda 2024 del concurso Historias de Nuestra Tierra y de la Gu\u00eda de Laboratorio Patrimonial, esta \u00faltima elaborada junto a IBBY Chile, para apoyar la labor de docentes y mediadores culturales en la promoci\u00f3n y difusi\u00f3n del patrimonio rural.<\/p>\n<p>Claudio Urtubia, director ejecutivo de FUCOA, destac\u00f3 que \u201cestos talleres han sido una valiosa oportunidad para relevar la memoria rural y fortalecer la identidad local en cada territorio y comuna visitada. Ver a ni\u00f1as, ni\u00f1os, j\u00f3venes, docentes y personas mayores reunidos para compartir sus relatos refleja el enorme potencial que tiene la escritura como herramienta de encuentro y transmisi\u00f3n cultural\u201d.<\/p>\n<p>Urtubia agreg\u00f3 que, tras los positivos resultados de este ciclo de talleres, se proyecta la realizaci\u00f3n de una nueva etapa para llegar a m\u00e1s regiones y localidades rurales, consolidando el trabajo institucional enfocado en fortalecer el v\u00ednculo de las comunidades con su patrimonio local.<\/p>\n<p>Por su parte, Amparo Arias, vicepresidenta de IBBY Chile, se\u00f1al\u00f3 que \u201ces un tremendo honor ser parte y trabajar colaborativamente junto a FUCOA, y poder tambi\u00e9n descentralizar la palabra, descentralizar las historias, ir hacia distintos rincones muy alejados de Santiago y poder descubrir y darles mucha importancia a esos relatos, a esas historias\u201d.<\/p>\n<p>Historias de Nuestra Tierra 2025<\/p>\n<p>El proyecto fue ampliamente valorado por las comunidades, destac\u00e1ndose su contribuci\u00f3n al fortalecimiento del patrimonio local, al \u00e1mbito educativo y a la relaci\u00f3n con el entorno, despertando asimismo un gran inter\u00e9s por participar en el concurso Historias de Nuestra Tierra, tradicional certamen del Ministerio de Agricultura, organizado por FUCOA, que busca relevar y difundir la cultura y tradiciones rurales de Chile, cuya convocatoria 2025 se encuentra abierta hasta el 25 de julio y en la que pueden participar ni\u00f1os, ni\u00f1as, j\u00f3venes y adultos de todo el pa\u00eds, a trav\u00e9s de cuentos, poemas o dibujos.<\/p>\n<p>Dentro de los premios que contempla esta versi\u00f3n, se entregar\u00e1n notebooks, tablets y sets de escritura a ni\u00f1as, ni\u00f1os y j\u00f3venes, mientras que los adultos recibir\u00e1n hasta 500 mil pesos. Adem\u00e1s, las obras seleccionadas ser\u00e1n parte del libro Antolog\u00eda, que FUCOA edita a\u00f1o a a\u00f1o.<\/p>\n<p>Tambi\u00e9n se reconocer\u00e1 a los establecimientos y docentes que fomenten la escritura e identidad local en sus comunidades, y que registren la mayor participaci\u00f3n de sus estudiantes en el certamen.<\/p>\n<p>Entre las principales novedades de este a\u00f1o, el concurso contempla los premios especiales Cocina Tradicional y Gastronom\u00eda Chilena, cuyo objetivo es poner en valor las preparaciones t\u00edpicas y ancestrales del pa\u00eds, adem\u00e1s del premio especial Margot Loyola, para el cuento que mejor represente el folclor chileno.<\/p>\n<p>Para participar en el concurso Historias de Nuestra Tierra 2025, las obras deben ser enviadas hasta el 25 de julio a trav\u00e9s del sitio web www.historiasdenuestratierra.cl.<\/p>\n        <div class=\"booster-block booster-reactions-block\">\n            <div class=\"twp-reactions-icons\">\n                \n                <div class=\"twp-reacts-wrap\">\n                    <a react-data=\"be-react-1\" post-id=\"6792\" class=\"be-face-icons un-reacted\" href=\"javascript:void(0)\">\n                        <img decoding=\"async\" src=\"https:\/\/radionorteatacama.cl\/wp-content\/plugins\/booster-extension\/\/assets\/icon\/happy.svg\" alt=\"Happy\">\n                    <\/a>\n                    <div class=\"twp-reaction-title\">\n                        Happy                    <\/div>\n                    <div class=\"twp-count-percent\">\n                                                    <span style=\"display: none;\" class=\"twp-react-count\">0<\/span>\n                        \n                                                <span class=\"twp-react-percent\"><span>0<\/span> %<\/span>\n                                            <\/div>\n                <\/div>\n\n                <div class=\"twp-reacts-wrap\">\n                    <a react-data=\"be-react-2\" post-id=\"6792\" class=\"be-face-icons un-reacted\" href=\"javascript:void(0)\">\n                        <img decoding=\"async\" src=\"https:\/\/radionorteatacama.cl\/wp-content\/plugins\/booster-extension\/\/assets\/icon\/sad.svg\" alt=\"Sad\">\n                    <\/a>\n                    <div class=\"twp-reaction-title\">\n                        Sad                    <\/div>\n                    <div class=\"twp-count-percent\">\n                                                    <span style=\"display: none;\" class=\"twp-react-count\">0<\/span>\n                                                                        <span class=\"twp-react-percent\"><span>0<\/span> %<\/span>\n                                            <\/div>\n                <\/div>\n\n                <div class=\"twp-reacts-wrap\">\n                    <a react-data=\"be-react-3\" post-id=\"6792\" class=\"be-face-icons un-reacted\" href=\"javascript:void(0)\">\n                        <img decoding=\"async\" src=\"https:\/\/radionorteatacama.cl\/wp-content\/plugins\/booster-extension\/\/assets\/icon\/excited.svg\" alt=\"Excited\">\n                    <\/a>\n                    <div class=\"twp-reaction-title\">\n                        Excited                    <\/div>\n                    <div class=\"twp-count-percent\">\n                                                    <span style=\"display: none;\" class=\"twp-react-count\">0<\/span>\n                                                                        <span class=\"twp-react-percent\"><span>0<\/span> %<\/span>\n                                            <\/div>\n                <\/div>\n\n                <div class=\"twp-reacts-wrap\">\n                    <a react-data=\"be-react-6\" post-id=\"6792\" class=\"be-face-icons un-reacted\" href=\"javascript:void(0)\">\n                        <img decoding=\"async\" src=\"https:\/\/radionorteatacama.cl\/wp-content\/plugins\/booster-extension\/\/assets\/icon\/sleepy.svg\" alt=\"Sleepy\">\n                    <\/a>\n                    <div class=\"twp-reaction-title\">\n                        Sleepy                    <\/div>\n                    <div class=\"twp-count-percent\">\n                                                    <span style=\"display: none;\" class=\"twp-react-count\">0<\/span>\n                        \n                                                <span class=\"twp-react-percent\"><span>0<\/span> %<\/span>\n                                            <\/div>\n                <\/div>\n\n                <div class=\"twp-reacts-wrap\">\n                    <a react-data=\"be-react-4\" post-id=\"6792\" class=\"be-face-icons un-reacted\" href=\"javascript:void(0)\">\n                        <img decoding=\"async\" src=\"https:\/\/radionorteatacama.cl\/wp-content\/plugins\/booster-extension\/\/assets\/icon\/angry.svg\" alt=\"Angry\">\n                    <\/a>\n                    <div class=\"twp-reaction-title\">Angry<\/div>\n                    <div class=\"twp-count-percent\">\n                                                    <span style=\"display: none;\" class=\"twp-react-count\">0<\/span>\n                                                                        <span class=\"twp-react-percent\"><span>0<\/span> %<\/span>\n                        \n                    <\/div>\n                <\/div>\n\n                <div class=\"twp-reacts-wrap\">\n                    <a react-data=\"be-react-5\" post-id=\"6792\" class=\"be-face-icons un-reacted\" href=\"javascript:void(0)\">\n                        <img decoding=\"async\" src=\"https:\/\/radionorteatacama.cl\/wp-content\/plugins\/booster-extension\/\/assets\/icon\/surprise.svg\" alt=\"Surprise\">\n                    <\/a>\n                    <div class=\"twp-reaction-title\">Surprise<\/div>\n                    <div class=\"twp-count-percent\">\n                                                    <span style=\"display: none;\" class=\"twp-react-count\">0<\/span>\n                                                                        <span class=\"twp-react-percent\"><span>0<\/span> %<\/span>\n                                            <\/div>\n                <\/div>\n\n            <\/div>\n        <\/div>\n\n    ","protected":false},"excerpt":{"rendered":"<p>El proyecto \u201cDi\u00e1logos de Memoria e Identidad Local\u201d cont\u00f3 con la participaci\u00f3n de estudiantes, apoderados, agricultores, adultos mayores y docentes en diversas escuelas a lo largo del pa\u00eds, las que adem\u00e1s recibieron donaciones de libros y gu\u00edas educativas. La iniciativa se enmarca en el concurso Historias de Nuestra Tierra, cuya convocatoria 2025 est\u00e1 abierta hasta [&hellip;]<\/p>\n","protected":false},"author":1,"featured_media":0,"comment_status":"open","ping_status":"open","sticky":false,"template":"","format":"standard","meta":{"_joinchat":[],"footnotes":""},"categories":[1],"tags":[],"class_list":["post-6792","post","type-post","status-publish","format-standard","hentry","category-uncategorized"],"jetpack_featured_media_url":"","blog_post_layout_featured_media_urls":{"thumbnail":"","full":""},"categories_names":{"1":{"name":"Uncategorized","link":"https:\/\/radionorteatacama.cl\/index.php\/category\/uncategorized\/"}},"tags_names":[],"comments_number":"0","_links":{"self":[{"href":"https:\/\/radionorteatacama.cl\/index.php\/wp-json\/wp\/v2\/posts\/6792","targetHints":{"allow":["GET"]}}],"collection":[{"href":"https:\/\/radionorteatacama.cl\/index.php\/wp-json\/wp\/v2\/posts"}],"about":[{"href":"https:\/\/radionorteatacama.cl\/index.php\/wp-json\/wp\/v2\/types\/post"}],"author":[{"embeddable":true,"href":"https:\/\/radionorteatacama.cl\/index.php\/wp-json\/wp\/v2\/users\/1"}],"replies":[{"embeddable":true,"href":"https:\/\/radionorteatacama.cl\/index.php\/wp-json\/wp\/v2\/comments?post=6792"}],"version-history":[{"count":1,"href":"https:\/\/radionorteatacama.cl\/index.php\/wp-json\/wp\/v2\/posts\/6792\/revisions"}],"predecessor-version":[{"id":6793,"href":"https:\/\/radionorteatacama.cl\/index.php\/wp-json\/wp\/v2\/posts\/6792\/revisions\/6793"}],"wp:attachment":[{"href":"https:\/\/radionorteatacama.cl\/index.php\/wp-json\/wp\/v2\/media?parent=6792"}],"wp:term":[{"taxonomy":"category","embeddable":true,"href":"https:\/\/radionorteatacama.cl\/index.php\/wp-json\/wp\/v2\/categories?post=6792"},{"taxonomy":"post_tag","embeddable":true,"href":"https:\/\/radionorteatacama.cl\/index.php\/wp-json\/wp\/v2\/tags?post=6792"}],"curies":[{"name":"wp","href":"https:\/\/api.w.org\/{rel}","templated":true}]}}