{"id":6787,"date":"2025-07-16T22:07:51","date_gmt":"2025-07-16T22:07:51","guid":{"rendered":"https:\/\/radionorteatacama.cl\/?p=6787"},"modified":"2025-07-16T22:07:51","modified_gmt":"2025-07-16T22:07:51","slug":"gobierno-se-despliega-en-el-congreso-para-explicar-estrategia-frente-a-posible-alza-de-aranceles-al-cobre-por-parte-de-estados-unidos","status":"publish","type":"post","link":"https:\/\/radionorteatacama.cl\/index.php\/2025\/07\/16\/gobierno-se-despliega-en-el-congreso-para-explicar-estrategia-frente-a-posible-alza-de-aranceles-al-cobre-por-parte-de-estados-unidos\/","title":{"rendered":"Gobierno se despliega en el Congreso para explicar estrategia frente a posible alza de aranceles al cobre por parte de Estados Unidos"},"content":{"rendered":"<div class='booster-block booster-read-block'>\n                <div class=\"twp-read-time\">\n                \t<i class=\"booster-icon twp-clock\"><\/i> <span>Read Time:<\/span>2 Minute, 4 Second                <\/div>\n\n            <\/div><p>Ministros de Relaciones Exteriores, Hacienda y Miner\u00eda, asistieron a la comisi\u00f3n de Miner\u00eda<br \/>\ny Energ\u00eda de la C\u00e1mara, acompa\u00f1ados de la subsecretaria de Relaciones Econ\u00f3micas<br \/>\nInternacionales, la vicepresidenta ejecutiva (s) de Cochilco y el presidente del directorio de<br \/>\nCodelco. M\u00e1s tarde, se reunieron con senadores de distintas comisiones. <\/p>\n<p>futuro no se han visto afectados por lo que est\u00e1 pasando en Estados Unidos. Lo que est\u00e1n diciendo los<br \/>\nmercados es que seguir\u00e1 habiendo una demanda significativa y que la oferta no va a cambiar respecto a lo<br \/>\nque hoy d\u00eda se puede anticipar como producto de la imposici\u00f3n de aranceles en Estados Unidos\u201d, sostuvo.<br \/>\nAdem\u00e1s, respecto al impacto econ\u00f3mico sobre la actividad y los ingresos fiscales el ministro indic\u00f3 que \u201cpara<br \/>\neste a\u00f1o es m\u00ednimo, si es que existe alguno. Puede haber alg\u00fan impacto mayor en el mediano plazo, pero<br \/>\ntenemos al mismo tiempo una serie de alternativas para mitigar ese impacto, fundamentalmente a trav\u00e9s de<br \/>\nla diversificaci\u00f3n de nuestras exportaciones en mercados como India. Es importante que mantengamos la<br \/>\nvisi\u00f3n concentrada en que contamos con mecanismos de amortiguaci\u00f3n, tenemos alternativas en materia<br \/>\ncomercial, lo cual en principio debiese ser bastante m\u00e1s tranquilizador\u201d.<br \/>\nPor su parte, la ministra Williams recalc\u00f3 que \u201cChile exporta aproximadamente el 11% del cobre en forma de<br \/>\nc\u00e1todos a Estados Unidos; Estados Unidos a su vez se abastece en un 50% por cobre propio y el otro 50% lo<br \/>\nimporta. El 70% de la importaci\u00f3n es chilena y est\u00e1 concentrada aproximadamente en 20 empresas, pero 4<br \/>\nde ellas representan el 80%, o sea tenemos pocas empresas que venden a Estados Unidos cifras importantes.<br \/>\nEn Estados Unidos la mitad del cobre que se requiere no existe la posibilidad de ser sustituido por lo menos<br \/>\nen el corto plazo, hablamos de corto plazo y largo plazo mineros, o sea por lo menos dentro de los 8 a 10<br \/>\na\u00f1os no es factible de poder sustituir ni generando cobre primario ni con cobre secundario\u201d.<br \/>\nLuego, en la tarde, el titular de Hacienda se reuni\u00f3 con la comisi\u00f3n adhoc del Senado, compuesta por los<br \/>\nsenadores Ricardo Lagos Weber (PPD), Jos\u00e9 Miguel Insulza (PS), Rodrigo Galilea (RN), Javier Macaya (UDI) y su<br \/>\npresidenta, Ximena Rinc\u00f3n (Dem\u00f3cratas). Adem\u00e1s, por el lado de Hacienda asistieron la subsecretaria de la<br \/>\ncartera, Heidi Berner; la coordinadora de Finanzas y Asuntos Internacionales, Carola Moreno; el coordinador<br \/>\nde Macroeconom\u00eda, Rodrigo Wagner; y el jefe de Asuntos Internacionales, Rodrigo Monardes.<br \/>\nEn tanto, el canciller, la subsecretaria de Relaciones Econ\u00f3micas Internacionales y la vicepresidenta ejecutiva<\/p>\n        <div class=\"booster-block booster-reactions-block\">\n            <div class=\"twp-reactions-icons\">\n                \n                <div class=\"twp-reacts-wrap\">\n                    <a react-data=\"be-react-1\" post-id=\"6787\" class=\"be-face-icons un-reacted\" href=\"javascript:void(0)\">\n                        <img decoding=\"async\" src=\"https:\/\/radionorteatacama.cl\/wp-content\/plugins\/booster-extension\/\/assets\/icon\/happy.svg\" alt=\"Happy\">\n                    <\/a>\n                    <div class=\"twp-reaction-title\">\n                        Happy                    <\/div>\n                    <div class=\"twp-count-percent\">\n                                                    <span style=\"display: none;\" class=\"twp-react-count\">0<\/span>\n                        \n                                                <span class=\"twp-react-percent\"><span>0<\/span> %<\/span>\n                                            <\/div>\n                <\/div>\n\n                <div class=\"twp-reacts-wrap\">\n                    <a react-data=\"be-react-2\" post-id=\"6787\" class=\"be-face-icons un-reacted\" href=\"javascript:void(0)\">\n                        <img decoding=\"async\" src=\"https:\/\/radionorteatacama.cl\/wp-content\/plugins\/booster-extension\/\/assets\/icon\/sad.svg\" alt=\"Sad\">\n                    <\/a>\n                    <div class=\"twp-reaction-title\">\n                        Sad                    <\/div>\n                    <div class=\"twp-count-percent\">\n                                                    <span style=\"display: none;\" class=\"twp-react-count\">0<\/span>\n                                                                        <span class=\"twp-react-percent\"><span>0<\/span> %<\/span>\n                                            <\/div>\n                <\/div>\n\n                <div class=\"twp-reacts-wrap\">\n                    <a react-data=\"be-react-3\" post-id=\"6787\" class=\"be-face-icons un-reacted\" href=\"javascript:void(0)\">\n                        <img decoding=\"async\" src=\"https:\/\/radionorteatacama.cl\/wp-content\/plugins\/booster-extension\/\/assets\/icon\/excited.svg\" alt=\"Excited\">\n                    <\/a>\n                    <div class=\"twp-reaction-title\">\n                        Excited                    <\/div>\n                    <div class=\"twp-count-percent\">\n                                                    <span style=\"display: none;\" class=\"twp-react-count\">0<\/span>\n                                                                        <span class=\"twp-react-percent\"><span>0<\/span> %<\/span>\n                                            <\/div>\n                <\/div>\n\n                <div class=\"twp-reacts-wrap\">\n                    <a react-data=\"be-react-6\" post-id=\"6787\" class=\"be-face-icons un-reacted\" href=\"javascript:void(0)\">\n                        <img decoding=\"async\" src=\"https:\/\/radionorteatacama.cl\/wp-content\/plugins\/booster-extension\/\/assets\/icon\/sleepy.svg\" alt=\"Sleepy\">\n                    <\/a>\n                    <div class=\"twp-reaction-title\">\n                        Sleepy                    <\/div>\n                    <div class=\"twp-count-percent\">\n                                                    <span style=\"display: none;\" class=\"twp-react-count\">0<\/span>\n                        \n                                                <span class=\"twp-react-percent\"><span>0<\/span> %<\/span>\n                                            <\/div>\n                <\/div>\n\n                <div class=\"twp-reacts-wrap\">\n                    <a react-data=\"be-react-4\" post-id=\"6787\" class=\"be-face-icons un-reacted\" href=\"javascript:void(0)\">\n                        <img decoding=\"async\" src=\"https:\/\/radionorteatacama.cl\/wp-content\/plugins\/booster-extension\/\/assets\/icon\/angry.svg\" alt=\"Angry\">\n                    <\/a>\n                    <div class=\"twp-reaction-title\">Angry<\/div>\n                    <div class=\"twp-count-percent\">\n                                                    <span style=\"display: none;\" class=\"twp-react-count\">0<\/span>\n                                                                        <span class=\"twp-react-percent\"><span>0<\/span> %<\/span>\n                        \n                    <\/div>\n                <\/div>\n\n                <div class=\"twp-reacts-wrap\">\n                    <a react-data=\"be-react-5\" post-id=\"6787\" class=\"be-face-icons un-reacted\" href=\"javascript:void(0)\">\n                        <img decoding=\"async\" src=\"https:\/\/radionorteatacama.cl\/wp-content\/plugins\/booster-extension\/\/assets\/icon\/surprise.svg\" alt=\"Surprise\">\n                    <\/a>\n                    <div class=\"twp-reaction-title\">Surprise<\/div>\n                    <div class=\"twp-count-percent\">\n                                                    <span style=\"display: none;\" class=\"twp-react-count\">0<\/span>\n                                                                        <span class=\"twp-react-percent\"><span>0<\/span> %<\/span>\n                                            <\/div>\n                <\/div>\n\n            <\/div>\n        <\/div>\n\n    ","protected":false},"excerpt":{"rendered":"<p>Ministros de Relaciones Exteriores, Hacienda y Miner\u00eda, asistieron a la comisi\u00f3n de Miner\u00eda y Energ\u00eda de la C\u00e1mara, acompa\u00f1ados de la subsecretaria de Relaciones Econ\u00f3micas Internacionales, la vicepresidenta ejecutiva (s) de Cochilco y el presidente del directorio de Codelco. M\u00e1s tarde, se reunieron con senadores de distintas comisiones. futuro no se han visto afectados por [&hellip;]<\/p>\n","protected":false},"author":1,"featured_media":0,"comment_status":"open","ping_status":"open","sticky":false,"template":"","format":"standard","meta":{"_joinchat":[],"footnotes":""},"categories":[1],"tags":[],"class_list":["post-6787","post","type-post","status-publish","format-standard","hentry","category-uncategorized"],"jetpack_featured_media_url":"","blog_post_layout_featured_media_urls":{"thumbnail":"","full":""},"categories_names":{"1":{"name":"Uncategorized","link":"https:\/\/radionorteatacama.cl\/index.php\/category\/uncategorized\/"}},"tags_names":[],"comments_number":"0","_links":{"self":[{"href":"https:\/\/radionorteatacama.cl\/index.php\/wp-json\/wp\/v2\/posts\/6787","targetHints":{"allow":["GET"]}}],"collection":[{"href":"https:\/\/radionorteatacama.cl\/index.php\/wp-json\/wp\/v2\/posts"}],"about":[{"href":"https:\/\/radionorteatacama.cl\/index.php\/wp-json\/wp\/v2\/types\/post"}],"author":[{"embeddable":true,"href":"https:\/\/radionorteatacama.cl\/index.php\/wp-json\/wp\/v2\/users\/1"}],"replies":[{"embeddable":true,"href":"https:\/\/radionorteatacama.cl\/index.php\/wp-json\/wp\/v2\/comments?post=6787"}],"version-history":[{"count":1,"href":"https:\/\/radionorteatacama.cl\/index.php\/wp-json\/wp\/v2\/posts\/6787\/revisions"}],"predecessor-version":[{"id":6788,"href":"https:\/\/radionorteatacama.cl\/index.php\/wp-json\/wp\/v2\/posts\/6787\/revisions\/6788"}],"wp:attachment":[{"href":"https:\/\/radionorteatacama.cl\/index.php\/wp-json\/wp\/v2\/media?parent=6787"}],"wp:term":[{"taxonomy":"category","embeddable":true,"href":"https:\/\/radionorteatacama.cl\/index.php\/wp-json\/wp\/v2\/categories?post=6787"},{"taxonomy":"post_tag","embeddable":true,"href":"https:\/\/radionorteatacama.cl\/index.php\/wp-json\/wp\/v2\/tags?post=6787"}],"curies":[{"name":"wp","href":"https:\/\/api.w.org\/{rel}","templated":true}]}}