{"id":6785,"date":"2025-07-16T22:05:09","date_gmt":"2025-07-16T22:05:09","guid":{"rendered":"https:\/\/radionorteatacama.cl\/?p=6785"},"modified":"2025-07-16T22:05:09","modified_gmt":"2025-07-16T22:05:09","slug":"avanzamos-en-el-acceso-pleno-a-la-pgu","status":"publish","type":"post","link":"https:\/\/radionorteatacama.cl\/index.php\/2025\/07\/16\/avanzamos-en-el-acceso-pleno-a-la-pgu\/","title":{"rendered":"Avanzamos en el acceso pleno a la PGU"},"content":{"rendered":"<div class='booster-block booster-read-block'>\n                <div class=\"twp-read-time\">\n                \t<i class=\"booster-icon twp-clock\"><\/i> <span>Read Time:<\/span>3 Minute, 28 Second                <\/div>\n\n            <\/div><p>Como Estado progresamos hacia una seguridad social con memoria, justicia y equidad.<\/p>\n<p>La Reforma de Pensiones contin\u00faa avanzando e impactando positivamente en mejores condiciones de vida de las personas. Pr\u00f3ximamente quienes han sido beneficiarias de leyes de reparaci\u00f3n y pensiones de gracia que tengan 82 a\u00f1os o m\u00e1s cumplidos al 1 de septiembre de 2025 pueden ingresar, su solicitud de Pensi\u00f3n Garantizada Universal (PGU). Esto permitir\u00e1 evaluar con anticipaci\u00f3n sus antecedentes para que reciban su pago en septiembre si cumplen con los requisitos. Previo a realizar la solicitud, estas personas deben contar con su Registro Social de Hogares.<\/p>\n<p>De esta manera nuestro pa\u00eds ha avanzado en la manera de entender la reparaci\u00f3n como una obligaci\u00f3n del Estado que no es incompatible con la Pensi\u00f3n Garantizada Universal que contempla aumentar las pensiones, pues antes de este cambio legislativo impulsado por la Ley N\u00b0 21.735 las personas que recib\u00edan una pensi\u00f3n de reparaci\u00f3n ten\u00edan limitaciones para solicitar la PGU y elegir entre la reparaci\u00f3n integral y la seguridad social, ambas competencias del Estado.<\/p>\n<p>Como Gobierno cumplimos con el compromiso del Presidente Gabriel Boric de avanzar en una reforma de pensiones que beneficie a todas las personas, y que viene a resguardar los derechos de las v\u00edctimas de la dictadura civil militar que han sido beneficiarias de las Leyes Valech, Rettig y de Exonerados Pol\u00edticos. Por ello, recibimos esta legislaci\u00f3n como un avance concreto hacia una mayor justicia previsional, pues permite que las personas beneficiarias de leyes de reparaci\u00f3n puedan acceder al monto completo de la PGU representando un reconocimiento necesario y justo.<\/p>\n<p>Hasta hoy, la mayor parte de quienes reciben beneficios de reparaci\u00f3n no tienen la PGU. Solo acceden a una parte de ella, en muy pocos casos, cuando su pensi\u00f3n de reparaci\u00f3n (Exonerados, Valech o Rettig) o de gracia es menor al monto m\u00e1ximo de la PGU. Desde ahora, con la Ley N\u00b0 21.735, si cumplen todos los requisitos podr\u00e1n recibir el monto completo del beneficio ($250.000 mensuales), seg\u00fan un calendario por tramos de edad.<\/p>\n<p>Cabe recordar, adem\u00e1s, que en el mismo mes de septiembre la PGU subir\u00e1 a $250.000 para todas las personas de 82 o m\u00e1s a\u00f1os que ya la est\u00e9n recibiendo, sin necesidad de hacer una solicitud. Para los dem\u00e1s grupos de edad, hay un calendario que culmina el 2027, y que contempla este aumento en sus pensiones m\u00e1s el reajuste del IPC para los mayores de 75 a\u00f1os en septiembre del 2026 y que en septiembre del 2027 incluir\u00e1 a todos los mayores de 65 a\u00f1os.<\/p>\n<p>Para los Ministerios de Justicia y Derechos Humanos, y de Trabajo y Previsi\u00f3n Social esto representa un gran avance, pues permite a quienes han sido v\u00edctimas de la dictadura civil militar no tener que renunciar a la reparaci\u00f3n econ\u00f3mica otorgada por el Estado tras haber sufrido graves vulneraciones a sus derechos humanos durante dicho per\u00edodo, a cambio de obtener un tambi\u00e9n justo beneficio de seguridad social.<\/p>\n<p>El ampliar la cobertura de la PGU a beneficiarios de leyes de reparaci\u00f3n refleja el fortalecimiento de una pol\u00edtica p\u00fablica que pone al centro la dignidad de las personas mayores. Esta medida no solo mejora las pensiones de hoy, tambi\u00e9n repara una deuda del pasado. Reconocer a personas que vivieron las consecuencias de la represi\u00f3n pol\u00edtica a trav\u00e9s del acceso pleno a la PGU es una se\u00f1al clara de que como Estado avanzamos hacia una seguridad social con memoria, justicia y equidad para todas las generaciones.<\/p>\n<p>Cabe consignar que el grupo acotado de personas de 82 a\u00f1os y m\u00e1s con beneficios de reparaci\u00f3n o pensiones de gracia que, debido a su bajo monto de pensi\u00f3n, ya recibe un complemento de la PGU, no necesita hacer una solicitud. Su Pensi\u00f3n Garantizada Universal se reajustar\u00e1 de forma autom\u00e1tica desde septiembre de 2025.<\/p>\n<p>Las solicitudes se realizan en www.chileatiende.cl o en sucursales ChileAtiende. Adem\u00e1s el IPS ha habilitado distintas maneras de solicitar el beneficio, a trav\u00e9s de videoatenci\u00f3n conectando con un ejecutivo o mediante una videollamada a trav\u00e9s del tel\u00e9fono o computador. Para mayor orientaci\u00f3n, se puede llamar al tel\u00e9fono 101, al 600 440 0040 o escribir a las redes sociales @ChileAtiende en X, Facebook e Instagram.<\/p>\n        <div class=\"booster-block booster-reactions-block\">\n            <div class=\"twp-reactions-icons\">\n                \n                <div class=\"twp-reacts-wrap\">\n                    <a react-data=\"be-react-1\" post-id=\"6785\" class=\"be-face-icons un-reacted\" href=\"javascript:void(0)\">\n                        <img decoding=\"async\" src=\"https:\/\/radionorteatacama.cl\/wp-content\/plugins\/booster-extension\/\/assets\/icon\/happy.svg\" alt=\"Happy\">\n                    <\/a>\n                    <div class=\"twp-reaction-title\">\n                        Happy                    <\/div>\n                    <div class=\"twp-count-percent\">\n                                                    <span style=\"display: none;\" class=\"twp-react-count\">0<\/span>\n                        \n                                                <span class=\"twp-react-percent\"><span>0<\/span> %<\/span>\n                                            <\/div>\n                <\/div>\n\n                <div class=\"twp-reacts-wrap\">\n                    <a react-data=\"be-react-2\" post-id=\"6785\" class=\"be-face-icons un-reacted\" href=\"javascript:void(0)\">\n                        <img decoding=\"async\" src=\"https:\/\/radionorteatacama.cl\/wp-content\/plugins\/booster-extension\/\/assets\/icon\/sad.svg\" alt=\"Sad\">\n                    <\/a>\n                    <div class=\"twp-reaction-title\">\n                        Sad                    <\/div>\n                    <div class=\"twp-count-percent\">\n                                                    <span style=\"display: none;\" class=\"twp-react-count\">0<\/span>\n                                                                        <span class=\"twp-react-percent\"><span>0<\/span> %<\/span>\n                                            <\/div>\n                <\/div>\n\n                <div class=\"twp-reacts-wrap\">\n                    <a react-data=\"be-react-3\" post-id=\"6785\" class=\"be-face-icons un-reacted\" href=\"javascript:void(0)\">\n                        <img decoding=\"async\" src=\"https:\/\/radionorteatacama.cl\/wp-content\/plugins\/booster-extension\/\/assets\/icon\/excited.svg\" alt=\"Excited\">\n                    <\/a>\n                    <div class=\"twp-reaction-title\">\n                        Excited                    <\/div>\n                    <div class=\"twp-count-percent\">\n                                                    <span style=\"display: none;\" class=\"twp-react-count\">0<\/span>\n                                                                        <span class=\"twp-react-percent\"><span>0<\/span> %<\/span>\n                                            <\/div>\n                <\/div>\n\n                <div class=\"twp-reacts-wrap\">\n                    <a react-data=\"be-react-6\" post-id=\"6785\" class=\"be-face-icons un-reacted\" href=\"javascript:void(0)\">\n                        <img decoding=\"async\" src=\"https:\/\/radionorteatacama.cl\/wp-content\/plugins\/booster-extension\/\/assets\/icon\/sleepy.svg\" alt=\"Sleepy\">\n                    <\/a>\n                    <div class=\"twp-reaction-title\">\n                        Sleepy                    <\/div>\n                    <div class=\"twp-count-percent\">\n                                                    <span style=\"display: none;\" class=\"twp-react-count\">0<\/span>\n                        \n                                                <span class=\"twp-react-percent\"><span>0<\/span> %<\/span>\n                                            <\/div>\n                <\/div>\n\n                <div class=\"twp-reacts-wrap\">\n                    <a react-data=\"be-react-4\" post-id=\"6785\" class=\"be-face-icons un-reacted\" href=\"javascript:void(0)\">\n                        <img decoding=\"async\" src=\"https:\/\/radionorteatacama.cl\/wp-content\/plugins\/booster-extension\/\/assets\/icon\/angry.svg\" alt=\"Angry\">\n                    <\/a>\n                    <div class=\"twp-reaction-title\">Angry<\/div>\n                    <div class=\"twp-count-percent\">\n                                                    <span style=\"display: none;\" class=\"twp-react-count\">0<\/span>\n                                                                        <span class=\"twp-react-percent\"><span>0<\/span> %<\/span>\n                        \n                    <\/div>\n                <\/div>\n\n                <div class=\"twp-reacts-wrap\">\n                    <a react-data=\"be-react-5\" post-id=\"6785\" class=\"be-face-icons un-reacted\" href=\"javascript:void(0)\">\n                        <img decoding=\"async\" src=\"https:\/\/radionorteatacama.cl\/wp-content\/plugins\/booster-extension\/\/assets\/icon\/surprise.svg\" alt=\"Surprise\">\n                    <\/a>\n                    <div class=\"twp-reaction-title\">Surprise<\/div>\n                    <div class=\"twp-count-percent\">\n                                                    <span style=\"display: none;\" class=\"twp-react-count\">0<\/span>\n                                                                        <span class=\"twp-react-percent\"><span>0<\/span> %<\/span>\n                                            <\/div>\n                <\/div>\n\n            <\/div>\n        <\/div>\n\n    ","protected":false},"excerpt":{"rendered":"<p>Como Estado progresamos hacia una seguridad social con memoria, justicia y equidad. La Reforma de Pensiones contin\u00faa avanzando e impactando positivamente en mejores condiciones de vida de las personas. Pr\u00f3ximamente quienes han sido beneficiarias de leyes de reparaci\u00f3n y pensiones de gracia que tengan 82 a\u00f1os o m\u00e1s cumplidos al 1 de septiembre de 2025 [&hellip;]<\/p>\n","protected":false},"author":1,"featured_media":0,"comment_status":"open","ping_status":"open","sticky":false,"template":"","format":"standard","meta":{"_joinchat":[],"footnotes":""},"categories":[1],"tags":[],"class_list":["post-6785","post","type-post","status-publish","format-standard","hentry","category-uncategorized"],"jetpack_featured_media_url":"","blog_post_layout_featured_media_urls":{"thumbnail":"","full":""},"categories_names":{"1":{"name":"Uncategorized","link":"https:\/\/radionorteatacama.cl\/index.php\/category\/uncategorized\/"}},"tags_names":[],"comments_number":"0","_links":{"self":[{"href":"https:\/\/radionorteatacama.cl\/index.php\/wp-json\/wp\/v2\/posts\/6785","targetHints":{"allow":["GET"]}}],"collection":[{"href":"https:\/\/radionorteatacama.cl\/index.php\/wp-json\/wp\/v2\/posts"}],"about":[{"href":"https:\/\/radionorteatacama.cl\/index.php\/wp-json\/wp\/v2\/types\/post"}],"author":[{"embeddable":true,"href":"https:\/\/radionorteatacama.cl\/index.php\/wp-json\/wp\/v2\/users\/1"}],"replies":[{"embeddable":true,"href":"https:\/\/radionorteatacama.cl\/index.php\/wp-json\/wp\/v2\/comments?post=6785"}],"version-history":[{"count":1,"href":"https:\/\/radionorteatacama.cl\/index.php\/wp-json\/wp\/v2\/posts\/6785\/revisions"}],"predecessor-version":[{"id":6786,"href":"https:\/\/radionorteatacama.cl\/index.php\/wp-json\/wp\/v2\/posts\/6785\/revisions\/6786"}],"wp:attachment":[{"href":"https:\/\/radionorteatacama.cl\/index.php\/wp-json\/wp\/v2\/media?parent=6785"}],"wp:term":[{"taxonomy":"category","embeddable":true,"href":"https:\/\/radionorteatacama.cl\/index.php\/wp-json\/wp\/v2\/categories?post=6785"},{"taxonomy":"post_tag","embeddable":true,"href":"https:\/\/radionorteatacama.cl\/index.php\/wp-json\/wp\/v2\/tags?post=6785"}],"curies":[{"name":"wp","href":"https:\/\/api.w.org\/{rel}","templated":true}]}}