{"id":6783,"date":"2025-07-16T22:03:13","date_gmt":"2025-07-16T22:03:13","guid":{"rendered":"https:\/\/radionorteatacama.cl\/?p=6783"},"modified":"2025-07-16T22:03:13","modified_gmt":"2025-07-16T22:03:13","slug":"ministra-del-medio-ambiente-visito-escuela-rural-san-pedro-en-copiapo","status":"publish","type":"post","link":"https:\/\/radionorteatacama.cl\/index.php\/2025\/07\/16\/ministra-del-medio-ambiente-visito-escuela-rural-san-pedro-en-copiapo\/","title":{"rendered":"Ministra del Medio Ambiente visit\u00f3 escuela rural San Pedro en Copiap\u00f3"},"content":{"rendered":"<div class='booster-block booster-read-block'>\n                <div class=\"twp-read-time\">\n                \t<i class=\"booster-icon twp-clock\"><\/i> <span>Read Time:<\/span>2 Minute, 48 Second                <\/div>\n\n            <\/div><p>En el marco de la Cuenta P\u00fablica en la que la secretaria de Estado Maisa Rojas y el subsecretario de la cartera Maximiliano Proa\u00f1o expusieron a la ciudadan\u00eda el legado del Gobierno en materia medioambiental, la ministra visit\u00f3 un establecimiento rural con sello agr\u00edcola certificado por su ministerio que ejemplifica c\u00f3mo la sustentabilidad se puede construir desde los territorios.<\/p>\n<p>La escuela rural certificada por el programa SNCAE que visit\u00f3 la ministra Maisa Rojas en la antesala de su \u00faltima Cuenta P\u00fablica Participativa que realiz\u00f3 en la Sala de C\u00e1mara Municipal de Copiap\u00f3 el pasado jueves 10 de julio, concentra a ni\u00f1os y ni\u00f1as de los sectores circundantes a la hacienda San Pedro, y est\u00e1 ubicada en el kil\u00f3metro 830 al noroeste de la capital regional de Atacama.<\/p>\n<p>Este establecimiento con sello agr\u00edcola cultiva una profunda relaci\u00f3n con el cuidado del medioambiente. Sus estudiantes trabajan en un proyecto de atrapanieblas para regar sus huertos y tambi\u00e9n ejecutan un programa para la protecci\u00f3n y recuperaci\u00f3n de especies de flora nativa mediante viveros para cultivo de cact\u00e1ceas, suculentas, cha\u00f1ar, algarrobos, etc. De igual manera, desarrollan ferias ambientales donde exhiben sus productos agr\u00edcolas, los que siembran bajo la l\u00f3gica de agricultura org\u00e1nica y un bajo consumo h\u00eddrico.<\/p>\n<p>La ministra fue recibida por su directora Estella Castillo, la avanzada ambiental y los propios estudiantes quienes le cantaron la canci\u00f3n colla \u201cFiesta del Floreo\u201d de la educadora tradicional Mireya Morales. Todos compartieron un desayuno campestre y recorrieron con la ministra, con la seremi del Medio Ambiente y el seremi de Educaci\u00f3n en Atacama, Natalia Penroz y Pablo Selles respectivamente, las instalaciones.<\/p>\n<p>La ministra Maisa Rojas afirm\u00f3 que desde el MMA valoran este proyecto educativo que ocupa las t\u00e9cnicas b\u00e1sicas de agricultura para el desarrollo personal. \u201cIniciativas como las que lleva adelante la escuela San Pedro demuestran que es posible construir la sustentabilidad desde los territorios y que la educaci\u00f3n ambiental es un pilar fundamental para transitar hacia una sociedad socioecol\u00f3gicamente justa,<\/p>\n<p>promoviendo valores como la solidaridad, respeto y austeridad que tiendan a movilizar a la ciudadan\u00eda hacia la acci\u00f3n clim\u00e1tica\u201d, se\u00f1al\u00f3.<\/p>\n<p>Por su parte, Pablo Selles, seremi de Educaci\u00f3n de la regi\u00f3n de Atacama, coment\u00f3 que fue \u201chermoso y conmovedor ver las distintas acciones que en la escuela est\u00e1n realizando, pues ves que en los colegios se puede construir una nueva relaci\u00f3n con el medioambiente, garantizando un futuro libre de contaminaci\u00f3n y m\u00e1s saludable para nuestros ni\u00f1os y ni\u00f1as\u201d.<\/p>\n<p>El SNCAE, en sus 20 a\u00f1os de existencia, ha logrado comprometer a miles de comunidades educativas, generando un trabajo directo con los territorios en los cuales se insertan. La directora Estella Castillo cuenta que el programa del ministerio del Medio Ambiente ha sido, en ese sentido, inspirador.<\/p>\n<p>\u201cEstamos muy contentos de que la Ministra y la Seremi que hoy est\u00e1n detr\u00e1s del SNCAE est\u00e9n aqu\u00ed y conozcan el trabajo que estamos realizando. Somos una escuela que trabaja con certificaci\u00f3n ambiental por el desarrollo integral de nuestros estudiantes. Estas iniciativas permiten que los ni\u00f1as y ni\u00f1os salgan al mundo con sello agr\u00edcola e intercultural\u201d.<\/p>\n<p>Durante el presente a\u00f1o, la Escuela San Pedro se encuentra participando del proceso de Revalidaci\u00f3n de su Certificaci\u00f3n Ambiental en el Sistema Nacional de Certificaci\u00f3n Ambiental de Establecimientos Educacionales (SNCAE) programa que busca empoderar a las comunidades educativas y vecinas para participar de manera significativa en las decisiones que afectan sus vidas y su entorno<\/p>\n        <div class=\"booster-block booster-reactions-block\">\n            <div class=\"twp-reactions-icons\">\n                \n                <div class=\"twp-reacts-wrap\">\n                    <a react-data=\"be-react-1\" post-id=\"6783\" class=\"be-face-icons un-reacted\" href=\"javascript:void(0)\">\n                        <img decoding=\"async\" src=\"https:\/\/radionorteatacama.cl\/wp-content\/plugins\/booster-extension\/\/assets\/icon\/happy.svg\" alt=\"Happy\">\n                    <\/a>\n                    <div class=\"twp-reaction-title\">\n                        Happy                    <\/div>\n                    <div class=\"twp-count-percent\">\n                                                    <span style=\"display: none;\" class=\"twp-react-count\">0<\/span>\n                        \n                                                <span class=\"twp-react-percent\"><span>0<\/span> %<\/span>\n                                            <\/div>\n                <\/div>\n\n                <div class=\"twp-reacts-wrap\">\n                    <a react-data=\"be-react-2\" post-id=\"6783\" class=\"be-face-icons un-reacted\" href=\"javascript:void(0)\">\n                        <img decoding=\"async\" src=\"https:\/\/radionorteatacama.cl\/wp-content\/plugins\/booster-extension\/\/assets\/icon\/sad.svg\" alt=\"Sad\">\n                    <\/a>\n                    <div class=\"twp-reaction-title\">\n                        Sad                    <\/div>\n                    <div class=\"twp-count-percent\">\n                                                    <span style=\"display: none;\" class=\"twp-react-count\">0<\/span>\n                                                                        <span class=\"twp-react-percent\"><span>0<\/span> %<\/span>\n                                            <\/div>\n                <\/div>\n\n                <div class=\"twp-reacts-wrap\">\n                    <a react-data=\"be-react-3\" post-id=\"6783\" class=\"be-face-icons un-reacted\" href=\"javascript:void(0)\">\n                        <img decoding=\"async\" src=\"https:\/\/radionorteatacama.cl\/wp-content\/plugins\/booster-extension\/\/assets\/icon\/excited.svg\" alt=\"Excited\">\n                    <\/a>\n                    <div class=\"twp-reaction-title\">\n                        Excited                    <\/div>\n                    <div class=\"twp-count-percent\">\n                                                    <span style=\"display: none;\" class=\"twp-react-count\">0<\/span>\n                                                                        <span class=\"twp-react-percent\"><span>0<\/span> %<\/span>\n                                            <\/div>\n                <\/div>\n\n                <div class=\"twp-reacts-wrap\">\n                    <a react-data=\"be-react-6\" post-id=\"6783\" class=\"be-face-icons un-reacted\" href=\"javascript:void(0)\">\n                        <img decoding=\"async\" src=\"https:\/\/radionorteatacama.cl\/wp-content\/plugins\/booster-extension\/\/assets\/icon\/sleepy.svg\" alt=\"Sleepy\">\n                    <\/a>\n                    <div class=\"twp-reaction-title\">\n                        Sleepy                    <\/div>\n                    <div class=\"twp-count-percent\">\n                                                    <span style=\"display: none;\" class=\"twp-react-count\">0<\/span>\n                        \n                                                <span class=\"twp-react-percent\"><span>0<\/span> %<\/span>\n                                            <\/div>\n                <\/div>\n\n                <div class=\"twp-reacts-wrap\">\n                    <a react-data=\"be-react-4\" post-id=\"6783\" class=\"be-face-icons un-reacted\" href=\"javascript:void(0)\">\n                        <img decoding=\"async\" src=\"https:\/\/radionorteatacama.cl\/wp-content\/plugins\/booster-extension\/\/assets\/icon\/angry.svg\" alt=\"Angry\">\n                    <\/a>\n                    <div class=\"twp-reaction-title\">Angry<\/div>\n                    <div class=\"twp-count-percent\">\n                                                    <span style=\"display: none;\" class=\"twp-react-count\">0<\/span>\n                                                                        <span class=\"twp-react-percent\"><span>0<\/span> %<\/span>\n                        \n                    <\/div>\n                <\/div>\n\n                <div class=\"twp-reacts-wrap\">\n                    <a react-data=\"be-react-5\" post-id=\"6783\" class=\"be-face-icons un-reacted\" href=\"javascript:void(0)\">\n                        <img decoding=\"async\" src=\"https:\/\/radionorteatacama.cl\/wp-content\/plugins\/booster-extension\/\/assets\/icon\/surprise.svg\" alt=\"Surprise\">\n                    <\/a>\n                    <div class=\"twp-reaction-title\">Surprise<\/div>\n                    <div class=\"twp-count-percent\">\n                                                    <span style=\"display: none;\" class=\"twp-react-count\">0<\/span>\n                                                                        <span class=\"twp-react-percent\"><span>0<\/span> %<\/span>\n                                            <\/div>\n                <\/div>\n\n            <\/div>\n        <\/div>\n\n    ","protected":false},"excerpt":{"rendered":"<p>En el marco de la Cuenta P\u00fablica en la que la secretaria de Estado Maisa Rojas y el subsecretario de la cartera Maximiliano Proa\u00f1o expusieron a la ciudadan\u00eda el legado del Gobierno en materia medioambiental, la ministra visit\u00f3 un establecimiento rural con sello agr\u00edcola certificado por su ministerio que ejemplifica c\u00f3mo la sustentabilidad se puede [&hellip;]<\/p>\n","protected":false},"author":1,"featured_media":0,"comment_status":"open","ping_status":"open","sticky":false,"template":"","format":"standard","meta":{"_joinchat":[],"footnotes":""},"categories":[1],"tags":[],"class_list":["post-6783","post","type-post","status-publish","format-standard","hentry","category-uncategorized"],"jetpack_featured_media_url":"","blog_post_layout_featured_media_urls":{"thumbnail":"","full":""},"categories_names":{"1":{"name":"Uncategorized","link":"https:\/\/radionorteatacama.cl\/index.php\/category\/uncategorized\/"}},"tags_names":[],"comments_number":"0","_links":{"self":[{"href":"https:\/\/radionorteatacama.cl\/index.php\/wp-json\/wp\/v2\/posts\/6783","targetHints":{"allow":["GET"]}}],"collection":[{"href":"https:\/\/radionorteatacama.cl\/index.php\/wp-json\/wp\/v2\/posts"}],"about":[{"href":"https:\/\/radionorteatacama.cl\/index.php\/wp-json\/wp\/v2\/types\/post"}],"author":[{"embeddable":true,"href":"https:\/\/radionorteatacama.cl\/index.php\/wp-json\/wp\/v2\/users\/1"}],"replies":[{"embeddable":true,"href":"https:\/\/radionorteatacama.cl\/index.php\/wp-json\/wp\/v2\/comments?post=6783"}],"version-history":[{"count":1,"href":"https:\/\/radionorteatacama.cl\/index.php\/wp-json\/wp\/v2\/posts\/6783\/revisions"}],"predecessor-version":[{"id":6784,"href":"https:\/\/radionorteatacama.cl\/index.php\/wp-json\/wp\/v2\/posts\/6783\/revisions\/6784"}],"wp:attachment":[{"href":"https:\/\/radionorteatacama.cl\/index.php\/wp-json\/wp\/v2\/media?parent=6783"}],"wp:term":[{"taxonomy":"category","embeddable":true,"href":"https:\/\/radionorteatacama.cl\/index.php\/wp-json\/wp\/v2\/categories?post=6783"},{"taxonomy":"post_tag","embeddable":true,"href":"https:\/\/radionorteatacama.cl\/index.php\/wp-json\/wp\/v2\/tags?post=6783"}],"curies":[{"name":"wp","href":"https:\/\/api.w.org\/{rel}","templated":true}]}}