{"id":6779,"date":"2025-07-16T21:56:18","date_gmt":"2025-07-16T21:56:18","guid":{"rendered":"https:\/\/radionorteatacama.cl\/?p=6779"},"modified":"2025-07-16T21:56:36","modified_gmt":"2025-07-16T21:56:36","slug":"invitan-a-participar-en-la-encuesta-de-las-diversidades-del-ine","status":"publish","type":"post","link":"https:\/\/radionorteatacama.cl\/index.php\/2025\/07\/16\/invitan-a-participar-en-la-encuesta-de-las-diversidades-del-ine\/","title":{"rendered":"Invitan a participar en la Encuesta de las Diversidades del INE"},"content":{"rendered":"<div class='booster-block booster-read-block'>\n                <div class=\"twp-read-time\">\n                \t<i class=\"booster-icon twp-clock\"><\/i> <span>Read Time:<\/span>2 Minute, 7 Second                <\/div>\n\n            <\/div><p>La consulta estar\u00e1 disponible hasta el mes de septiembre en la web ine.gob.cl\/encuestadiversidades<\/p>\n<p>La Seremi de Gobierno de la Regi\u00f3n de Coquimbo, Paulina Mora, hizo un llamado a todas las personas que se sientan convocadas a participar en la Encuesta de las Diversidades, iniciativa impulsada por el Instituto Nacional de Estad\u00edsticas (INE), con el objetivo de visibilizar y comprender las realidades que viven las diversidades sexo-gen\u00e9ricas en Chile.<\/p>\n<p>\u201cEn nuestro Gobierno creemos firmemente que para construir un pa\u00eds m\u00e1s inclusivo y con igualdad de derechos es fundamental contar con datos reales, que reflejen las vivencias de las personas LGBTIQ+. Por eso, esta encuesta es una herramienta clave para avanzar en pol\u00edticas p\u00fablicas que respondan a sus necesidades y garanticen el respeto y la dignidad de todas las personas\u201d, se\u00f1al\u00f3 la Seremi Paulina Mora.<\/p>\n<p>\u00bfQu\u00e9 se consulta en esta encuesta? La Encuesta de las Diversidades recoge informaci\u00f3n sobre identidad de g\u00e9nero, orientaci\u00f3n sexual, discriminaci\u00f3n, acceso a servicios, redes de apoyo y condiciones de vida de las personas LGBTIQ+. Todos los datos son estrictamente confidenciales y se utilizan exclusivamente con fines estad\u00edsticos.<\/p>\n<p>En la medici\u00f3n pueden participar personas de 14 a\u00f1os o m\u00e1s que se identifiquen como parte de las diversidades sexuales y de g\u00e9nero y que residan en Chile. La participaci\u00f3n es voluntaria, an\u00f3nima y segura.<\/p>\n<p>Dentro de la encuesta se encuentran preguntas relacionadas con las caracter\u00edsticas sociodemogr\u00e1ficas, la identidad de g\u00e9nero y orientaci\u00f3n sexual, familia, educaci\u00f3n, trabajo, salud, participaci\u00f3n y redes<\/p>\n<p>La autoridad agreg\u00f3 que para ser parte de la instancia no se solicitar\u00e1 informaci\u00f3n que permita determinar la identidad personal, como nombre, domicilio, RUT o Pasaporte.<\/p>\n<p>\u00bfC\u00f3mo participar? La encuesta est\u00e1 disponible en l\u00ednea a trav\u00e9s del sitio web oficial del INE https:\/\/www.ine.gob.cl\/encuestadiversidades<\/p>\n<p>La encuesta estar\u00e1 habilitada desde julio hasta septiembre de 2025, y s\u00f3lo toma unos minutos completarla.<\/p>\n<p>\u201cLa invitaci\u00f3n es clara: si te sientes parte de estas diversidades, tu voz es fundamental. Participar es un acto de valent\u00eda y tambi\u00e9n de esperanza para avanzar hacia una sociedad m\u00e1s inclusiva y as\u00ed generar pol\u00edticas p\u00fablicas acordes a la realidad que estamos viviendo, porque entre todas y todos construimos un pa\u00eds m\u00e1s digno y respetuoso de la diversidad\u201d, concluy\u00f3 la Seremi.<\/p>\n<p>Cabe se\u00f1alar que todos los datos personales que se entreguen en el cuestionario ser\u00e1n tratados con absoluta confidencialidad. Seg\u00fan lo estipulado en los art\u00edculos 29 y 30 de la Ley N\u00b017.374, toda informaci\u00f3n recopilada se encuentra protegida por el \u201cSecreto Estad\u00edstico\u201d, no pudiendo ser divulgada por el \u00f3rgano requirente haciendo alusi\u00f3n a quie<\/p>\n        <div class=\"booster-block booster-reactions-block\">\n            <div class=\"twp-reactions-icons\">\n                \n                <div class=\"twp-reacts-wrap\">\n                    <a react-data=\"be-react-1\" post-id=\"6779\" class=\"be-face-icons un-reacted\" href=\"javascript:void(0)\">\n                        <img decoding=\"async\" src=\"https:\/\/radionorteatacama.cl\/wp-content\/plugins\/booster-extension\/\/assets\/icon\/happy.svg\" alt=\"Happy\">\n                    <\/a>\n                    <div class=\"twp-reaction-title\">\n                        Happy                    <\/div>\n                    <div class=\"twp-count-percent\">\n                                                    <span style=\"display: none;\" class=\"twp-react-count\">0<\/span>\n                        \n                                                <span class=\"twp-react-percent\"><span>0<\/span> %<\/span>\n                                            <\/div>\n                <\/div>\n\n                <div class=\"twp-reacts-wrap\">\n                    <a react-data=\"be-react-2\" post-id=\"6779\" class=\"be-face-icons un-reacted\" href=\"javascript:void(0)\">\n                        <img decoding=\"async\" src=\"https:\/\/radionorteatacama.cl\/wp-content\/plugins\/booster-extension\/\/assets\/icon\/sad.svg\" alt=\"Sad\">\n                    <\/a>\n                    <div class=\"twp-reaction-title\">\n                        Sad                    <\/div>\n                    <div class=\"twp-count-percent\">\n                                                    <span style=\"display: none;\" class=\"twp-react-count\">0<\/span>\n                                                                        <span class=\"twp-react-percent\"><span>0<\/span> %<\/span>\n                                            <\/div>\n                <\/div>\n\n                <div class=\"twp-reacts-wrap\">\n                    <a react-data=\"be-react-3\" post-id=\"6779\" class=\"be-face-icons un-reacted\" href=\"javascript:void(0)\">\n                        <img decoding=\"async\" src=\"https:\/\/radionorteatacama.cl\/wp-content\/plugins\/booster-extension\/\/assets\/icon\/excited.svg\" alt=\"Excited\">\n                    <\/a>\n                    <div class=\"twp-reaction-title\">\n                        Excited                    <\/div>\n                    <div class=\"twp-count-percent\">\n                                                    <span style=\"display: none;\" class=\"twp-react-count\">0<\/span>\n                                                                        <span class=\"twp-react-percent\"><span>0<\/span> %<\/span>\n                                            <\/div>\n                <\/div>\n\n                <div class=\"twp-reacts-wrap\">\n                    <a react-data=\"be-react-6\" post-id=\"6779\" class=\"be-face-icons un-reacted\" href=\"javascript:void(0)\">\n                        <img decoding=\"async\" src=\"https:\/\/radionorteatacama.cl\/wp-content\/plugins\/booster-extension\/\/assets\/icon\/sleepy.svg\" alt=\"Sleepy\">\n                    <\/a>\n                    <div class=\"twp-reaction-title\">\n                        Sleepy                    <\/div>\n                    <div class=\"twp-count-percent\">\n                                                    <span style=\"display: none;\" class=\"twp-react-count\">0<\/span>\n                        \n                                                <span class=\"twp-react-percent\"><span>0<\/span> %<\/span>\n                                            <\/div>\n                <\/div>\n\n                <div class=\"twp-reacts-wrap\">\n                    <a react-data=\"be-react-4\" post-id=\"6779\" class=\"be-face-icons un-reacted\" href=\"javascript:void(0)\">\n                        <img decoding=\"async\" src=\"https:\/\/radionorteatacama.cl\/wp-content\/plugins\/booster-extension\/\/assets\/icon\/angry.svg\" alt=\"Angry\">\n                    <\/a>\n                    <div class=\"twp-reaction-title\">Angry<\/div>\n                    <div class=\"twp-count-percent\">\n                                                    <span style=\"display: none;\" class=\"twp-react-count\">0<\/span>\n                                                                        <span class=\"twp-react-percent\"><span>0<\/span> %<\/span>\n                        \n                    <\/div>\n                <\/div>\n\n                <div class=\"twp-reacts-wrap\">\n                    <a react-data=\"be-react-5\" post-id=\"6779\" class=\"be-face-icons un-reacted\" href=\"javascript:void(0)\">\n                        <img decoding=\"async\" src=\"https:\/\/radionorteatacama.cl\/wp-content\/plugins\/booster-extension\/\/assets\/icon\/surprise.svg\" alt=\"Surprise\">\n                    <\/a>\n                    <div class=\"twp-reaction-title\">Surprise<\/div>\n                    <div class=\"twp-count-percent\">\n                                                    <span style=\"display: none;\" class=\"twp-react-count\">0<\/span>\n                                                                        <span class=\"twp-react-percent\"><span>0<\/span> %<\/span>\n                                            <\/div>\n                <\/div>\n\n            <\/div>\n        <\/div>\n\n    ","protected":false},"excerpt":{"rendered":"<p>La consulta estar\u00e1 disponible hasta el mes de septiembre en la web ine.gob.cl\/encuestadiversidades La Seremi de Gobierno de la Regi\u00f3n de Coquimbo, Paulina Mora, hizo un llamado a todas las personas que se sientan convocadas a participar en la Encuesta de las Diversidades, iniciativa impulsada por el Instituto Nacional de Estad\u00edsticas (INE), con el objetivo [&hellip;]<\/p>\n","protected":false},"author":1,"featured_media":0,"comment_status":"open","ping_status":"open","sticky":false,"template":"","format":"standard","meta":{"_joinchat":[],"footnotes":""},"categories":[1],"tags":[],"class_list":["post-6779","post","type-post","status-publish","format-standard","hentry","category-uncategorized"],"jetpack_featured_media_url":"","blog_post_layout_featured_media_urls":{"thumbnail":"","full":""},"categories_names":{"1":{"name":"Uncategorized","link":"https:\/\/radionorteatacama.cl\/index.php\/category\/uncategorized\/"}},"tags_names":[],"comments_number":"0","_links":{"self":[{"href":"https:\/\/radionorteatacama.cl\/index.php\/wp-json\/wp\/v2\/posts\/6779","targetHints":{"allow":["GET"]}}],"collection":[{"href":"https:\/\/radionorteatacama.cl\/index.php\/wp-json\/wp\/v2\/posts"}],"about":[{"href":"https:\/\/radionorteatacama.cl\/index.php\/wp-json\/wp\/v2\/types\/post"}],"author":[{"embeddable":true,"href":"https:\/\/radionorteatacama.cl\/index.php\/wp-json\/wp\/v2\/users\/1"}],"replies":[{"embeddable":true,"href":"https:\/\/radionorteatacama.cl\/index.php\/wp-json\/wp\/v2\/comments?post=6779"}],"version-history":[{"count":1,"href":"https:\/\/radionorteatacama.cl\/index.php\/wp-json\/wp\/v2\/posts\/6779\/revisions"}],"predecessor-version":[{"id":6780,"href":"https:\/\/radionorteatacama.cl\/index.php\/wp-json\/wp\/v2\/posts\/6779\/revisions\/6780"}],"wp:attachment":[{"href":"https:\/\/radionorteatacama.cl\/index.php\/wp-json\/wp\/v2\/media?parent=6779"}],"wp:term":[{"taxonomy":"category","embeddable":true,"href":"https:\/\/radionorteatacama.cl\/index.php\/wp-json\/wp\/v2\/categories?post=6779"},{"taxonomy":"post_tag","embeddable":true,"href":"https:\/\/radionorteatacama.cl\/index.php\/wp-json\/wp\/v2\/tags?post=6779"}],"curies":[{"name":"wp","href":"https:\/\/api.w.org\/{rel}","templated":true}]}}