{"id":6768,"date":"2025-07-16T02:58:41","date_gmt":"2025-07-16T02:58:41","guid":{"rendered":"https:\/\/radionorteatacama.cl\/?p=6768"},"modified":"2025-07-16T02:58:41","modified_gmt":"2025-07-16T02:58:41","slug":"justicia-social-tambien-es-justicia-pesquera","status":"publish","type":"post","link":"https:\/\/radionorteatacama.cl\/index.php\/2025\/07\/16\/justicia-social-tambien-es-justicia-pesquera\/","title":{"rendered":"Justicia social tambi\u00e9n es justicia pesquera"},"content":{"rendered":"<div class='booster-block booster-read-block'>\n                <div class=\"twp-read-time\">\n                \t<i class=\"booster-icon twp-clock\"><\/i> <span>Read Time:<\/span>2 Minute, 7 Second                <\/div>\n\n            <\/div><p>En nuestro pa\u00eds, la justicia social no es solo un ideal: es una acci\u00f3n concreta y transversal que se expresa en cada una de las pol\u00edticas p\u00fablicas que estamos impulsando en el Gobierno del Presidente Gabriel Boric. La reducci\u00f3n de la jornada laboral a 40 horas, la Ley \u201cPapito Coraz\u00f3n\u201d o la reforma a las pensiones son ejemplos visibles de un modelo que pone a las personas en el centro. Pero la justicia social tambi\u00e9n se construye fortaleciendo nuestras actividades productivas con identidad local y pertinencia territorial, como es el caso de la pesca artesanal.<\/p>\n<p>La Ley de Fraccionamiento Pesquero, recientemente aprobada con amplio respaldo en el Congreso, representa un cambio estructural que estaba pendiente desde hace m\u00e1s de una d\u00e9cada. Esta nueva normativa cambia el coraz\u00f3n de la distribuci\u00f3n pesquera, corrigiendo una legislaci\u00f3n anterior cuya legitimidad fue profundamente cuestionada, con antecedentes de corrupci\u00f3n que incluyeron condenas por soborno y cohecho a parlamentarios y a una empresa pesquera.<\/p>\n<p>A diferencia de aquella ley marcada por irregularidades, hoy avanzamos con una legislaci\u00f3n nacida del di\u00e1logo democr\u00e1tico, discutida con transparencia y con participaci\u00f3n activa de los territorios. Esta nueva ley busca un equilibrio que permita el desarrollo de ambos sectores: artesanal e industrial, dotando al pa\u00eds de una normativa moderna, que entrega certezas y oportunidades de acceso, y que incorpora una necesaria reparaci\u00f3n al sector artesanal, hist\u00f3ricamente postergado<\/p>\n<p>Durante d\u00e9cadas, la pesca artesanal se ha visto perjudicada en m\u00faltiples dimensiones: comunidades con menor calidad de vida, flotas desactualizadas, poca capacidad de crecimiento y escaso poder negociador, a pesar de que son precisamente quienes realizan la mayor\u00eda de las capturas. Con esta ley, la cancha est\u00e1 mucho m\u00e1s pareja.<\/p>\n<p>Se estima que habr\u00e1 un traspaso neto de recursos desde la industria hacia los pescadores artesanales por un monto cercano a los 160 millones de d\u00f3lares anuales, esto es una redistribuci\u00f3n justa. No se trata solo de cifras: se trata de dignidad, desarrollo y bienestar para decenas de miles de<\/p>\n<p>familias que viven del mar, y de un impulso real a las econom\u00edas locales de nuestras caletas.<\/p>\n<p>Aqu\u00ed, en la Regi\u00f3n de Coquimbo, donde la pesca artesanal forma parte del alma de nuestro territorio, esta ley representa una transformaci\u00f3n concreta y esperanzadora. Cumplimos con nuestro compromiso de avanzar hacia una pesca m\u00e1s justa, sostenible y transparente, alineada con los valores de un Estado que quiere estar verdaderamente al servicio de las personas.<\/p>\n<p>Hoy celebramos un paso m\u00e1s hacia un pa\u00eds que se construye con equidad, con justicia territorial y con profundo respeto por sus ra\u00edces productivas y sociales.<\/p>\n        <div class=\"booster-block booster-reactions-block\">\n            <div class=\"twp-reactions-icons\">\n                \n                <div class=\"twp-reacts-wrap\">\n                    <a react-data=\"be-react-1\" post-id=\"6768\" class=\"be-face-icons un-reacted\" href=\"javascript:void(0)\">\n                        <img decoding=\"async\" src=\"https:\/\/radionorteatacama.cl\/wp-content\/plugins\/booster-extension\/\/assets\/icon\/happy.svg\" alt=\"Happy\">\n                    <\/a>\n                    <div class=\"twp-reaction-title\">\n                        Happy                    <\/div>\n                    <div class=\"twp-count-percent\">\n                                                    <span style=\"display: none;\" class=\"twp-react-count\">0<\/span>\n                        \n                                                <span class=\"twp-react-percent\"><span>0<\/span> %<\/span>\n                                            <\/div>\n                <\/div>\n\n                <div class=\"twp-reacts-wrap\">\n                    <a react-data=\"be-react-2\" post-id=\"6768\" class=\"be-face-icons un-reacted\" href=\"javascript:void(0)\">\n                        <img decoding=\"async\" src=\"https:\/\/radionorteatacama.cl\/wp-content\/plugins\/booster-extension\/\/assets\/icon\/sad.svg\" alt=\"Sad\">\n                    <\/a>\n                    <div class=\"twp-reaction-title\">\n                        Sad                    <\/div>\n                    <div class=\"twp-count-percent\">\n                                                    <span style=\"display: none;\" class=\"twp-react-count\">0<\/span>\n                                                                        <span class=\"twp-react-percent\"><span>0<\/span> %<\/span>\n                                            <\/div>\n                <\/div>\n\n                <div class=\"twp-reacts-wrap\">\n                    <a react-data=\"be-react-3\" post-id=\"6768\" class=\"be-face-icons un-reacted\" href=\"javascript:void(0)\">\n                        <img decoding=\"async\" src=\"https:\/\/radionorteatacama.cl\/wp-content\/plugins\/booster-extension\/\/assets\/icon\/excited.svg\" alt=\"Excited\">\n                    <\/a>\n                    <div class=\"twp-reaction-title\">\n                        Excited                    <\/div>\n                    <div class=\"twp-count-percent\">\n                                                    <span style=\"display: none;\" class=\"twp-react-count\">0<\/span>\n                                                                        <span class=\"twp-react-percent\"><span>0<\/span> %<\/span>\n                                            <\/div>\n                <\/div>\n\n                <div class=\"twp-reacts-wrap\">\n                    <a react-data=\"be-react-6\" post-id=\"6768\" class=\"be-face-icons un-reacted\" href=\"javascript:void(0)\">\n                        <img decoding=\"async\" src=\"https:\/\/radionorteatacama.cl\/wp-content\/plugins\/booster-extension\/\/assets\/icon\/sleepy.svg\" alt=\"Sleepy\">\n                    <\/a>\n                    <div class=\"twp-reaction-title\">\n                        Sleepy                    <\/div>\n                    <div class=\"twp-count-percent\">\n                                                    <span style=\"display: none;\" class=\"twp-react-count\">0<\/span>\n                        \n                                                <span class=\"twp-react-percent\"><span>0<\/span> %<\/span>\n                                            <\/div>\n                <\/div>\n\n                <div class=\"twp-reacts-wrap\">\n                    <a react-data=\"be-react-4\" post-id=\"6768\" class=\"be-face-icons un-reacted\" href=\"javascript:void(0)\">\n                        <img decoding=\"async\" src=\"https:\/\/radionorteatacama.cl\/wp-content\/plugins\/booster-extension\/\/assets\/icon\/angry.svg\" alt=\"Angry\">\n                    <\/a>\n                    <div class=\"twp-reaction-title\">Angry<\/div>\n                    <div class=\"twp-count-percent\">\n                                                    <span style=\"display: none;\" class=\"twp-react-count\">0<\/span>\n                                                                        <span class=\"twp-react-percent\"><span>0<\/span> %<\/span>\n                        \n                    <\/div>\n                <\/div>\n\n                <div class=\"twp-reacts-wrap\">\n                    <a react-data=\"be-react-5\" post-id=\"6768\" class=\"be-face-icons un-reacted\" href=\"javascript:void(0)\">\n                        <img decoding=\"async\" src=\"https:\/\/radionorteatacama.cl\/wp-content\/plugins\/booster-extension\/\/assets\/icon\/surprise.svg\" alt=\"Surprise\">\n                    <\/a>\n                    <div class=\"twp-reaction-title\">Surprise<\/div>\n                    <div class=\"twp-count-percent\">\n                                                    <span style=\"display: none;\" class=\"twp-react-count\">0<\/span>\n                                                                        <span class=\"twp-react-percent\"><span>0<\/span> %<\/span>\n                                            <\/div>\n                <\/div>\n\n            <\/div>\n        <\/div>\n\n    ","protected":false},"excerpt":{"rendered":"<p>En nuestro pa\u00eds, la justicia social no es solo un ideal: es una acci\u00f3n concreta y transversal que se expresa en cada una de las pol\u00edticas p\u00fablicas que estamos impulsando en el Gobierno del Presidente Gabriel Boric. La reducci\u00f3n de la jornada laboral a 40 horas, la Ley \u201cPapito Coraz\u00f3n\u201d o la reforma a las [&hellip;]<\/p>\n","protected":false},"author":1,"featured_media":0,"comment_status":"open","ping_status":"open","sticky":false,"template":"","format":"standard","meta":{"_joinchat":[],"footnotes":""},"categories":[1],"tags":[],"class_list":["post-6768","post","type-post","status-publish","format-standard","hentry","category-uncategorized"],"jetpack_featured_media_url":"","blog_post_layout_featured_media_urls":{"thumbnail":"","full":""},"categories_names":{"1":{"name":"Uncategorized","link":"https:\/\/radionorteatacama.cl\/index.php\/category\/uncategorized\/"}},"tags_names":[],"comments_number":"0","_links":{"self":[{"href":"https:\/\/radionorteatacama.cl\/index.php\/wp-json\/wp\/v2\/posts\/6768","targetHints":{"allow":["GET"]}}],"collection":[{"href":"https:\/\/radionorteatacama.cl\/index.php\/wp-json\/wp\/v2\/posts"}],"about":[{"href":"https:\/\/radionorteatacama.cl\/index.php\/wp-json\/wp\/v2\/types\/post"}],"author":[{"embeddable":true,"href":"https:\/\/radionorteatacama.cl\/index.php\/wp-json\/wp\/v2\/users\/1"}],"replies":[{"embeddable":true,"href":"https:\/\/radionorteatacama.cl\/index.php\/wp-json\/wp\/v2\/comments?post=6768"}],"version-history":[{"count":1,"href":"https:\/\/radionorteatacama.cl\/index.php\/wp-json\/wp\/v2\/posts\/6768\/revisions"}],"predecessor-version":[{"id":6769,"href":"https:\/\/radionorteatacama.cl\/index.php\/wp-json\/wp\/v2\/posts\/6768\/revisions\/6769"}],"wp:attachment":[{"href":"https:\/\/radionorteatacama.cl\/index.php\/wp-json\/wp\/v2\/media?parent=6768"}],"wp:term":[{"taxonomy":"category","embeddable":true,"href":"https:\/\/radionorteatacama.cl\/index.php\/wp-json\/wp\/v2\/categories?post=6768"},{"taxonomy":"post_tag","embeddable":true,"href":"https:\/\/radionorteatacama.cl\/index.php\/wp-json\/wp\/v2\/tags?post=6768"}],"curies":[{"name":"wp","href":"https:\/\/api.w.org\/{rel}","templated":true}]}}