{"id":6766,"date":"2025-07-16T02:19:32","date_gmt":"2025-07-16T02:19:32","guid":{"rendered":"https:\/\/radionorteatacama.cl\/?p=6766"},"modified":"2025-07-16T02:19:32","modified_gmt":"2025-07-16T02:19:32","slug":"seremi-de-salud-de-atacama-rinde-cuenta-publica-2025-destacando-avances-historicos-en-salud-y-nuevos-desafios-para-la-region","status":"publish","type":"post","link":"https:\/\/radionorteatacama.cl\/index.php\/2025\/07\/16\/seremi-de-salud-de-atacama-rinde-cuenta-publica-2025-destacando-avances-historicos-en-salud-y-nuevos-desafios-para-la-region\/","title":{"rendered":"Seremi de Salud de Atacama rinde Cuenta P\u00fablica 2025 destacando avances hist\u00f3ricos en salud y nuevos desaf\u00edos para la regi\u00f3n"},"content":{"rendered":"<div class='booster-block booster-read-block'>\n                <div class=\"twp-read-time\">\n                \t<i class=\"booster-icon twp-clock\"><\/i> <span>Read Time:<\/span>3 Minute, 54 Second                <\/div>\n\n            <\/div><p>\u2022 La gesti\u00f3n 2024 reflej\u00f3 logros en fiscalizaci\u00f3n, vacunaci\u00f3n, salud mental y atenci\u00f3n primaria, con una ejecuci\u00f3n presupuestaria superior al noventa y siete por ciento y la tasa de mortalidad infantil m\u00e1s baja en la historia regional.<\/p>\n<p>La Secretar\u00eda Regional Ministerial de Salud de Atacama present\u00f3 el balance de su gesti\u00f3n 2024 en la Cuenta P\u00fablica Participativa 2025, instancia en la que se expusieron los principales avances y desaf\u00edos en materia sanitaria, logrando hitos como la reducci\u00f3n hist\u00f3rica de la mortalidad infantil y la prevenci\u00f3n de muertes por virus respiratorio sincicial en lactantes.<\/p>\n<p>Sobre ello, la seremi se\u00f1al\u00f3: \u201cEstoy muy contenta por la convocatoria a esta cuenta p\u00fablica, donde dimos a conocer los avances alcanzados en seis ejes estrat\u00e9gicos y los desaf\u00edos que a\u00fan tenemos por delante. Gracias al esfuerzo de todos los equipos que conforman esta autoridad sanitaria, el trabajo intersectorial y el compromiso de la comunidad, logramos hitos hist\u00f3ricos como la prevenci\u00f3n de muertes por virus respiratorio sincicial en menores de un a\u00f1o y la tasa de mortalidad infantil m\u00e1s baja en la historia regional y nacional. Destaco, adem\u00e1s, el fortalecimiento de nuestro rol fiscalizador, los avances significativos en salud mental y la concreci\u00f3n de proyectos de infraestructura en salud para la regi\u00f3n, muchos de ellos pr\u00f3ximos a ser inaugurados\u201d.<\/p>\n<p>La rendici\u00f3n de cuentas se organiz\u00f3 en torno a seis ejes estrat\u00e9gicos que concentraron los esfuerzos institucionales durante el \u00faltimo a\u00f1o:<\/p>\n<p>Fiscalizaci\u00f3n sanitaria: M\u00e1s de tres mil fiscalizaciones fueron realizadas en \u00e1reas como alimentos, agua potable, establecimientos educacionales y espacios laborales. Alrededor de 1.700 sumarios sanitarios y 237 prohibiciones de funcionamiento. Estas acciones buscan subsanar las deficiencias y orientar a establecimientos y comunidades con el objetivo de resguardar la salud de las personas.<\/p>\n<p>Programa Nacional de Inmunizaci\u00f3n: La regi\u00f3n alcanz\u00f3 coberturas destacadas, con m\u00e1s del 85% de vacunaci\u00f3n contra la influenza y 93,8% con la vacuna neumoc\u00f3cica<\/p>\n<p>para personas mayores de 60 a\u00f1os. Otro hito destacado<\/p>\n<p>Programa Nacional de Inmunizaci\u00f3n: La regi\u00f3n alcanz\u00f3 coberturas destacadas, con m\u00e1s del 85% de vacunaci\u00f3n contra la influenza y 93,8% con la vacuna neumoc\u00f3cica<\/p>\n<p>para personas mayores de 60 a\u00f1os. Otro gran hito fue la incorporaci\u00f3n del anticuerpo monoclonal Nirsevimab que permiti\u00f3 inmunizar a m\u00e1s de tres mil lactantes contra el virus respiratorio sincicial, evitando casos graves y contribuyendo a que Atacama registrara la tasa de mortalidad infantil m\u00e1s baja de su historia: 4,6 fallecimientos por cada mil nacidos vivos.<\/p>\n<p>Salud mental: La consolidaci\u00f3n de la Unidad de Salud Mental permiti\u00f3 desplegar iniciativas clave en la regi\u00f3n, entre ellas la Mesa de Neurodiversidad y el programa \u201cEnvejecimiento Activo Saludable\u201d, desarrollado en conjunto con universidades nacionales e internacionales, que capacit\u00f3 a 61 funcionarios y funcionarias. Tambi\u00e9n se realiz\u00f3 un Di\u00e1logo de Demencia que convoc\u00f3 a m\u00e1s de 50 representantes de diversos sectores. En el marco del Programa de Prevenci\u00f3n del Suicidio, se llevaron a cabo charlas dirigidas a funcionarios, estudiantes y acad\u00e9micos de INACAP y la Universidad de Atacama, adem\u00e1s de tres jornadas de capacitaci\u00f3n para m\u00e1s de 100 adolescentes del consejo consultivo de Vallenar. Este trabajo culmin\u00f3 en un conversatorio regional que reuni\u00f3 a cerca de 300 estudiantes de distintos establecimientos educacionales, gracias a un esfuerzo conjunto con la atenci\u00f3n primaria de salud de Vallenar.<\/p>\n<p>Comisi\u00f3n de Medicina Preventiva e Invalidez (COMPIN): Durante 2024, la COMPIN de Atacama reforz\u00f3 su rol como garante del uso correcto de beneficios y puente entre la comunidad y el sistema de seguridad social. Se emitieron m\u00e1s de 100 dict\u00e1menes de incapacidad permanente, se acreditaron cerca de 2.200 personas con discapacidad y se autoriz\u00f3 la importaci\u00f3n de 174 veh\u00edculos acondicionados. Adem\u00e1s, se gestion\u00f3 un promedio mensual de m\u00e1s de 8.400 licencias m\u00e9dicas, reduciendo los tiempos de respuesta a 10 d\u00edas, muy por debajo del plazo legal. El 96% de estos tr\u00e1mites se realiz\u00f3 de manera digital, reflejando avances en eficiencia y modernizaci\u00f3n.<\/p>\n<p>Atenci\u00f3n Primaria Universal: La comuna de Caldera marc\u00f3 el inicio de esta estrategia, que busca garantizar el acceso equitativo a la salud. Para 2025 se proyecta su extensi\u00f3n a Freirina y Vallenar, con un enfoque participativo y territorial.<\/p>\n<p>Convenio de Programaci\u00f3n en Salud: En materia de infraestructura, se destac\u00f3 el avance de obras como el Hospital de Diego de Almagro, con un noventa y ocho por ciento de progreso, el Cesfam Altiplano Norte de Vallenar ya finalizado, y el inicio de construcci\u00f3n del Centro Oncol\u00f3gico de Atacama. Se proyecta un nuevo convenio 2026-2033 para consolidar la red asistencial en la regi\u00f3n.<\/p>\n<p>Finalmente, la autoridad subray\u00f3 que a\u00fan quedan importantes desaf\u00edos por delante, pero reafirm\u00f3 la convicci\u00f3n que con trabajo conjunto y compromiso es posible seguir avanzando hacia una salud m\u00e1s equitativa, resolutiva y cercana para las comunidades de Atacama.<\/p>\n        <div class=\"booster-block booster-reactions-block\">\n            <div class=\"twp-reactions-icons\">\n                \n                <div class=\"twp-reacts-wrap\">\n                    <a react-data=\"be-react-1\" post-id=\"6766\" class=\"be-face-icons un-reacted\" href=\"javascript:void(0)\">\n                        <img decoding=\"async\" src=\"https:\/\/radionorteatacama.cl\/wp-content\/plugins\/booster-extension\/\/assets\/icon\/happy.svg\" alt=\"Happy\">\n                    <\/a>\n                    <div class=\"twp-reaction-title\">\n                        Happy                    <\/div>\n                    <div class=\"twp-count-percent\">\n                                                    <span style=\"display: none;\" class=\"twp-react-count\">0<\/span>\n                        \n                                                <span class=\"twp-react-percent\"><span>0<\/span> %<\/span>\n                                            <\/div>\n                <\/div>\n\n                <div class=\"twp-reacts-wrap\">\n                    <a react-data=\"be-react-2\" post-id=\"6766\" class=\"be-face-icons un-reacted\" href=\"javascript:void(0)\">\n                        <img decoding=\"async\" src=\"https:\/\/radionorteatacama.cl\/wp-content\/plugins\/booster-extension\/\/assets\/icon\/sad.svg\" alt=\"Sad\">\n                    <\/a>\n                    <div class=\"twp-reaction-title\">\n                        Sad                    <\/div>\n                    <div class=\"twp-count-percent\">\n                                                    <span style=\"display: none;\" class=\"twp-react-count\">0<\/span>\n                                                                        <span class=\"twp-react-percent\"><span>0<\/span> %<\/span>\n                                            <\/div>\n                <\/div>\n\n                <div class=\"twp-reacts-wrap\">\n                    <a react-data=\"be-react-3\" post-id=\"6766\" class=\"be-face-icons un-reacted\" href=\"javascript:void(0)\">\n                        <img decoding=\"async\" src=\"https:\/\/radionorteatacama.cl\/wp-content\/plugins\/booster-extension\/\/assets\/icon\/excited.svg\" alt=\"Excited\">\n                    <\/a>\n                    <div class=\"twp-reaction-title\">\n                        Excited                    <\/div>\n                    <div class=\"twp-count-percent\">\n                                                    <span style=\"display: none;\" class=\"twp-react-count\">0<\/span>\n                                                                        <span class=\"twp-react-percent\"><span>0<\/span> %<\/span>\n                                            <\/div>\n                <\/div>\n\n                <div class=\"twp-reacts-wrap\">\n                    <a react-data=\"be-react-6\" post-id=\"6766\" class=\"be-face-icons un-reacted\" href=\"javascript:void(0)\">\n                        <img decoding=\"async\" src=\"https:\/\/radionorteatacama.cl\/wp-content\/plugins\/booster-extension\/\/assets\/icon\/sleepy.svg\" alt=\"Sleepy\">\n                    <\/a>\n                    <div class=\"twp-reaction-title\">\n                        Sleepy                    <\/div>\n                    <div class=\"twp-count-percent\">\n                                                    <span style=\"display: none;\" class=\"twp-react-count\">0<\/span>\n                        \n                                                <span class=\"twp-react-percent\"><span>0<\/span> %<\/span>\n                                            <\/div>\n                <\/div>\n\n                <div class=\"twp-reacts-wrap\">\n                    <a react-data=\"be-react-4\" post-id=\"6766\" class=\"be-face-icons un-reacted\" href=\"javascript:void(0)\">\n                        <img decoding=\"async\" src=\"https:\/\/radionorteatacama.cl\/wp-content\/plugins\/booster-extension\/\/assets\/icon\/angry.svg\" alt=\"Angry\">\n                    <\/a>\n                    <div class=\"twp-reaction-title\">Angry<\/div>\n                    <div class=\"twp-count-percent\">\n                                                    <span style=\"display: none;\" class=\"twp-react-count\">0<\/span>\n                                                                        <span class=\"twp-react-percent\"><span>0<\/span> %<\/span>\n                        \n                    <\/div>\n                <\/div>\n\n                <div class=\"twp-reacts-wrap\">\n                    <a react-data=\"be-react-5\" post-id=\"6766\" class=\"be-face-icons un-reacted\" href=\"javascript:void(0)\">\n                        <img decoding=\"async\" src=\"https:\/\/radionorteatacama.cl\/wp-content\/plugins\/booster-extension\/\/assets\/icon\/surprise.svg\" alt=\"Surprise\">\n                    <\/a>\n                    <div class=\"twp-reaction-title\">Surprise<\/div>\n                    <div class=\"twp-count-percent\">\n                                                    <span style=\"display: none;\" class=\"twp-react-count\">0<\/span>\n                                                                        <span class=\"twp-react-percent\"><span>0<\/span> %<\/span>\n                                            <\/div>\n                <\/div>\n\n            <\/div>\n        <\/div>\n\n    ","protected":false},"excerpt":{"rendered":"<p>\u2022 La gesti\u00f3n 2024 reflej\u00f3 logros en fiscalizaci\u00f3n, vacunaci\u00f3n, salud mental y atenci\u00f3n primaria, con una ejecuci\u00f3n presupuestaria superior al noventa y siete por ciento y la tasa de mortalidad infantil m\u00e1s baja en la historia regional. La Secretar\u00eda Regional Ministerial de Salud de Atacama present\u00f3 el balance de su gesti\u00f3n 2024 en la Cuenta [&hellip;]<\/p>\n","protected":false},"author":1,"featured_media":0,"comment_status":"open","ping_status":"open","sticky":false,"template":"","format":"standard","meta":{"_joinchat":[],"footnotes":""},"categories":[1],"tags":[],"class_list":["post-6766","post","type-post","status-publish","format-standard","hentry","category-uncategorized"],"jetpack_featured_media_url":"","blog_post_layout_featured_media_urls":{"thumbnail":"","full":""},"categories_names":{"1":{"name":"Uncategorized","link":"https:\/\/radionorteatacama.cl\/index.php\/category\/uncategorized\/"}},"tags_names":[],"comments_number":"0","_links":{"self":[{"href":"https:\/\/radionorteatacama.cl\/index.php\/wp-json\/wp\/v2\/posts\/6766","targetHints":{"allow":["GET"]}}],"collection":[{"href":"https:\/\/radionorteatacama.cl\/index.php\/wp-json\/wp\/v2\/posts"}],"about":[{"href":"https:\/\/radionorteatacama.cl\/index.php\/wp-json\/wp\/v2\/types\/post"}],"author":[{"embeddable":true,"href":"https:\/\/radionorteatacama.cl\/index.php\/wp-json\/wp\/v2\/users\/1"}],"replies":[{"embeddable":true,"href":"https:\/\/radionorteatacama.cl\/index.php\/wp-json\/wp\/v2\/comments?post=6766"}],"version-history":[{"count":1,"href":"https:\/\/radionorteatacama.cl\/index.php\/wp-json\/wp\/v2\/posts\/6766\/revisions"}],"predecessor-version":[{"id":6767,"href":"https:\/\/radionorteatacama.cl\/index.php\/wp-json\/wp\/v2\/posts\/6766\/revisions\/6767"}],"wp:attachment":[{"href":"https:\/\/radionorteatacama.cl\/index.php\/wp-json\/wp\/v2\/media?parent=6766"}],"wp:term":[{"taxonomy":"category","embeddable":true,"href":"https:\/\/radionorteatacama.cl\/index.php\/wp-json\/wp\/v2\/categories?post=6766"},{"taxonomy":"post_tag","embeddable":true,"href":"https:\/\/radionorteatacama.cl\/index.php\/wp-json\/wp\/v2\/tags?post=6766"}],"curies":[{"name":"wp","href":"https:\/\/api.w.org\/{rel}","templated":true}]}}