{"id":6760,"date":"2025-06-26T04:28:04","date_gmt":"2025-06-26T04:28:04","guid":{"rendered":"https:\/\/radionorteatacama.cl\/?p=6760"},"modified":"2025-06-26T04:28:04","modified_gmt":"2025-06-26T04:28:04","slug":"quienes-tienen-prioridad-para-recibir-los-pagos-del-subsidio-electrico","status":"publish","type":"post","link":"https:\/\/radionorteatacama.cl\/index.php\/2025\/06\/26\/quienes-tienen-prioridad-para-recibir-los-pagos-del-subsidio-electrico\/","title":{"rendered":"\u00bfQui\u00e9nes tienen prioridad para recibir los pagos del Subsidio El\u00e9ctrico?"},"content":{"rendered":"<div class='booster-block booster-read-block'>\n                <div class=\"twp-read-time\">\n                \t<i class=\"booster-icon twp-clock\"><\/i> <span>Read Time:<\/span>1 Minute, 18 Second                <\/div>\n\n            <\/div><p>El Subsidio El\u00e9ctrico es un beneficio entregado por el Ministerio de Energ\u00eda que permite acceder a un descuento en la cuenta de electricidad de los hogares. Este aporte busca aliviar los gastos asociados al consumo el\u00e9ctrico, especialmente en familias m\u00e1s vulnerables.<br \/>\nEl beneficio se aplica directamente como una rebaja en la boleta el\u00e9ctrica y su monto var\u00eda seg\u00fan el n\u00famero de integrantes del hogar. Los montos van desde los $37.838 en hogares de un integrante; hasta los $68.109 en familias de cuatro o m\u00e1s personas.<br \/>\nEl nuevo periodo de postulaci\u00f3n para la tercera convocatoria del Subsidio El\u00e9ctrico estar\u00e1 disponible entre el lunes 30 de junio y el martes 15 de julio de 2025 y el tr\u00e1mite se deber\u00e1 realizar\u00e1 en el sitio web subsidioelectrico.cl y tambi\u00e9n en ventanillaunicasocial.cl.<br \/>\n\u00bfQui\u00e9nes tienen prioridad para recibir los pagos?<br \/>\nTendr\u00e1n prioridad para recibir el Subsidio El\u00e9ctrico de manera autom\u00e1tica, durante el segundo semestre de 2025, aquellos hogares que fueron beneficiados en la segunda convocatoria y cuyas condiciones no hayan cambiado. La informaci\u00f3n de estos hogares estar\u00e1 precargada en la plataforma, aunque se podr\u00e1 modificar en caso de cambio de domicilio o correcci\u00f3n de datos.<br \/>\nEl Ministerio de Desarrollo Social tambi\u00e9n dar\u00e1 prioridad a grupos familiares que:<br \/>\nIncluyan personas registradas como Pacientes Electrodependientes (vigentes a junio de 2025), sin importar el tramo socioecon\u00f3mico.<br \/>\nFamilias que est\u00e9n en el tramo de vulnerabilidad entre 0% y 40% y tengan personas sujetas a cuidado (con discapacidad o dependencia funcional), ni\u00f1os, ni\u00f1as y adolescentes menores de 18 a\u00f1os, cuidadores o personas adultas mayores.<\/p>\n        <div class=\"booster-block booster-reactions-block\">\n            <div class=\"twp-reactions-icons\">\n                \n                <div class=\"twp-reacts-wrap\">\n                    <a react-data=\"be-react-1\" post-id=\"6760\" class=\"be-face-icons un-reacted\" href=\"javascript:void(0)\">\n                        <img decoding=\"async\" src=\"https:\/\/radionorteatacama.cl\/wp-content\/plugins\/booster-extension\/\/assets\/icon\/happy.svg\" alt=\"Happy\">\n                    <\/a>\n                    <div class=\"twp-reaction-title\">\n                        Happy                    <\/div>\n                    <div class=\"twp-count-percent\">\n                                                    <span style=\"display: none;\" class=\"twp-react-count\">0<\/span>\n                        \n                                                <span class=\"twp-react-percent\"><span>0<\/span> %<\/span>\n                                            <\/div>\n                <\/div>\n\n                <div class=\"twp-reacts-wrap\">\n                    <a react-data=\"be-react-2\" post-id=\"6760\" class=\"be-face-icons un-reacted\" href=\"javascript:void(0)\">\n                        <img decoding=\"async\" src=\"https:\/\/radionorteatacama.cl\/wp-content\/plugins\/booster-extension\/\/assets\/icon\/sad.svg\" alt=\"Sad\">\n                    <\/a>\n                    <div class=\"twp-reaction-title\">\n                        Sad                    <\/div>\n                    <div class=\"twp-count-percent\">\n                                                    <span style=\"display: none;\" class=\"twp-react-count\">0<\/span>\n                                                                        <span class=\"twp-react-percent\"><span>0<\/span> %<\/span>\n                                            <\/div>\n                <\/div>\n\n                <div class=\"twp-reacts-wrap\">\n                    <a react-data=\"be-react-3\" post-id=\"6760\" class=\"be-face-icons un-reacted\" href=\"javascript:void(0)\">\n                        <img decoding=\"async\" src=\"https:\/\/radionorteatacama.cl\/wp-content\/plugins\/booster-extension\/\/assets\/icon\/excited.svg\" alt=\"Excited\">\n                    <\/a>\n                    <div class=\"twp-reaction-title\">\n                        Excited                    <\/div>\n                    <div class=\"twp-count-percent\">\n                                                    <span style=\"display: none;\" class=\"twp-react-count\">0<\/span>\n                                                                        <span class=\"twp-react-percent\"><span>0<\/span> %<\/span>\n                                            <\/div>\n                <\/div>\n\n                <div class=\"twp-reacts-wrap\">\n                    <a react-data=\"be-react-6\" post-id=\"6760\" class=\"be-face-icons un-reacted\" href=\"javascript:void(0)\">\n                        <img decoding=\"async\" src=\"https:\/\/radionorteatacama.cl\/wp-content\/plugins\/booster-extension\/\/assets\/icon\/sleepy.svg\" alt=\"Sleepy\">\n                    <\/a>\n                    <div class=\"twp-reaction-title\">\n                        Sleepy                    <\/div>\n                    <div class=\"twp-count-percent\">\n                                                    <span style=\"display: none;\" class=\"twp-react-count\">0<\/span>\n                        \n                                                <span class=\"twp-react-percent\"><span>0<\/span> %<\/span>\n                                            <\/div>\n                <\/div>\n\n                <div class=\"twp-reacts-wrap\">\n                    <a react-data=\"be-react-4\" post-id=\"6760\" class=\"be-face-icons un-reacted\" href=\"javascript:void(0)\">\n                        <img decoding=\"async\" src=\"https:\/\/radionorteatacama.cl\/wp-content\/plugins\/booster-extension\/\/assets\/icon\/angry.svg\" alt=\"Angry\">\n                    <\/a>\n                    <div class=\"twp-reaction-title\">Angry<\/div>\n                    <div class=\"twp-count-percent\">\n                                                    <span style=\"display: none;\" class=\"twp-react-count\">0<\/span>\n                                                                        <span class=\"twp-react-percent\"><span>0<\/span> %<\/span>\n                        \n                    <\/div>\n                <\/div>\n\n                <div class=\"twp-reacts-wrap\">\n                    <a react-data=\"be-react-5\" post-id=\"6760\" class=\"be-face-icons un-reacted\" href=\"javascript:void(0)\">\n                        <img decoding=\"async\" src=\"https:\/\/radionorteatacama.cl\/wp-content\/plugins\/booster-extension\/\/assets\/icon\/surprise.svg\" alt=\"Surprise\">\n                    <\/a>\n                    <div class=\"twp-reaction-title\">Surprise<\/div>\n                    <div class=\"twp-count-percent\">\n                                                    <span style=\"display: none;\" class=\"twp-react-count\">0<\/span>\n                                                                        <span class=\"twp-react-percent\"><span>0<\/span> %<\/span>\n                                            <\/div>\n                <\/div>\n\n            <\/div>\n        <\/div>\n\n    ","protected":false},"excerpt":{"rendered":"<p>El Subsidio El\u00e9ctrico es un beneficio entregado por el Ministerio de Energ\u00eda que permite acceder a un descuento en la cuenta de electricidad de los hogares. Este aporte busca aliviar los gastos asociados al consumo el\u00e9ctrico, especialmente en familias m\u00e1s vulnerables. El beneficio se aplica directamente como una rebaja en la boleta el\u00e9ctrica y su [&hellip;]<\/p>\n","protected":false},"author":1,"featured_media":0,"comment_status":"open","ping_status":"open","sticky":false,"template":"","format":"standard","meta":{"_joinchat":[],"footnotes":""},"categories":[1],"tags":[],"class_list":["post-6760","post","type-post","status-publish","format-standard","hentry","category-uncategorized"],"jetpack_featured_media_url":"","blog_post_layout_featured_media_urls":{"thumbnail":"","full":""},"categories_names":{"1":{"name":"Uncategorized","link":"https:\/\/radionorteatacama.cl\/index.php\/category\/uncategorized\/"}},"tags_names":[],"comments_number":"0","_links":{"self":[{"href":"https:\/\/radionorteatacama.cl\/index.php\/wp-json\/wp\/v2\/posts\/6760","targetHints":{"allow":["GET"]}}],"collection":[{"href":"https:\/\/radionorteatacama.cl\/index.php\/wp-json\/wp\/v2\/posts"}],"about":[{"href":"https:\/\/radionorteatacama.cl\/index.php\/wp-json\/wp\/v2\/types\/post"}],"author":[{"embeddable":true,"href":"https:\/\/radionorteatacama.cl\/index.php\/wp-json\/wp\/v2\/users\/1"}],"replies":[{"embeddable":true,"href":"https:\/\/radionorteatacama.cl\/index.php\/wp-json\/wp\/v2\/comments?post=6760"}],"version-history":[{"count":1,"href":"https:\/\/radionorteatacama.cl\/index.php\/wp-json\/wp\/v2\/posts\/6760\/revisions"}],"predecessor-version":[{"id":6761,"href":"https:\/\/radionorteatacama.cl\/index.php\/wp-json\/wp\/v2\/posts\/6760\/revisions\/6761"}],"wp:attachment":[{"href":"https:\/\/radionorteatacama.cl\/index.php\/wp-json\/wp\/v2\/media?parent=6760"}],"wp:term":[{"taxonomy":"category","embeddable":true,"href":"https:\/\/radionorteatacama.cl\/index.php\/wp-json\/wp\/v2\/categories?post=6760"},{"taxonomy":"post_tag","embeddable":true,"href":"https:\/\/radionorteatacama.cl\/index.php\/wp-json\/wp\/v2\/tags?post=6760"}],"curies":[{"name":"wp","href":"https:\/\/api.w.org\/{rel}","templated":true}]}}