{"id":6753,"date":"2025-06-25T07:05:54","date_gmt":"2025-06-25T07:05:54","guid":{"rendered":"https:\/\/radionorteatacama.cl\/?p=6753"},"modified":"2025-06-25T07:05:54","modified_gmt":"2025-06-25T07:05:54","slug":"productores-de-pequena-mineria-de-atacama-reciben-capacitacion-para-reforzar-y-mejorar-la-seguridad-en-faenas","status":"publish","type":"post","link":"https:\/\/radionorteatacama.cl\/index.php\/2025\/06\/25\/productores-de-pequena-mineria-de-atacama-reciben-capacitacion-para-reforzar-y-mejorar-la-seguridad-en-faenas\/","title":{"rendered":"Productores de peque\u00f1a miner\u00eda de Atacama reciben capacitaci\u00f3n para reforzar y mejorar la seguridad en faenas"},"content":{"rendered":"<div class='booster-block booster-read-block'>\n                <div class=\"twp-read-time\">\n                \t<i class=\"booster-icon twp-clock\"><\/i> <span>Read Time:<\/span>3 Minute, 17 Second                <\/div>\n\n            <\/div><p>La Sociedad Nacional de Miner\u00eda (SONAMI), en conjunto con el Servicio Nacional de Geolog\u00eda y Miner\u00eda (Sernageomin) y la Asociaci\u00f3n Gremial Minera \u201cMineros Pirquineros de Tierra Amarilla\u201d, realizaron el Seminario de Capacitaci\u00f3n en Seguridad Minera, una jornada especialmente dirigida a trabajadores y productores de la peque\u00f1a miner\u00eda de la Regi\u00f3n de Atacama.<\/p>\n<p>La instancia fue encabezada por el presidente de SONAMI, Jorge Riesco, junto al director nacional de Sernageomin (s), Andr\u00e9s Le\u00f3n, y en la que tambi\u00e9n participaron el seremi de Miner\u00eda de la regi\u00f3n de Atacama, Juan Carlos Pe\u00f1a, y el presidente de la Asociaci\u00f3n de Pirquineros de Atacama, Joel Carrizo.<\/p>\n<p>En la oportunidad, Jorge Riesco se\u00f1al\u00f3 que con esta actividad se busca \u201cdar una se\u00f1al clara que a nivel nacional y de organizaciones gremiales existe un inter\u00e9s por la seguridad. Estamos preocupados por los accidentes fatales que han ocurrido y esta es una manera de volver a reunirnos y abordar este tema, en la que no s\u00f3lo esperamos entregar informaci\u00f3n, sino que adem\u00e1s ponernos a disposici\u00f3n para mejorar este aspecto\u201d.<\/p>\n<p>Adem\u00e1s, el presidente de SONAMI agreg\u00f3 que este es un trabajo colaborativo, entre las autoridades, los mismos mineros y las personas encargadas de seguridad, pero tambi\u00e9n de aquellos que trabajan directamente en las faenas mineras.<\/p>\n<p>Por su parte, el director nacional de Sernageomin (s), Andr\u00e9s Le\u00f3n, sostuvo que \u201cac\u00e1 se ha abierto un espacio bien interesante de cooperaci\u00f3n p\u00fablico-privada, donde lo m\u00e1s destacable es la participaci\u00f3n de muchos productores de peque\u00f1a miner\u00eda de la zona y de otras localidades de la regi\u00f3n de Atacama. Este tipo de actividades nos va a permitir mirar desde el territorio cu\u00e1les son las principales problem\u00e1ticas y desde ah\u00ed tomar un rol en t\u00e9rminos de mejorar y buscar la cero fatalidad o reducir los niveles de accidentabilidad que por estos d\u00edas se han concentrado en este primer semestre\u201d.<\/p>\n<p>Mientras que el seremi de Miner\u00eda de Atacama, Juan Carlos Pe\u00f1a P\u00e9rez, manifest\u00f3 que \u201cha sido una jornada muy interesante y necesaria a la vez, dado que hemos tenido bastantes accidentes fatales en la regi\u00f3n, por eso es necesario aunar voluntades. Esta invitaci\u00f3n de SONAMI viene a reforzar esa parte que tambi\u00e9n nosotros estamos desarrollando de algunas actividades que estamos haciendo, como el convenio que tenemos con la Universidad Atacama, que considera capacitaciones territoriales, porque todos tenemos que apoyar a que la peque\u00f1a miner\u00eda salga adelante con cero accidentes\u201d.<\/p>\n<p>Finalmente, Joel Carrizo, presidente de la asociaci\u00f3n del sindicato de pirquineros de Tierra Amarilla, destac\u00f3 la iniciativa y se\u00f1al\u00f3 que \u201cestamos muy felices de haber planteado el tema de la seguridad minera en la peque\u00f1a miner\u00eda ac\u00e1 en nuestra sede y con una alta convocatoria, porque vinieron los mineros que est\u00e1n en el cerro, los que desarrollan la actividad d\u00eda a d\u00eda y se dieron un tiempo para estar ac\u00e1 y eso es muy valorable porque demuestra un inter\u00e9s para poder generar el cambio y evitar las tragedias que nos han estado ocurriendo en este \u00faltimo tiempo\u201d.<\/p>\n<p>La actividad, desarrollada en la sede de la Asociaci\u00f3n Minera de Tierra Amarilla, tuvo como objetivo fortalecer la cultura preventiva y entregar herramientas pr\u00e1cticas para mejorar las condiciones de seguridad en faenas de peque\u00f1a escala, en un contexto donde el sector ha enfrentado una serie de accidentes que demandan seguir ampliando las capacidades en prevenci\u00f3n de riesgos.<\/p>\n<p>La jornada contempl\u00f3 exposiciones sobre prevenci\u00f3n de accidentes por ca\u00edda de rocas, a cargo de especialistas de Sernageomin; una charla de rescate minero en situaciones de emergencia, a cargo de \u00c1ngelo Grandfeld, prevencionista de riesgos y rescatista con amplia trayectoria; y una presentaci\u00f3n sobre el uso seguro de detonadores no el\u00e9ctricos en tronaduras, liderada por el ingeniero Jos\u00e9 Mu\u00f1oz, acad\u00e9mico y asesor t\u00e9cnico de la empresa Diexa con m\u00e1s de 30 a\u00f1os de experiencia en el \u00e1rea.<\/p>\n<p>Durante el encuentro se firm\u00f3 un acuerdo de colaboraci\u00f3n en materia de seguridad entre el Colegio de Profesionales Expertos de Seguridad Minera de Atacama y la Asociaci\u00f3n de Pirquineros de Tierra Amarilla.<img loading=\"lazy\" decoding=\"async\" src=\"http:\/\/radionorteatacama.cl\/wp-content\/uploads\/2025\/06\/DSC09411-300x200.jpg\" alt=\"\" width=\"300\" height=\"200\" class=\"alignnone size-medium wp-image-6754\" srcset=\"https:\/\/radionorteatacama.cl\/wp-content\/uploads\/2025\/06\/DSC09411-300x200.jpg 300w, https:\/\/radionorteatacama.cl\/wp-content\/uploads\/2025\/06\/DSC09411-1024x683.jpg 1024w, https:\/\/radionorteatacama.cl\/wp-content\/uploads\/2025\/06\/DSC09411-768x512.jpg 768w, https:\/\/radionorteatacama.cl\/wp-content\/uploads\/2025\/06\/DSC09411-1536x1024.jpg 1536w, https:\/\/radionorteatacama.cl\/wp-content\/uploads\/2025\/06\/DSC09411-2048x1365.jpg 2048w\" sizes=\"auto, (max-width: 300px) 100vw, 300px\" \/><\/p>\n        <div class=\"booster-block booster-reactions-block\">\n            <div class=\"twp-reactions-icons\">\n                \n                <div class=\"twp-reacts-wrap\">\n                    <a react-data=\"be-react-1\" post-id=\"6753\" class=\"be-face-icons un-reacted\" href=\"javascript:void(0)\">\n                        <img decoding=\"async\" src=\"https:\/\/radionorteatacama.cl\/wp-content\/plugins\/booster-extension\/\/assets\/icon\/happy.svg\" alt=\"Happy\">\n                    <\/a>\n                    <div class=\"twp-reaction-title\">\n                        Happy                    <\/div>\n                    <div class=\"twp-count-percent\">\n                                                    <span style=\"display: none;\" class=\"twp-react-count\">0<\/span>\n                        \n                                                <span class=\"twp-react-percent\"><span>0<\/span> %<\/span>\n                                            <\/div>\n                <\/div>\n\n                <div class=\"twp-reacts-wrap\">\n                    <a react-data=\"be-react-2\" post-id=\"6753\" class=\"be-face-icons un-reacted\" href=\"javascript:void(0)\">\n                        <img decoding=\"async\" src=\"https:\/\/radionorteatacama.cl\/wp-content\/plugins\/booster-extension\/\/assets\/icon\/sad.svg\" alt=\"Sad\">\n                    <\/a>\n                    <div class=\"twp-reaction-title\">\n                        Sad                    <\/div>\n                    <div class=\"twp-count-percent\">\n                                                    <span style=\"display: none;\" class=\"twp-react-count\">0<\/span>\n                                                                        <span class=\"twp-react-percent\"><span>0<\/span> %<\/span>\n                                            <\/div>\n                <\/div>\n\n                <div class=\"twp-reacts-wrap\">\n                    <a react-data=\"be-react-3\" post-id=\"6753\" class=\"be-face-icons un-reacted\" href=\"javascript:void(0)\">\n                        <img decoding=\"async\" src=\"https:\/\/radionorteatacama.cl\/wp-content\/plugins\/booster-extension\/\/assets\/icon\/excited.svg\" alt=\"Excited\">\n                    <\/a>\n                    <div class=\"twp-reaction-title\">\n                        Excited                    <\/div>\n                    <div class=\"twp-count-percent\">\n                                                    <span style=\"display: none;\" class=\"twp-react-count\">0<\/span>\n                                                                        <span class=\"twp-react-percent\"><span>0<\/span> %<\/span>\n                                            <\/div>\n                <\/div>\n\n                <div class=\"twp-reacts-wrap\">\n                    <a react-data=\"be-react-6\" post-id=\"6753\" class=\"be-face-icons un-reacted\" href=\"javascript:void(0)\">\n                        <img decoding=\"async\" src=\"https:\/\/radionorteatacama.cl\/wp-content\/plugins\/booster-extension\/\/assets\/icon\/sleepy.svg\" alt=\"Sleepy\">\n                    <\/a>\n                    <div class=\"twp-reaction-title\">\n                        Sleepy                    <\/div>\n                    <div class=\"twp-count-percent\">\n                                                    <span style=\"display: none;\" class=\"twp-react-count\">0<\/span>\n                        \n                                                <span class=\"twp-react-percent\"><span>0<\/span> %<\/span>\n                                            <\/div>\n                <\/div>\n\n                <div class=\"twp-reacts-wrap\">\n                    <a react-data=\"be-react-4\" post-id=\"6753\" class=\"be-face-icons un-reacted\" href=\"javascript:void(0)\">\n                        <img decoding=\"async\" src=\"https:\/\/radionorteatacama.cl\/wp-content\/plugins\/booster-extension\/\/assets\/icon\/angry.svg\" alt=\"Angry\">\n                    <\/a>\n                    <div class=\"twp-reaction-title\">Angry<\/div>\n                    <div class=\"twp-count-percent\">\n                                                    <span style=\"display: none;\" class=\"twp-react-count\">0<\/span>\n                                                                        <span class=\"twp-react-percent\"><span>0<\/span> %<\/span>\n                        \n                    <\/div>\n                <\/div>\n\n                <div class=\"twp-reacts-wrap\">\n                    <a react-data=\"be-react-5\" post-id=\"6753\" class=\"be-face-icons un-reacted\" href=\"javascript:void(0)\">\n                        <img decoding=\"async\" src=\"https:\/\/radionorteatacama.cl\/wp-content\/plugins\/booster-extension\/\/assets\/icon\/surprise.svg\" alt=\"Surprise\">\n                    <\/a>\n                    <div class=\"twp-reaction-title\">Surprise<\/div>\n                    <div class=\"twp-count-percent\">\n                                                    <span style=\"display: none;\" class=\"twp-react-count\">0<\/span>\n                                                                        <span class=\"twp-react-percent\"><span>0<\/span> %<\/span>\n                                            <\/div>\n                <\/div>\n\n            <\/div>\n        <\/div>\n\n    ","protected":false},"excerpt":{"rendered":"<p>La Sociedad Nacional de Miner\u00eda (SONAMI), en conjunto con el Servicio Nacional de Geolog\u00eda y Miner\u00eda (Sernageomin) y la Asociaci\u00f3n Gremial Minera \u201cMineros Pirquineros de Tierra Amarilla\u201d, realizaron el Seminario de Capacitaci\u00f3n en Seguridad Minera, una jornada especialmente dirigida a trabajadores y productores de la peque\u00f1a miner\u00eda de la Regi\u00f3n de Atacama. La instancia fue [&hellip;]<\/p>\n","protected":false},"author":1,"featured_media":0,"comment_status":"open","ping_status":"open","sticky":false,"template":"","format":"standard","meta":{"_joinchat":[],"footnotes":""},"categories":[1],"tags":[],"class_list":["post-6753","post","type-post","status-publish","format-standard","hentry","category-uncategorized"],"jetpack_featured_media_url":"","blog_post_layout_featured_media_urls":{"thumbnail":"","full":""},"categories_names":{"1":{"name":"Uncategorized","link":"https:\/\/radionorteatacama.cl\/index.php\/category\/uncategorized\/"}},"tags_names":[],"comments_number":"0","_links":{"self":[{"href":"https:\/\/radionorteatacama.cl\/index.php\/wp-json\/wp\/v2\/posts\/6753","targetHints":{"allow":["GET"]}}],"collection":[{"href":"https:\/\/radionorteatacama.cl\/index.php\/wp-json\/wp\/v2\/posts"}],"about":[{"href":"https:\/\/radionorteatacama.cl\/index.php\/wp-json\/wp\/v2\/types\/post"}],"author":[{"embeddable":true,"href":"https:\/\/radionorteatacama.cl\/index.php\/wp-json\/wp\/v2\/users\/1"}],"replies":[{"embeddable":true,"href":"https:\/\/radionorteatacama.cl\/index.php\/wp-json\/wp\/v2\/comments?post=6753"}],"version-history":[{"count":1,"href":"https:\/\/radionorteatacama.cl\/index.php\/wp-json\/wp\/v2\/posts\/6753\/revisions"}],"predecessor-version":[{"id":6755,"href":"https:\/\/radionorteatacama.cl\/index.php\/wp-json\/wp\/v2\/posts\/6753\/revisions\/6755"}],"wp:attachment":[{"href":"https:\/\/radionorteatacama.cl\/index.php\/wp-json\/wp\/v2\/media?parent=6753"}],"wp:term":[{"taxonomy":"category","embeddable":true,"href":"https:\/\/radionorteatacama.cl\/index.php\/wp-json\/wp\/v2\/categories?post=6753"},{"taxonomy":"post_tag","embeddable":true,"href":"https:\/\/radionorteatacama.cl\/index.php\/wp-json\/wp\/v2\/tags?post=6753"}],"curies":[{"name":"wp","href":"https:\/\/api.w.org\/{rel}","templated":true}]}}