{"id":6742,"date":"2025-06-25T06:17:13","date_gmt":"2025-06-25T06:17:13","guid":{"rendered":"https:\/\/radionorteatacama.cl\/?p=6742"},"modified":"2025-06-25T06:17:13","modified_gmt":"2025-06-25T06:17:13","slug":"jardin-infantil-mi-primera-estacion-rinde-homenaje-al-pueblo-chango-en-caldera","status":"publish","type":"post","link":"https:\/\/radionorteatacama.cl\/index.php\/2025\/06\/25\/jardin-infantil-mi-primera-estacion-rinde-homenaje-al-pueblo-chango-en-caldera\/","title":{"rendered":"JARDIN INFANTIL MI PRIMERA ESTACI\u00d3N RINDE HOMENAJE AL PUEBLO CHANGO EN CALDERA."},"content":{"rendered":"<div class='booster-block booster-read-block'>\n                <div class=\"twp-read-time\">\n                \t<i class=\"booster-icon twp-clock\"><\/i> <span>Read Time:<\/span>3 Minute, 8 Second                <\/div>\n\n            <\/div><p>El Jard\u00edn Infantil y Sala Cuna \u201cMi Primera Estaci\u00f3n\u201d realiz\u00f3 un sentido homenaje a los pueblos originarios resaltando especialmente al Pueblo Chango, existen diversos fundamentos para considerar la pertinencia sociocultural como un aporte a la educaci\u00f3n de ni\u00f1os y ni\u00f1as, por un lado a aquellos que relevan el aprendizaje significativo producto del v\u00ednculo con lo cotidiano y por otro lado a los que promueven el rescate y la revitalizaci\u00f3n de la lengua y cultura de los pueblos originarios , la profundizaci\u00f3n del patrimonio inmaterial, la valorizaci\u00f3n de su espacio de pertinencia de los primeros a\u00f1os, puesto que, es en este periodo, cuando ni\u00f1os y ni\u00f1as comienzan a construir y reafirmar su identidad cultural.<\/p>\n<p>Valentina Diaz, directora del Jard\u00edn Infantil \u201cMi primera estaci\u00f3n\u201d, manifest\u00f3 \u201cEstamos en el a\u00f1o nuevo ind\u00edgena que es transversal a todos los pueblos originarios y no quisimos dejar atr\u00e1s al pueblo chango que es una cultura nuestra, adem\u00e1s contar que fuimos adjudicados con una ELCI que es una educadora de lenguas y cultura ind\u00edgena y que viene tres veces por semana a entregarnos las vivencias que exist\u00edan en la cultura changa esto es para hacer un rescate de esta cultura y no se pierda. Nosotros como establecimiento tenemos incorporado a las salas, oficinas los nombres en lengua Aymar\u00e1 ya que los Changos tambi\u00e9n ten\u00edan un v\u00ednculo con el pueblo Aymar\u00e1 porque ten\u00edan un trueque de alimentos es por eso que adem\u00e1s realizaremos gestiones para desarrollar en la comunidad educativa cursos de lenguas nativas como el Quechua o Aymar\u00e1\u201d.<\/p>\n<p>La jornada cont\u00f3 con la presencia de la directora del establecimiento educacional Valentina Diaz, Silvia Ponce subdirectora de Calidad Educativa de Junji Atacama, Jos\u00e9 Aguirre presidente Comunidad Pueblo Chango de Caldera, representantes de jardines infantiles, padres y apoderados.<\/p>\n<p>En la ocasi\u00f3n la ceremoniante del Pueblo Chango Hermana Liliana Gallardo realiz\u00f3 una ceremonia denominada \u201cChigua\u201d, la cual es una ofrenda a la Pachamama muy ancestral de los pueblos originarios en la cual participaron educadoras, ni\u00f1as, ni\u00f1os junto a sus familias. Tambi\u00e9n particip\u00f3 con una danza la apoderada Tamara Carmona quien present\u00f3 una danza Porteo Tamara Carmona junto a su hija, esta danza es un acompa\u00f1amiento materno a trav\u00e9s de la danza, m\u00e9todo aditi que contribuye a espacios donde la mujer en su puerperio se sienta acompa\u00f1ada, contenida y que goce con una etapa.<\/p>\n<p>Desde el a\u00f1o 2010 existe un convenio entre la educaci\u00f3n parvularia y Conadi, Junji, la cual permite incorporar educadores de lenguas y cultura ind\u00edgena en unidades educativas con reconocimiento del Estado. Es as\u00ed que el Jard\u00edn Mi Primera Estaci\u00f3n es favorecido con la primera ELCI del pueblo Chango, que son personas educadoras de lengua y cultura ind\u00edgena que trabajan en jardines infantiles, transmitiendo conocimientos y costumbres de los pueblos originarios a los ni\u00f1os y ni\u00f1as.<\/p>\n<p>Marta Rodr\u00edguez, \u00fanica ELCI de la cultura del pueblo Chango en Caldera, coment\u00f3 \u201cEste jard\u00edn infantil ha sido honrado de contar con una ELCI y feliz que la Junji me hayan elegido para trabajar en los tres niveles educacionales como sala cuna, nivel medio menor y nivel medio mayor, estoy trabajando de distintas formas en donde se trabaja en la cultura a ni\u00f1os y ni\u00f1as entregando conocimiento de como por ejemplo ellos constru\u00edan sus rucos, sus artes de pescas, a los tres niveles se les hace lo mismo pero con diferentes formas de ense\u00f1anzas\u201d.<\/p>\n<p>Finalmente, Silvia Ponce, subdirectora de calidad educativa de la Junji Atacama, se\u00f1al\u00f3 \u201cEste jard\u00edn infantil ha sido beneficiado con la contrataci\u00f3n de una educadora de lengua ind\u00edgena y en especial en esta comuna donde habitan una reconocida comunidad ind\u00edgena changa y para nosotros es un gran hito ya que contamos con una ELCI de esta etnia, as\u00ed es que es un tremendo hito para que ni\u00f1os y ni\u00f1as aprendan de la cultura del pueblo Chango\u201d.<img loading=\"lazy\" decoding=\"async\" src=\"http:\/\/radionorteatacama.cl\/wp-content\/uploads\/2025\/06\/IMG_20250618_110514-300x169.jpg\" alt=\"\" width=\"300\" height=\"169\" class=\"alignnone size-medium wp-image-6743\" srcset=\"https:\/\/radionorteatacama.cl\/wp-content\/uploads\/2025\/06\/IMG_20250618_110514-300x169.jpg 300w, https:\/\/radionorteatacama.cl\/wp-content\/uploads\/2025\/06\/IMG_20250618_110514-1024x576.jpg 1024w, https:\/\/radionorteatacama.cl\/wp-content\/uploads\/2025\/06\/IMG_20250618_110514-768x432.jpg 768w, https:\/\/radionorteatacama.cl\/wp-content\/uploads\/2025\/06\/IMG_20250618_110514-1536x864.jpg 1536w, https:\/\/radionorteatacama.cl\/wp-content\/uploads\/2025\/06\/IMG_20250618_110514-2048x1152.jpg 2048w, https:\/\/radionorteatacama.cl\/wp-content\/uploads\/2025\/06\/IMG_20250618_110514-1280x720.jpg 1280w\" sizes=\"auto, (max-width: 300px) 100vw, 300px\" \/><\/p>\n        <div class=\"booster-block booster-reactions-block\">\n            <div class=\"twp-reactions-icons\">\n                \n                <div class=\"twp-reacts-wrap\">\n                    <a react-data=\"be-react-1\" post-id=\"6742\" class=\"be-face-icons un-reacted\" href=\"javascript:void(0)\">\n                        <img decoding=\"async\" src=\"https:\/\/radionorteatacama.cl\/wp-content\/plugins\/booster-extension\/\/assets\/icon\/happy.svg\" alt=\"Happy\">\n                    <\/a>\n                    <div class=\"twp-reaction-title\">\n                        Happy                    <\/div>\n                    <div class=\"twp-count-percent\">\n                                                    <span style=\"display: none;\" class=\"twp-react-count\">0<\/span>\n                        \n                                                <span class=\"twp-react-percent\"><span>0<\/span> %<\/span>\n                                            <\/div>\n                <\/div>\n\n                <div class=\"twp-reacts-wrap\">\n                    <a react-data=\"be-react-2\" post-id=\"6742\" class=\"be-face-icons un-reacted\" href=\"javascript:void(0)\">\n                        <img decoding=\"async\" src=\"https:\/\/radionorteatacama.cl\/wp-content\/plugins\/booster-extension\/\/assets\/icon\/sad.svg\" alt=\"Sad\">\n                    <\/a>\n                    <div class=\"twp-reaction-title\">\n                        Sad                    <\/div>\n                    <div class=\"twp-count-percent\">\n                                                    <span style=\"display: none;\" class=\"twp-react-count\">0<\/span>\n                                                                        <span class=\"twp-react-percent\"><span>0<\/span> %<\/span>\n                                            <\/div>\n                <\/div>\n\n                <div class=\"twp-reacts-wrap\">\n                    <a react-data=\"be-react-3\" post-id=\"6742\" class=\"be-face-icons un-reacted\" href=\"javascript:void(0)\">\n                        <img decoding=\"async\" src=\"https:\/\/radionorteatacama.cl\/wp-content\/plugins\/booster-extension\/\/assets\/icon\/excited.svg\" alt=\"Excited\">\n                    <\/a>\n                    <div class=\"twp-reaction-title\">\n                        Excited                    <\/div>\n                    <div class=\"twp-count-percent\">\n                                                    <span style=\"display: none;\" class=\"twp-react-count\">0<\/span>\n                                                                        <span class=\"twp-react-percent\"><span>0<\/span> %<\/span>\n                                            <\/div>\n                <\/div>\n\n                <div class=\"twp-reacts-wrap\">\n                    <a react-data=\"be-react-6\" post-id=\"6742\" class=\"be-face-icons un-reacted\" href=\"javascript:void(0)\">\n                        <img decoding=\"async\" src=\"https:\/\/radionorteatacama.cl\/wp-content\/plugins\/booster-extension\/\/assets\/icon\/sleepy.svg\" alt=\"Sleepy\">\n                    <\/a>\n                    <div class=\"twp-reaction-title\">\n                        Sleepy                    <\/div>\n                    <div class=\"twp-count-percent\">\n                                                    <span style=\"display: none;\" class=\"twp-react-count\">0<\/span>\n                        \n                                                <span class=\"twp-react-percent\"><span>0<\/span> %<\/span>\n                                            <\/div>\n                <\/div>\n\n                <div class=\"twp-reacts-wrap\">\n                    <a react-data=\"be-react-4\" post-id=\"6742\" class=\"be-face-icons un-reacted\" href=\"javascript:void(0)\">\n                        <img decoding=\"async\" src=\"https:\/\/radionorteatacama.cl\/wp-content\/plugins\/booster-extension\/\/assets\/icon\/angry.svg\" alt=\"Angry\">\n                    <\/a>\n                    <div class=\"twp-reaction-title\">Angry<\/div>\n                    <div class=\"twp-count-percent\">\n                                                    <span style=\"display: none;\" class=\"twp-react-count\">0<\/span>\n                                                                        <span class=\"twp-react-percent\"><span>0<\/span> %<\/span>\n                        \n                    <\/div>\n                <\/div>\n\n                <div class=\"twp-reacts-wrap\">\n                    <a react-data=\"be-react-5\" post-id=\"6742\" class=\"be-face-icons un-reacted\" href=\"javascript:void(0)\">\n                        <img decoding=\"async\" src=\"https:\/\/radionorteatacama.cl\/wp-content\/plugins\/booster-extension\/\/assets\/icon\/surprise.svg\" alt=\"Surprise\">\n                    <\/a>\n                    <div class=\"twp-reaction-title\">Surprise<\/div>\n                    <div class=\"twp-count-percent\">\n                                                    <span style=\"display: none;\" class=\"twp-react-count\">0<\/span>\n                                                                        <span class=\"twp-react-percent\"><span>0<\/span> %<\/span>\n                                            <\/div>\n                <\/div>\n\n            <\/div>\n        <\/div>\n\n    ","protected":false},"excerpt":{"rendered":"<p>El Jard\u00edn Infantil y Sala Cuna \u201cMi Primera Estaci\u00f3n\u201d realiz\u00f3 un sentido homenaje a los pueblos originarios resaltando especialmente al Pueblo Chango, existen diversos fundamentos para considerar la pertinencia sociocultural como un aporte a la educaci\u00f3n de ni\u00f1os y ni\u00f1as, por un lado a aquellos que relevan el aprendizaje significativo producto del v\u00ednculo con lo [&hellip;]<\/p>\n","protected":false},"author":1,"featured_media":0,"comment_status":"open","ping_status":"open","sticky":false,"template":"","format":"standard","meta":{"_joinchat":[],"footnotes":""},"categories":[1],"tags":[],"class_list":["post-6742","post","type-post","status-publish","format-standard","hentry","category-uncategorized"],"jetpack_featured_media_url":"","blog_post_layout_featured_media_urls":{"thumbnail":"","full":""},"categories_names":{"1":{"name":"Uncategorized","link":"https:\/\/radionorteatacama.cl\/index.php\/category\/uncategorized\/"}},"tags_names":[],"comments_number":"0","_links":{"self":[{"href":"https:\/\/radionorteatacama.cl\/index.php\/wp-json\/wp\/v2\/posts\/6742","targetHints":{"allow":["GET"]}}],"collection":[{"href":"https:\/\/radionorteatacama.cl\/index.php\/wp-json\/wp\/v2\/posts"}],"about":[{"href":"https:\/\/radionorteatacama.cl\/index.php\/wp-json\/wp\/v2\/types\/post"}],"author":[{"embeddable":true,"href":"https:\/\/radionorteatacama.cl\/index.php\/wp-json\/wp\/v2\/users\/1"}],"replies":[{"embeddable":true,"href":"https:\/\/radionorteatacama.cl\/index.php\/wp-json\/wp\/v2\/comments?post=6742"}],"version-history":[{"count":1,"href":"https:\/\/radionorteatacama.cl\/index.php\/wp-json\/wp\/v2\/posts\/6742\/revisions"}],"predecessor-version":[{"id":6744,"href":"https:\/\/radionorteatacama.cl\/index.php\/wp-json\/wp\/v2\/posts\/6742\/revisions\/6744"}],"wp:attachment":[{"href":"https:\/\/radionorteatacama.cl\/index.php\/wp-json\/wp\/v2\/media?parent=6742"}],"wp:term":[{"taxonomy":"category","embeddable":true,"href":"https:\/\/radionorteatacama.cl\/index.php\/wp-json\/wp\/v2\/categories?post=6742"},{"taxonomy":"post_tag","embeddable":true,"href":"https:\/\/radionorteatacama.cl\/index.php\/wp-json\/wp\/v2\/tags?post=6742"}],"curies":[{"name":"wp","href":"https:\/\/api.w.org\/{rel}","templated":true}]}}