{"id":6738,"date":"2025-06-25T06:15:50","date_gmt":"2025-06-25T06:15:50","guid":{"rendered":"https:\/\/radionorteatacama.cl\/?p=6738"},"modified":"2025-06-25T06:15:50","modified_gmt":"2025-06-25T06:15:50","slug":"desde-el-equipo-de-comunicaciones-del-candidato-presidencia-jaime-mulet-hemos-preparado-un-contenido-para-conocimiento-de-la-ciudadania-que-puede-resultar-interesante-para-ser-difundido-por-su-presti","status":"publish","type":"post","link":"https:\/\/radionorteatacama.cl\/index.php\/2025\/06\/25\/desde-el-equipo-de-comunicaciones-del-candidato-presidencia-jaime-mulet-hemos-preparado-un-contenido-para-conocimiento-de-la-ciudadania-que-puede-resultar-interesante-para-ser-difundido-por-su-presti\/","title":{"rendered":"Desde el equipo de comunicaciones del candidato presidencia Jaime Mulet, hemos preparado un contenido para conocimiento de la ciudadan\u00eda que puede resultar interesante para ser difundido por su prestigioso medio de comunicaci\u00f3n."},"content":{"rendered":"<div class='booster-block booster-read-block'>\n                <div class=\"twp-read-time\">\n                \t<i class=\"booster-icon twp-clock\"><\/i> <span>Read Time:<\/span>2 Minute, 3 Second                <\/div>\n\n            <\/div><p>El candidato de la Federaci\u00f3n Regionalista Verde Social (FREVS), Jaime Mulet, abord\u00f3 con preocupaci\u00f3n el escenario internacional y critic\u00f3 la reacci\u00f3n del Ejecutivo frente al conflicto en curso, destacando la necesidad de actuar con mayor prudencia diplom\u00e1tica y reforzar la autonom\u00eda estrat\u00e9gica del pa\u00eds en \u00e1reas clave como energ\u00eda y alimentaci\u00f3n.<br \/>\n\u201cYo creo que hay que des escalar la violencia que se est\u00e1 desatando all\u00e1. Creo que es un tema absolutamente complejo, dif\u00edcil\u201d, se\u00f1al\u00f3 Mulet al referirse a la situaci\u00f3n internacional, subrayando que este tipo de eventos tiene consecuencias que van m\u00e1s all\u00e1 de lo pol\u00edtico o militar. A su juicio, \u201ccualquier conflicto de esta envergadura puede influir en la econom\u00eda, puede influir en la calidad de vida, puede influir incluso en el abastecimiento de energ\u00eda\u201d.<br \/>\nEl abanderado regionalista sostuvo que su sector ha venido anticipando estos riesgos desde hace tiempo, y reafirm\u00f3 la importancia de avanzar en autonom\u00eda nacional. \u201cNosotros, los regionalistas verdes, hemos venido advirtiendo hace mucho tiempo que estos conflictos generan retrasos, desabastecimiento de algunos productos y una serie de problemas bastante graves. Por eso promovemos la soberan\u00eda energ\u00e9tica, la soberan\u00eda agroalimentaria y otros aspectos fundamentales\u201d, expres\u00f3.<br \/>\nRespecto de la postura adoptada por el Gobierno frente a la crisis, Mulet fue enf\u00e1tico en se\u00f1alar una diferencia de criterio. \u201cYo creo que el Presidente, a mi juicio, debi\u00f3 esperar un poquito. La primera declaraci\u00f3n la debe haber hecho el canciller\u201d, afirm\u00f3, cuestionando que la posici\u00f3n oficial se haya comunicado directamente desde La Moneda sin una articulaci\u00f3n institucional m\u00e1s amplia.<br \/>\nEn esa l\u00ednea, propuso un enfoque m\u00e1s participativo y diplom\u00e1ticamente cuidadoso. \u201cCreo que el Presidente podr\u00eda haber convocado a los representantes de las comisiones de Relaciones Exteriores, a los partidos pol\u00edticos, y haber sacado esa declaraci\u00f3n, pero con el canciller, no directamente el Presidente. Esto no se sabe c\u00f3mo va a seguir\u2026 hubiera sido m\u00e1s prudente\u201d, argument\u00f3.<br \/>\nMulet cerr\u00f3 sus declaraciones reiterando una postura pacifista y contraria a toda forma de escalamiento militar, \u201cRechazo absolutamente el uso de la violencia de Estados Unidos y cualquier otro pa\u00eds. Somos pacifistas los regionalistas verdes. Adem\u00e1s, no queremos la energ\u00eda nuclear ni para fines b\u00e9licos ni para fines pac\u00edficos, por los residuos que dejan y los desastres inconmensurables que causan en su uso militar\u201d.<\/p>\n<p>El candidato presidencial Jaime Mulet y su equipo de comunicaciones le saluda cordialmente y agradece que difundan este contenido y le invita a conocer sus redes sociales donde existen publicaciones que pueden ser de inter\u00e9s para sus pautas diarias.<img loading=\"lazy\" decoding=\"async\" src=\"http:\/\/radionorteatacama.cl\/wp-content\/uploads\/2025\/06\/FIRMA-300x109.png\" alt=\"\" width=\"300\" height=\"109\" class=\"alignnone size-medium wp-image-6739\" srcset=\"https:\/\/radionorteatacama.cl\/wp-content\/uploads\/2025\/06\/FIRMA-300x109.png 300w, https:\/\/radionorteatacama.cl\/wp-content\/uploads\/2025\/06\/FIRMA-768x279.png 768w, https:\/\/radionorteatacama.cl\/wp-content\/uploads\/2025\/06\/FIRMA.png 974w\" sizes=\"auto, (max-width: 300px) 100vw, 300px\" \/><\/p>\n        <div class=\"booster-block booster-reactions-block\">\n            <div class=\"twp-reactions-icons\">\n                \n                <div class=\"twp-reacts-wrap\">\n                    <a react-data=\"be-react-1\" post-id=\"6738\" class=\"be-face-icons un-reacted\" href=\"javascript:void(0)\">\n                        <img decoding=\"async\" src=\"https:\/\/radionorteatacama.cl\/wp-content\/plugins\/booster-extension\/\/assets\/icon\/happy.svg\" alt=\"Happy\">\n                    <\/a>\n                    <div class=\"twp-reaction-title\">\n                        Happy                    <\/div>\n                    <div class=\"twp-count-percent\">\n                                                    <span style=\"display: none;\" class=\"twp-react-count\">0<\/span>\n                        \n                                                <span class=\"twp-react-percent\"><span>0<\/span> %<\/span>\n                                            <\/div>\n                <\/div>\n\n                <div class=\"twp-reacts-wrap\">\n                    <a react-data=\"be-react-2\" post-id=\"6738\" class=\"be-face-icons un-reacted\" href=\"javascript:void(0)\">\n                        <img decoding=\"async\" src=\"https:\/\/radionorteatacama.cl\/wp-content\/plugins\/booster-extension\/\/assets\/icon\/sad.svg\" alt=\"Sad\">\n                    <\/a>\n                    <div class=\"twp-reaction-title\">\n                        Sad                    <\/div>\n                    <div class=\"twp-count-percent\">\n                                                    <span style=\"display: none;\" class=\"twp-react-count\">0<\/span>\n                                                                        <span class=\"twp-react-percent\"><span>0<\/span> %<\/span>\n                                            <\/div>\n                <\/div>\n\n                <div class=\"twp-reacts-wrap\">\n                    <a react-data=\"be-react-3\" post-id=\"6738\" class=\"be-face-icons un-reacted\" href=\"javascript:void(0)\">\n                        <img decoding=\"async\" src=\"https:\/\/radionorteatacama.cl\/wp-content\/plugins\/booster-extension\/\/assets\/icon\/excited.svg\" alt=\"Excited\">\n                    <\/a>\n                    <div class=\"twp-reaction-title\">\n                        Excited                    <\/div>\n                    <div class=\"twp-count-percent\">\n                                                    <span style=\"display: none;\" class=\"twp-react-count\">0<\/span>\n                                                                        <span class=\"twp-react-percent\"><span>0<\/span> %<\/span>\n                                            <\/div>\n                <\/div>\n\n                <div class=\"twp-reacts-wrap\">\n                    <a react-data=\"be-react-6\" post-id=\"6738\" class=\"be-face-icons un-reacted\" href=\"javascript:void(0)\">\n                        <img decoding=\"async\" src=\"https:\/\/radionorteatacama.cl\/wp-content\/plugins\/booster-extension\/\/assets\/icon\/sleepy.svg\" alt=\"Sleepy\">\n                    <\/a>\n                    <div class=\"twp-reaction-title\">\n                        Sleepy                    <\/div>\n                    <div class=\"twp-count-percent\">\n                                                    <span style=\"display: none;\" class=\"twp-react-count\">0<\/span>\n                        \n                                                <span class=\"twp-react-percent\"><span>0<\/span> %<\/span>\n                                            <\/div>\n                <\/div>\n\n                <div class=\"twp-reacts-wrap\">\n                    <a react-data=\"be-react-4\" post-id=\"6738\" class=\"be-face-icons un-reacted\" href=\"javascript:void(0)\">\n                        <img decoding=\"async\" src=\"https:\/\/radionorteatacama.cl\/wp-content\/plugins\/booster-extension\/\/assets\/icon\/angry.svg\" alt=\"Angry\">\n                    <\/a>\n                    <div class=\"twp-reaction-title\">Angry<\/div>\n                    <div class=\"twp-count-percent\">\n                                                    <span style=\"display: none;\" class=\"twp-react-count\">0<\/span>\n                                                                        <span class=\"twp-react-percent\"><span>0<\/span> %<\/span>\n                        \n                    <\/div>\n                <\/div>\n\n                <div class=\"twp-reacts-wrap\">\n                    <a react-data=\"be-react-5\" post-id=\"6738\" class=\"be-face-icons un-reacted\" href=\"javascript:void(0)\">\n                        <img decoding=\"async\" src=\"https:\/\/radionorteatacama.cl\/wp-content\/plugins\/booster-extension\/\/assets\/icon\/surprise.svg\" alt=\"Surprise\">\n                    <\/a>\n                    <div class=\"twp-reaction-title\">Surprise<\/div>\n                    <div class=\"twp-count-percent\">\n                                                    <span style=\"display: none;\" class=\"twp-react-count\">0<\/span>\n                                                                        <span class=\"twp-react-percent\"><span>0<\/span> %<\/span>\n                                            <\/div>\n                <\/div>\n\n            <\/div>\n        <\/div>\n\n    ","protected":false},"excerpt":{"rendered":"<p>El candidato de la Federaci\u00f3n Regionalista Verde Social (FREVS), Jaime Mulet, abord\u00f3 con preocupaci\u00f3n el escenario internacional y critic\u00f3 la reacci\u00f3n del Ejecutivo frente al conflicto en curso, destacando la necesidad de actuar con mayor prudencia diplom\u00e1tica y reforzar la autonom\u00eda estrat\u00e9gica del pa\u00eds en \u00e1reas clave como energ\u00eda y alimentaci\u00f3n. \u201cYo creo que hay [&hellip;]<\/p>\n","protected":false},"author":1,"featured_media":0,"comment_status":"open","ping_status":"open","sticky":false,"template":"","format":"standard","meta":{"_joinchat":[],"footnotes":""},"categories":[1],"tags":[],"class_list":["post-6738","post","type-post","status-publish","format-standard","hentry","category-uncategorized"],"jetpack_featured_media_url":"","blog_post_layout_featured_media_urls":{"thumbnail":"","full":""},"categories_names":{"1":{"name":"Uncategorized","link":"https:\/\/radionorteatacama.cl\/index.php\/category\/uncategorized\/"}},"tags_names":[],"comments_number":"0","_links":{"self":[{"href":"https:\/\/radionorteatacama.cl\/index.php\/wp-json\/wp\/v2\/posts\/6738","targetHints":{"allow":["GET"]}}],"collection":[{"href":"https:\/\/radionorteatacama.cl\/index.php\/wp-json\/wp\/v2\/posts"}],"about":[{"href":"https:\/\/radionorteatacama.cl\/index.php\/wp-json\/wp\/v2\/types\/post"}],"author":[{"embeddable":true,"href":"https:\/\/radionorteatacama.cl\/index.php\/wp-json\/wp\/v2\/users\/1"}],"replies":[{"embeddable":true,"href":"https:\/\/radionorteatacama.cl\/index.php\/wp-json\/wp\/v2\/comments?post=6738"}],"version-history":[{"count":2,"href":"https:\/\/radionorteatacama.cl\/index.php\/wp-json\/wp\/v2\/posts\/6738\/revisions"}],"predecessor-version":[{"id":6741,"href":"https:\/\/radionorteatacama.cl\/index.php\/wp-json\/wp\/v2\/posts\/6738\/revisions\/6741"}],"wp:attachment":[{"href":"https:\/\/radionorteatacama.cl\/index.php\/wp-json\/wp\/v2\/media?parent=6738"}],"wp:term":[{"taxonomy":"category","embeddable":true,"href":"https:\/\/radionorteatacama.cl\/index.php\/wp-json\/wp\/v2\/categories?post=6738"},{"taxonomy":"post_tag","embeddable":true,"href":"https:\/\/radionorteatacama.cl\/index.php\/wp-json\/wp\/v2\/tags?post=6738"}],"curies":[{"name":"wp","href":"https:\/\/api.w.org\/{rel}","templated":true}]}}