{"id":6700,"date":"2025-06-24T05:19:34","date_gmt":"2025-06-24T05:19:34","guid":{"rendered":"https:\/\/radionorteatacama.cl\/?p=6700"},"modified":"2025-06-24T05:19:34","modified_gmt":"2025-06-24T05:19:34","slug":"realizan-gabinete-regional-de-justicia-y-derechos-humanos","status":"publish","type":"post","link":"https:\/\/radionorteatacama.cl\/index.php\/2025\/06\/24\/realizan-gabinete-regional-de-justicia-y-derechos-humanos\/","title":{"rendered":"Realizan Gabinete Regional de Justicia y Derechos Humanos"},"content":{"rendered":"<div class='booster-block booster-read-block'>\n                <div class=\"twp-read-time\">\n                \t<i class=\"booster-icon twp-clock\"><\/i> <span>Read Time:<\/span>1 Minute, 25 Second                <\/div>\n\n            <\/div><p><img loading=\"lazy\" decoding=\"async\" src=\"http:\/\/radionorteatacama.cl\/wp-content\/uploads\/2025\/06\/interactiva-noticias.jpg\" alt=\"\" width=\"225\" height=\"225\" class=\"alignnone size-full wp-image-6696\" srcset=\"https:\/\/radionorteatacama.cl\/wp-content\/uploads\/2025\/06\/interactiva-noticias.jpg 225w, https:\/\/radionorteatacama.cl\/wp-content\/uploads\/2025\/06\/interactiva-noticias-150x150.jpg 150w\" sizes=\"auto, (max-width: 225px) 100vw, 225px\" \/><\/p>\n<p>Revisar el actual estado de la infraestructura sectorial existente en la regi\u00f3n, fue uno de los principales cometidos del Gabinete Regional de Justicia, instancia de coordinaci\u00f3n en la cual participan representantes de los servicios dependientes y relacionados del Ministerio de Justicia y Derechos Humanos.<br \/>\nLa jornada liderada por el Seremi Tom\u00e1s Garay cont\u00f3 con la asistencia de las directoras regionales del Servicio de Registro Civil e Identificaci\u00f3n, Lucy Cepeda; del Servicio de Reinserci\u00f3n Social Juvenil, Carolina Cort\u00e9s y de la Corporaci\u00f3n de Asistencia Judicial, CAJ, Vivian Tapia junto al Defensor Regional, Ra\u00fal Palma; el director regional de Gendarmer\u00eda, Coronel Ervin Wandersleben y el representante del Servicio M\u00e9dico Legal, Danilo Goic.<br \/>\nDurante el encuentro los servicios dieron cuenta del estado de avance de diversas iniciativas financiadas por el Gobierno Regional de Atacama, las cuales han permitido mejorar la infraestructura de Gendarmer\u00eda y el Servicio de Reinserci\u00f3n Social Juvenil junto con  la modernizaci\u00f3n de equipamiento para la realizaci\u00f3n de algunos peritajes tanatol\u00f3gicos y de laboratorio efectuados por el Servicio M\u00e9dico Legal, as\u00ed como tambi\u00e9n reforzar la seguridad penitenciaria mediante la detecci\u00f3n oportuna de de elementos prohibidos a los penales, evitando su ingreso a dichos recintos  fortaleciendo el control penal y el resguardo de las personas privadas de libertad y de funcionarias y funcionarios.<br \/>\nOtra de las iniciativas revisadas fue la Defensor\u00eda Ciudadana programa ejecutado por la Corporaci\u00f3n de Asistencia Judicial y que tambi\u00e9n ha sido financiada por el Gobierno Regional de Atacama, unidad que ha brindado diversas atenciones a la comunidad en materias de orientaci\u00f3n y representaci\u00f3n jur\u00eddica.<br \/>\nEn este contexto, el seremi de Justicia y Derechos Humanos, Tom\u00e1s Garay precis\u00f3 \u201cen el gabinete correspondiente al mes de junio abordamos importantes materias que son claves.<\/p>\n        <div class=\"booster-block booster-reactions-block\">\n            <div class=\"twp-reactions-icons\">\n                \n                <div class=\"twp-reacts-wrap\">\n                    <a react-data=\"be-react-1\" post-id=\"6700\" class=\"be-face-icons un-reacted\" href=\"javascript:void(0)\">\n                        <img decoding=\"async\" src=\"https:\/\/radionorteatacama.cl\/wp-content\/plugins\/booster-extension\/\/assets\/icon\/happy.svg\" alt=\"Happy\">\n                    <\/a>\n                    <div class=\"twp-reaction-title\">\n                        Happy                    <\/div>\n                    <div class=\"twp-count-percent\">\n                                                    <span style=\"display: none;\" class=\"twp-react-count\">0<\/span>\n                        \n                                                <span class=\"twp-react-percent\"><span>0<\/span> %<\/span>\n                                            <\/div>\n                <\/div>\n\n                <div class=\"twp-reacts-wrap\">\n                    <a react-data=\"be-react-2\" post-id=\"6700\" class=\"be-face-icons un-reacted\" href=\"javascript:void(0)\">\n                        <img decoding=\"async\" src=\"https:\/\/radionorteatacama.cl\/wp-content\/plugins\/booster-extension\/\/assets\/icon\/sad.svg\" alt=\"Sad\">\n                    <\/a>\n                    <div class=\"twp-reaction-title\">\n                        Sad                    <\/div>\n                    <div class=\"twp-count-percent\">\n                                                    <span style=\"display: none;\" class=\"twp-react-count\">0<\/span>\n                                                                        <span class=\"twp-react-percent\"><span>0<\/span> %<\/span>\n                                            <\/div>\n                <\/div>\n\n                <div class=\"twp-reacts-wrap\">\n                    <a react-data=\"be-react-3\" post-id=\"6700\" class=\"be-face-icons un-reacted\" href=\"javascript:void(0)\">\n                        <img decoding=\"async\" src=\"https:\/\/radionorteatacama.cl\/wp-content\/plugins\/booster-extension\/\/assets\/icon\/excited.svg\" alt=\"Excited\">\n                    <\/a>\n                    <div class=\"twp-reaction-title\">\n                        Excited                    <\/div>\n                    <div class=\"twp-count-percent\">\n                                                    <span style=\"display: none;\" class=\"twp-react-count\">0<\/span>\n                                                                        <span class=\"twp-react-percent\"><span>0<\/span> %<\/span>\n                                            <\/div>\n                <\/div>\n\n                <div class=\"twp-reacts-wrap\">\n                    <a react-data=\"be-react-6\" post-id=\"6700\" class=\"be-face-icons un-reacted\" href=\"javascript:void(0)\">\n                        <img decoding=\"async\" src=\"https:\/\/radionorteatacama.cl\/wp-content\/plugins\/booster-extension\/\/assets\/icon\/sleepy.svg\" alt=\"Sleepy\">\n                    <\/a>\n                    <div class=\"twp-reaction-title\">\n                        Sleepy                    <\/div>\n                    <div class=\"twp-count-percent\">\n                                                    <span style=\"display: none;\" class=\"twp-react-count\">0<\/span>\n                        \n                                                <span class=\"twp-react-percent\"><span>0<\/span> %<\/span>\n                                            <\/div>\n                <\/div>\n\n                <div class=\"twp-reacts-wrap\">\n                    <a react-data=\"be-react-4\" post-id=\"6700\" class=\"be-face-icons un-reacted\" href=\"javascript:void(0)\">\n                        <img decoding=\"async\" src=\"https:\/\/radionorteatacama.cl\/wp-content\/plugins\/booster-extension\/\/assets\/icon\/angry.svg\" alt=\"Angry\">\n                    <\/a>\n                    <div class=\"twp-reaction-title\">Angry<\/div>\n                    <div class=\"twp-count-percent\">\n                                                    <span style=\"display: none;\" class=\"twp-react-count\">0<\/span>\n                                                                        <span class=\"twp-react-percent\"><span>0<\/span> %<\/span>\n                        \n                    <\/div>\n                <\/div>\n\n                <div class=\"twp-reacts-wrap\">\n                    <a react-data=\"be-react-5\" post-id=\"6700\" class=\"be-face-icons un-reacted\" href=\"javascript:void(0)\">\n                        <img decoding=\"async\" src=\"https:\/\/radionorteatacama.cl\/wp-content\/plugins\/booster-extension\/\/assets\/icon\/surprise.svg\" alt=\"Surprise\">\n                    <\/a>\n                    <div class=\"twp-reaction-title\">Surprise<\/div>\n                    <div class=\"twp-count-percent\">\n                                                    <span style=\"display: none;\" class=\"twp-react-count\">0<\/span>\n                                                                        <span class=\"twp-react-percent\"><span>0<\/span> %<\/span>\n                                            <\/div>\n                <\/div>\n\n            <\/div>\n        <\/div>\n\n    ","protected":false},"excerpt":{"rendered":"<p>Revisar el actual estado de la infraestructura sectorial existente en la regi\u00f3n, fue uno de los principales cometidos del Gabinete Regional de Justicia, instancia de coordinaci\u00f3n en la cual participan representantes de los servicios dependientes y relacionados del Ministerio de Justicia y Derechos Humanos. La jornada liderada por el Seremi Tom\u00e1s Garay cont\u00f3 con la [&hellip;]<\/p>\n","protected":false},"author":1,"featured_media":0,"comment_status":"open","ping_status":"open","sticky":false,"template":"","format":"standard","meta":{"_joinchat":[],"footnotes":""},"categories":[1],"tags":[],"class_list":["post-6700","post","type-post","status-publish","format-standard","hentry","category-uncategorized"],"jetpack_featured_media_url":"","blog_post_layout_featured_media_urls":{"thumbnail":"","full":""},"categories_names":{"1":{"name":"Uncategorized","link":"https:\/\/radionorteatacama.cl\/index.php\/category\/uncategorized\/"}},"tags_names":[],"comments_number":"0","_links":{"self":[{"href":"https:\/\/radionorteatacama.cl\/index.php\/wp-json\/wp\/v2\/posts\/6700","targetHints":{"allow":["GET"]}}],"collection":[{"href":"https:\/\/radionorteatacama.cl\/index.php\/wp-json\/wp\/v2\/posts"}],"about":[{"href":"https:\/\/radionorteatacama.cl\/index.php\/wp-json\/wp\/v2\/types\/post"}],"author":[{"embeddable":true,"href":"https:\/\/radionorteatacama.cl\/index.php\/wp-json\/wp\/v2\/users\/1"}],"replies":[{"embeddable":true,"href":"https:\/\/radionorteatacama.cl\/index.php\/wp-json\/wp\/v2\/comments?post=6700"}],"version-history":[{"count":1,"href":"https:\/\/radionorteatacama.cl\/index.php\/wp-json\/wp\/v2\/posts\/6700\/revisions"}],"predecessor-version":[{"id":6701,"href":"https:\/\/radionorteatacama.cl\/index.php\/wp-json\/wp\/v2\/posts\/6700\/revisions\/6701"}],"wp:attachment":[{"href":"https:\/\/radionorteatacama.cl\/index.php\/wp-json\/wp\/v2\/media?parent=6700"}],"wp:term":[{"taxonomy":"category","embeddable":true,"href":"https:\/\/radionorteatacama.cl\/index.php\/wp-json\/wp\/v2\/categories?post=6700"},{"taxonomy":"post_tag","embeddable":true,"href":"https:\/\/radionorteatacama.cl\/index.php\/wp-json\/wp\/v2\/tags?post=6700"}],"curies":[{"name":"wp","href":"https:\/\/api.w.org\/{rel}","templated":true}]}}