{"id":6695,"date":"2025-06-24T05:16:20","date_gmt":"2025-06-24T05:16:20","guid":{"rendered":"https:\/\/radionorteatacama.cl\/?p=6695"},"modified":"2025-06-24T05:16:20","modified_gmt":"2025-06-24T05:16:20","slug":"atacama-celebra-declaracion-de-lugares-de-potrerillos-como-monumentos-nacionales-e-historicos","status":"publish","type":"post","link":"https:\/\/radionorteatacama.cl\/index.php\/2025\/06\/24\/atacama-celebra-declaracion-de-lugares-de-potrerillos-como-monumentos-nacionales-e-historicos\/","title":{"rendered":"Atacama celebra declaraci\u00f3n de lugares de Potrerillos como Monumentos Nacionales e Hist\u00f3ricos"},"content":{"rendered":"<div class='booster-block booster-read-block'>\n                <div class=\"twp-read-time\">\n                \t<i class=\"booster-icon twp-clock\"><\/i> <span>Read Time:<\/span>1 Minute, 26 Second                <\/div>\n\n            <\/div><p><img loading=\"lazy\" decoding=\"async\" src=\"http:\/\/radionorteatacama.cl\/wp-content\/uploads\/2025\/06\/interactiva-noticias.jpg\" alt=\"\" width=\"225\" height=\"225\" class=\"alignnone size-full wp-image-6696\" srcset=\"https:\/\/radionorteatacama.cl\/wp-content\/uploads\/2025\/06\/interactiva-noticias.jpg 225w, https:\/\/radionorteatacama.cl\/wp-content\/uploads\/2025\/06\/interactiva-noticias-150x150.jpg 150w\" sizes=\"auto, (max-width: 225px) 100vw, 225px\" \/><\/p>\n<p>Autoridades acordaron avanzar en un plan de gesti\u00f3n, con el prop\u00f3sito de coordinar la pronta restauraci\u00f3n de infraestructuras<br \/>\nLuego de la publicaci\u00f3n realizada en el Diario Oficial el pasado 18 de junio, la cual declara como monumentos nacionales e hist\u00f3ricos a algunos lugares al antiguo asentamiento minero de Potrerillos, se llev\u00f3 a cabo en dependencia del Gobierno Regional, una reuni\u00f3n entre autoridades y las distintas agrupaciones de potrerillanos y potrerillanas de Atacama, con el objetivo de celebrar la iniciativa, adem\u00e1s de coordinar un Plan de Gesti\u00f3n que incluye la restauraci\u00f3n de infraestructura y la conmemoraci\u00f3n de fechas importantes para la comunidad.<br \/>\nDe acuerdo a esto, cabe recordar que la declaratoria de monumento nacional realizada por el Consejo de Monumentos Nacionales, consider\u00f3 tres \u201czonas t\u00edpicas\u201d que son el Centro Hist\u00f3rico, el Sector Norteamericano, y el Sector Obreros, mientras que declara siete \u201cmonumentos hist\u00f3ricos\u201d que son la Casa del Subgerente, la Escuela Americana, el Teatro Andes, la Escuela Chilena, la Iglesia, el Club Social, y el Cementerio de Potrerillos.<br \/>\nEl encuentro cont\u00f3 con la presencia del Gobernador Regional de Atacama; Miguel Vargas, el Alcalde de Diego de Almagro; Mario Araya, la Seremi de las Artes, las Culturas, y el Patrimonio de Atacama; Carolina Armenakis, el Gerente de Sustentabilidad y Seguridad de Codelco divisi\u00f3n El Salvador, Ricardo Sobarzo, representantes de la Asociaci\u00f3n de Ejecutivos y Profesionales de Diego de Almagro (ASEDEP), la Agrupaci\u00f3n de Potrerillanos en Copiap\u00f3 y la Agrupaci\u00f3n de Potrerillanos de la Provincia del Huasco.<br \/>\nRespecto al trabajo realizado por las organizaciones y al plan de gesti\u00f3n que se llevar\u00e1 a cabo, el Gobernador de Atacama, Miguel Vargas, se\u00f1al\u00f3: \u201c Quiero destacar el trabajo articulado y reconocer la perseverancia de las organizaciones, de las distintas agrupaciones de potrerillan<\/p>\n        <div class=\"booster-block booster-reactions-block\">\n            <div class=\"twp-reactions-icons\">\n                \n                <div class=\"twp-reacts-wrap\">\n                    <a react-data=\"be-react-1\" post-id=\"6695\" class=\"be-face-icons un-reacted\" href=\"javascript:void(0)\">\n                        <img decoding=\"async\" src=\"https:\/\/radionorteatacama.cl\/wp-content\/plugins\/booster-extension\/\/assets\/icon\/happy.svg\" alt=\"Happy\">\n                    <\/a>\n                    <div class=\"twp-reaction-title\">\n                        Happy                    <\/div>\n                    <div class=\"twp-count-percent\">\n                                                    <span style=\"display: none;\" class=\"twp-react-count\">0<\/span>\n                        \n                                                <span class=\"twp-react-percent\"><span>0<\/span> %<\/span>\n                                            <\/div>\n                <\/div>\n\n                <div class=\"twp-reacts-wrap\">\n                    <a react-data=\"be-react-2\" post-id=\"6695\" class=\"be-face-icons un-reacted\" href=\"javascript:void(0)\">\n                        <img decoding=\"async\" src=\"https:\/\/radionorteatacama.cl\/wp-content\/plugins\/booster-extension\/\/assets\/icon\/sad.svg\" alt=\"Sad\">\n                    <\/a>\n                    <div class=\"twp-reaction-title\">\n                        Sad                    <\/div>\n                    <div class=\"twp-count-percent\">\n                                                    <span style=\"display: none;\" class=\"twp-react-count\">0<\/span>\n                                                                        <span class=\"twp-react-percent\"><span>0<\/span> %<\/span>\n                                            <\/div>\n                <\/div>\n\n                <div class=\"twp-reacts-wrap\">\n                    <a react-data=\"be-react-3\" post-id=\"6695\" class=\"be-face-icons un-reacted\" href=\"javascript:void(0)\">\n                        <img decoding=\"async\" src=\"https:\/\/radionorteatacama.cl\/wp-content\/plugins\/booster-extension\/\/assets\/icon\/excited.svg\" alt=\"Excited\">\n                    <\/a>\n                    <div class=\"twp-reaction-title\">\n                        Excited                    <\/div>\n                    <div class=\"twp-count-percent\">\n                                                    <span style=\"display: none;\" class=\"twp-react-count\">0<\/span>\n                                                                        <span class=\"twp-react-percent\"><span>0<\/span> %<\/span>\n                                            <\/div>\n                <\/div>\n\n                <div class=\"twp-reacts-wrap\">\n                    <a react-data=\"be-react-6\" post-id=\"6695\" class=\"be-face-icons un-reacted\" href=\"javascript:void(0)\">\n                        <img decoding=\"async\" src=\"https:\/\/radionorteatacama.cl\/wp-content\/plugins\/booster-extension\/\/assets\/icon\/sleepy.svg\" alt=\"Sleepy\">\n                    <\/a>\n                    <div class=\"twp-reaction-title\">\n                        Sleepy                    <\/div>\n                    <div class=\"twp-count-percent\">\n                                                    <span style=\"display: none;\" class=\"twp-react-count\">0<\/span>\n                        \n                                                <span class=\"twp-react-percent\"><span>0<\/span> %<\/span>\n                                            <\/div>\n                <\/div>\n\n                <div class=\"twp-reacts-wrap\">\n                    <a react-data=\"be-react-4\" post-id=\"6695\" class=\"be-face-icons un-reacted\" href=\"javascript:void(0)\">\n                        <img decoding=\"async\" src=\"https:\/\/radionorteatacama.cl\/wp-content\/plugins\/booster-extension\/\/assets\/icon\/angry.svg\" alt=\"Angry\">\n                    <\/a>\n                    <div class=\"twp-reaction-title\">Angry<\/div>\n                    <div class=\"twp-count-percent\">\n                                                    <span style=\"display: none;\" class=\"twp-react-count\">0<\/span>\n                                                                        <span class=\"twp-react-percent\"><span>0<\/span> %<\/span>\n                        \n                    <\/div>\n                <\/div>\n\n                <div class=\"twp-reacts-wrap\">\n                    <a react-data=\"be-react-5\" post-id=\"6695\" class=\"be-face-icons un-reacted\" href=\"javascript:void(0)\">\n                        <img decoding=\"async\" src=\"https:\/\/radionorteatacama.cl\/wp-content\/plugins\/booster-extension\/\/assets\/icon\/surprise.svg\" alt=\"Surprise\">\n                    <\/a>\n                    <div class=\"twp-reaction-title\">Surprise<\/div>\n                    <div class=\"twp-count-percent\">\n                                                    <span style=\"display: none;\" class=\"twp-react-count\">0<\/span>\n                                                                        <span class=\"twp-react-percent\"><span>0<\/span> %<\/span>\n                                            <\/div>\n                <\/div>\n\n            <\/div>\n        <\/div>\n\n    ","protected":false},"excerpt":{"rendered":"<p>Autoridades acordaron avanzar en un plan de gesti\u00f3n, con el prop\u00f3sito de coordinar la pronta restauraci\u00f3n de infraestructuras Luego de la publicaci\u00f3n realizada en el Diario Oficial el pasado 18 de junio, la cual declara como monumentos nacionales e hist\u00f3ricos a algunos lugares al antiguo asentamiento minero de Potrerillos, se llev\u00f3 a cabo en dependencia [&hellip;]<\/p>\n","protected":false},"author":1,"featured_media":0,"comment_status":"open","ping_status":"open","sticky":false,"template":"","format":"standard","meta":{"_joinchat":[],"footnotes":""},"categories":[1],"tags":[],"class_list":["post-6695","post","type-post","status-publish","format-standard","hentry","category-uncategorized"],"jetpack_featured_media_url":"","blog_post_layout_featured_media_urls":{"thumbnail":"","full":""},"categories_names":{"1":{"name":"Uncategorized","link":"https:\/\/radionorteatacama.cl\/index.php\/category\/uncategorized\/"}},"tags_names":[],"comments_number":"0","_links":{"self":[{"href":"https:\/\/radionorteatacama.cl\/index.php\/wp-json\/wp\/v2\/posts\/6695","targetHints":{"allow":["GET"]}}],"collection":[{"href":"https:\/\/radionorteatacama.cl\/index.php\/wp-json\/wp\/v2\/posts"}],"about":[{"href":"https:\/\/radionorteatacama.cl\/index.php\/wp-json\/wp\/v2\/types\/post"}],"author":[{"embeddable":true,"href":"https:\/\/radionorteatacama.cl\/index.php\/wp-json\/wp\/v2\/users\/1"}],"replies":[{"embeddable":true,"href":"https:\/\/radionorteatacama.cl\/index.php\/wp-json\/wp\/v2\/comments?post=6695"}],"version-history":[{"count":1,"href":"https:\/\/radionorteatacama.cl\/index.php\/wp-json\/wp\/v2\/posts\/6695\/revisions"}],"predecessor-version":[{"id":6697,"href":"https:\/\/radionorteatacama.cl\/index.php\/wp-json\/wp\/v2\/posts\/6695\/revisions\/6697"}],"wp:attachment":[{"href":"https:\/\/radionorteatacama.cl\/index.php\/wp-json\/wp\/v2\/media?parent=6695"}],"wp:term":[{"taxonomy":"category","embeddable":true,"href":"https:\/\/radionorteatacama.cl\/index.php\/wp-json\/wp\/v2\/categories?post=6695"},{"taxonomy":"post_tag","embeddable":true,"href":"https:\/\/radionorteatacama.cl\/index.php\/wp-json\/wp\/v2\/tags?post=6695"}],"curies":[{"name":"wp","href":"https:\/\/api.w.org\/{rel}","templated":true}]}}