{"id":6647,"date":"2025-06-13T02:05:29","date_gmt":"2025-06-13T02:05:29","guid":{"rendered":"http:\/\/radionorteatacama.cl\/?p=6647"},"modified":"2025-06-13T02:05:29","modified_gmt":"2025-06-13T02:05:29","slug":"seminario-internacional-de-lideres-de-innovacion-para-la-resiliencia-del-desierto-se-realiza-por-primera-vez-en-la-region-de-atacama","status":"publish","type":"post","link":"https:\/\/radionorteatacama.cl\/index.php\/2025\/06\/13\/seminario-internacional-de-lideres-de-innovacion-para-la-resiliencia-del-desierto-se-realiza-por-primera-vez-en-la-region-de-atacama\/","title":{"rendered":"Seminario Internacional de L\u00edderes de Innovaci\u00f3n para la Resiliencia del Desierto se realiza por primera vez en la regi\u00f3n de Atacama"},"content":{"rendered":"<div class='booster-block booster-read-block'>\n                <div class=\"twp-read-time\">\n                \t<i class=\"booster-icon twp-clock\"><\/i> <span>Read Time:<\/span>3 Minute, 26 Second                <\/div>\n\n            <\/div><p>La instancia, que cuenta con la colaboraci\u00f3n del Gobierno Regional Atacama, se realizar\u00e1<br \/>\nhasta el viernes 13 de junio y cuenta con la participaci\u00f3n de delegaciones de Per\u00fa, Bolivia,<br \/>\nArgentina, Chile, Israel, Estados Unidos, Suiza, Espa\u00f1a y Korea del Sur.<br \/>\nDurante esta semana, se lleva a cabo en la regi\u00f3n el \u201cSeminario Internacional: L\u00edderes de<br \/>\nInnovaci\u00f3n para la Resiliencia del Desierto\u201d, una instancia que cuenta con la colaboraci\u00f3n del<br \/>\nGobierno Regional de Atacama y que es organizada por la Convenci\u00f3n de las Naciones Unidas de<br \/>\nLucha contra la Desertificaci\u00f3n (UNCCD), el Banco Interamericano de Desarrollo (BID\/IDB), a trav\u00e9s<br \/>\nde su Alianza Fuente de Innovaci\u00f3n, y PLANETech Nexus.<br \/>\nLa iniciativa, tiene como prop\u00f3sito reunir a diferentes autoridades p\u00fablicas y privadas, adem\u00e1s de<br \/>\nacad\u00e9micos a nivel regional y nacional, como tambi\u00e9n emprendedores y expertos internacionales<br \/>\nde Per\u00fa, Bolivia, Argentina y Chile, con el objetivo de compartir experiencias innovadoras y<br \/>\ntecnolog\u00edas en torno a c\u00f3mo abordar el avance de la desertificaci\u00f3n y los desaf\u00edos metodol\u00f3gicos<br \/>\nque genera la escasez de agua en diferentes regiones de Latinoam\u00e9rica.<br \/>\nDicho seminario, tambi\u00e9n contempla la realizaci\u00f3n de actividades en terreno, a trav\u00e9s de la visita a<br \/>\ndiferentes empresas como C.A.P, Amffal, Sattel Chile y emprendimientos con experiencias<br \/>\ninnovadoras en sostenibilidad, las cuales han sido adoptadas de manera exitosa en las comunas de<br \/>\nCopiap\u00f3 y Tierra Amarilla con herramientas y proceso aplicados en el sector agr\u00edcola, minero,<br \/>\nenerg\u00e9tico, sanitario e infraestructura.<br \/>\nRespecto a la importancia de este seminario para la regi\u00f3n, el Gobernador Regional, Miguel Vargas<br \/>\nCorrea, se\u00f1al\u00f3 que: \u201cEl objetivo es avanzar hacia una red de colaboraci\u00f3n que ponga en valor todo<br \/>\nlo que representa el desierto, las dificultades que significa vivir en estos territorios y hacernos<br \/>\ncargo de las necesidades que tienen las personas y de seguir apostando por el desarrollo de las<br \/>\nactividades productivas. La miner\u00eda, la pesca, la peque\u00f1a agricultura. Somos una regi\u00f3n l\u00edder, por<br \/>\nejemplo, en desalaci\u00f3n, somos una regi\u00f3n l\u00edder tambi\u00e9n en generaci\u00f3n de energ\u00edas limpias. Toda<br \/>\nesa experiencia la ponemos a disposici\u00f3n y a partir de este seminario, obviamente que se nos da<br \/>\nun impulso importante para seguir apoyando el desarrollo de tecnolog\u00edas innovadoras\u201d.<br \/>\nDe acuerdo a esto, Sharon Broid Goldberg, quien forma parte del Instituto Israel\u00ed de Innovaci\u00f3n y<br \/>\nencargada de PLANETech Nexus, dijo que: \u201cEste seminario se dedica a construir puentes entre<br \/>\ndiferentes zonas para enfrentar la sequ\u00eda, para conectar tecnolog\u00edas de agua, de agricultura y de<br \/>\nenerg\u00eda, en las zonas que lo necesitan m\u00e1s, de forma productiva y r\u00e1pida. Nosotros tambi\u00e9n,<br \/>\napoyamos todo el proceso de entender los desaf\u00edos y hacer scouting para encontrar a las<br \/>\nempresas relevantes y construir las pruebas de concepto con las compa\u00f1\u00edas\u201d.<br \/>\nDesde el punto de vista latinoamericano, Mar\u00eda Florencia Barbarich, quien es investigadora del<br \/>\nInstituto Nacional de Tecnolog\u00eda Agropecuaria en la Provincia de Jujuy, Argentina, indic\u00f3 \u201cEl<br \/>\nseminario lo que busca, es acercar precisamente tecnolog\u00edas disponibles que puedan brindar<br \/>\nsoluciones a problem\u00e1ticas concretas que tenemos mayormente en los pa\u00edses en desarrollo. A la<\/p>\n<p>vez, nos da alguna formaci\u00f3n acerca de c\u00f3mo acceder a planes de negocio, a financiamientos.<br \/>\nEntonces creo que para nosotros, para Latinoam\u00e9rica, que tenemos muy buenos investigadores e<br \/>\ninvestigadoras con muy buena formaci\u00f3n, equipos t\u00e9cnicos, pero que quiz\u00e1s nos falta un poco m\u00e1s<br \/>\nesa pauta comercial en el mercado mundial de tecnolog\u00eda, es una herramienta \u00fatil\u201d.<br \/>\nPor su parte, el Jefe de la Divisi\u00f3n de Planificaci\u00f3n y Desarrollo (DIPLADE) del Gobierno Regional de<br \/>\nAtacama, Alejandro Escudero, manifest\u00f3: \u201cHemos estado compartiendo nuestras experiencias<br \/>\ntecnol\u00f3gicas, nuestras metodolog\u00edas, les hemos estado contando, nosotros los anfitriones de<br \/>\nAtacama, c\u00f3mo hemos ido desarrollando sistemas que permitan aprovechar o encontrar<br \/>\noportunidades en nuestro desierto de Atacama, con una mirada de sustentabilidad y de resiliencia<br \/>\nen el desierto, en cuanto a temas de energ\u00edas renovables, de miner\u00eda, de agricultura en el desierto,<br \/>\nde manera de compartir experiencias\u201d.<br \/>\nCabe indicar que una vez finalizado el seminario, corresponder\u00e1n las etapas de seguimiento de<br \/>\naquellos proyectos innovadores, los cuales ser\u00e1n seleccionados por las instituciones organizadoras<br \/>\nentre los meses de junio y julio, para posteriormente, llevar a cabo en el mes de agosto, el proceso<br \/>\nde selecci\u00f3n y financiamiento de dichos programas pilotos.<\/p>\n        <div class=\"booster-block booster-reactions-block\">\n            <div class=\"twp-reactions-icons\">\n                \n                <div class=\"twp-reacts-wrap\">\n                    <a react-data=\"be-react-1\" post-id=\"6647\" class=\"be-face-icons un-reacted\" href=\"javascript:void(0)\">\n                        <img decoding=\"async\" src=\"https:\/\/radionorteatacama.cl\/wp-content\/plugins\/booster-extension\/\/assets\/icon\/happy.svg\" alt=\"Happy\">\n                    <\/a>\n                    <div class=\"twp-reaction-title\">\n                        Happy                    <\/div>\n                    <div class=\"twp-count-percent\">\n                                                    <span style=\"display: none;\" class=\"twp-react-count\">0<\/span>\n                        \n                                                <span class=\"twp-react-percent\"><span>0<\/span> %<\/span>\n                                            <\/div>\n                <\/div>\n\n                <div class=\"twp-reacts-wrap\">\n                    <a react-data=\"be-react-2\" post-id=\"6647\" class=\"be-face-icons un-reacted\" href=\"javascript:void(0)\">\n                        <img decoding=\"async\" src=\"https:\/\/radionorteatacama.cl\/wp-content\/plugins\/booster-extension\/\/assets\/icon\/sad.svg\" alt=\"Sad\">\n                    <\/a>\n                    <div class=\"twp-reaction-title\">\n                        Sad                    <\/div>\n                    <div class=\"twp-count-percent\">\n                                                    <span style=\"display: none;\" class=\"twp-react-count\">0<\/span>\n                                                                        <span class=\"twp-react-percent\"><span>0<\/span> %<\/span>\n                                            <\/div>\n                <\/div>\n\n                <div class=\"twp-reacts-wrap\">\n                    <a react-data=\"be-react-3\" post-id=\"6647\" class=\"be-face-icons un-reacted\" href=\"javascript:void(0)\">\n                        <img decoding=\"async\" src=\"https:\/\/radionorteatacama.cl\/wp-content\/plugins\/booster-extension\/\/assets\/icon\/excited.svg\" alt=\"Excited\">\n                    <\/a>\n                    <div class=\"twp-reaction-title\">\n                        Excited                    <\/div>\n                    <div class=\"twp-count-percent\">\n                                                    <span style=\"display: none;\" class=\"twp-react-count\">0<\/span>\n                                                                        <span class=\"twp-react-percent\"><span>0<\/span> %<\/span>\n                                            <\/div>\n                <\/div>\n\n                <div class=\"twp-reacts-wrap\">\n                    <a react-data=\"be-react-6\" post-id=\"6647\" class=\"be-face-icons un-reacted\" href=\"javascript:void(0)\">\n                        <img decoding=\"async\" src=\"https:\/\/radionorteatacama.cl\/wp-content\/plugins\/booster-extension\/\/assets\/icon\/sleepy.svg\" alt=\"Sleepy\">\n                    <\/a>\n                    <div class=\"twp-reaction-title\">\n                        Sleepy                    <\/div>\n                    <div class=\"twp-count-percent\">\n                                                    <span style=\"display: none;\" class=\"twp-react-count\">0<\/span>\n                        \n                                                <span class=\"twp-react-percent\"><span>0<\/span> %<\/span>\n                                            <\/div>\n                <\/div>\n\n                <div class=\"twp-reacts-wrap\">\n                    <a react-data=\"be-react-4\" post-id=\"6647\" class=\"be-face-icons un-reacted\" href=\"javascript:void(0)\">\n                        <img decoding=\"async\" src=\"https:\/\/radionorteatacama.cl\/wp-content\/plugins\/booster-extension\/\/assets\/icon\/angry.svg\" alt=\"Angry\">\n                    <\/a>\n                    <div class=\"twp-reaction-title\">Angry<\/div>\n                    <div class=\"twp-count-percent\">\n                                                    <span style=\"display: none;\" class=\"twp-react-count\">0<\/span>\n                                                                        <span class=\"twp-react-percent\"><span>0<\/span> %<\/span>\n                        \n                    <\/div>\n                <\/div>\n\n                <div class=\"twp-reacts-wrap\">\n                    <a react-data=\"be-react-5\" post-id=\"6647\" class=\"be-face-icons un-reacted\" href=\"javascript:void(0)\">\n                        <img decoding=\"async\" src=\"https:\/\/radionorteatacama.cl\/wp-content\/plugins\/booster-extension\/\/assets\/icon\/surprise.svg\" alt=\"Surprise\">\n                    <\/a>\n                    <div class=\"twp-reaction-title\">Surprise<\/div>\n                    <div class=\"twp-count-percent\">\n                                                    <span style=\"display: none;\" class=\"twp-react-count\">0<\/span>\n                                                                        <span class=\"twp-react-percent\"><span>0<\/span> %<\/span>\n                                            <\/div>\n                <\/div>\n\n            <\/div>\n        <\/div>\n\n    ","protected":false},"excerpt":{"rendered":"<p>La instancia, que cuenta con la colaboraci\u00f3n del Gobierno Regional Atacama, se realizar\u00e1 hasta el viernes 13 de junio y cuenta con la participaci\u00f3n de delegaciones de Per\u00fa, Bolivia, Argentina, Chile, Israel, Estados Unidos, Suiza, Espa\u00f1a y Korea del Sur. Durante esta semana, se lleva a cabo en la regi\u00f3n el \u201cSeminario Internacional: L\u00edderes de [&hellip;]<\/p>\n","protected":false},"author":1,"featured_media":0,"comment_status":"open","ping_status":"open","sticky":false,"template":"","format":"standard","meta":{"_joinchat":[],"footnotes":""},"categories":[1],"tags":[],"class_list":["post-6647","post","type-post","status-publish","format-standard","hentry","category-uncategorized"],"jetpack_featured_media_url":"","blog_post_layout_featured_media_urls":{"thumbnail":"","full":""},"categories_names":{"1":{"name":"Uncategorized","link":"https:\/\/radionorteatacama.cl\/index.php\/category\/uncategorized\/"}},"tags_names":[],"comments_number":"0","_links":{"self":[{"href":"https:\/\/radionorteatacama.cl\/index.php\/wp-json\/wp\/v2\/posts\/6647","targetHints":{"allow":["GET"]}}],"collection":[{"href":"https:\/\/radionorteatacama.cl\/index.php\/wp-json\/wp\/v2\/posts"}],"about":[{"href":"https:\/\/radionorteatacama.cl\/index.php\/wp-json\/wp\/v2\/types\/post"}],"author":[{"embeddable":true,"href":"https:\/\/radionorteatacama.cl\/index.php\/wp-json\/wp\/v2\/users\/1"}],"replies":[{"embeddable":true,"href":"https:\/\/radionorteatacama.cl\/index.php\/wp-json\/wp\/v2\/comments?post=6647"}],"version-history":[{"count":1,"href":"https:\/\/radionorteatacama.cl\/index.php\/wp-json\/wp\/v2\/posts\/6647\/revisions"}],"predecessor-version":[{"id":6648,"href":"https:\/\/radionorteatacama.cl\/index.php\/wp-json\/wp\/v2\/posts\/6647\/revisions\/6648"}],"wp:attachment":[{"href":"https:\/\/radionorteatacama.cl\/index.php\/wp-json\/wp\/v2\/media?parent=6647"}],"wp:term":[{"taxonomy":"category","embeddable":true,"href":"https:\/\/radionorteatacama.cl\/index.php\/wp-json\/wp\/v2\/categories?post=6647"},{"taxonomy":"post_tag","embeddable":true,"href":"https:\/\/radionorteatacama.cl\/index.php\/wp-json\/wp\/v2\/tags?post=6647"}],"curies":[{"name":"wp","href":"https:\/\/api.w.org\/{rel}","templated":true}]}}