{"id":6645,"date":"2025-06-13T02:04:45","date_gmt":"2025-06-13T02:04:45","guid":{"rendered":"http:\/\/radionorteatacama.cl\/?p=6645"},"modified":"2025-06-13T02:04:45","modified_gmt":"2025-06-13T02:04:45","slug":"frevs-propone-dos-listas-parlamentarias-no-nos-someteremos-a-restringir-nuestra-participacion","status":"publish","type":"post","link":"https:\/\/radionorteatacama.cl\/index.php\/2025\/06\/13\/frevs-propone-dos-listas-parlamentarias-no-nos-someteremos-a-restringir-nuestra-participacion\/","title":{"rendered":"Frevs propone dos listas parlamentarias: &#8220;No nos someteremos a restringir nuestra participaci\u00f3n&#8221;"},"content":{"rendered":"<div class='booster-block booster-read-block'>\n                <div class=\"twp-read-time\">\n                \t<i class=\"booster-icon twp-clock\"><\/i> <span>Read Time:<\/span>2 Minute, 7 Second                <\/div>\n\n            <\/div><p>Durante su gira nacional como candidato presidencial, el diputado Jaime Mulet reafirm\u00f3 en Talca su compromiso con una propuesta transformadora y plural para el pa\u00eds. En una entrevista concedida a una emisora local, Mulet abord\u00f3 con franqueza el escenario pol\u00edtico que enfrenta su sector, advirtiendo sobre presiones para restringir su despliegue electoral.<br \/>\n\u201cIr\u00edamos en listas separadas con quien sea. Si es necesario ir solos, iremos solos. Pero no nos vamos a someter a los designios de dos o tres partidos que hoy d\u00eda tienen m\u00e1s fuerza y quieren limitarnos a cinco distritos. Eso no lo vamos a permitir\u201d, se\u00f1al\u00f3 con firmeza.<br \/>\nEl abanderado tambi\u00e9n explic\u00f3 que, pese a las complejidades del momento, ya se han tomado definiciones. \u201cHemos conversado con los Liberales, el Partido Radical, Acci\u00f3n Humanista, la DC (\u2026) Ha sido un proceso algo lento, pero avanzamos y tomamos el acuerdo de ir en dos listas, para garantizar representaci\u00f3n y no subordinaci\u00f3n\u201d, agreg\u00f3.<br \/>\nSobre el escenario presidencial, Mulet reconoci\u00f3 que parte con un menor nivel de conocimiento p\u00fablico, pero enfatiz\u00f3 que ha logrado crecer sostenidamente en las encuestas. \u201cPart\u00ed marcando un 2% y ya voy en el 11% en algunas. Espero que en las primarias pueda superar a los otros candidatos\u201d, sostuvo, atribuyendo parte del desbalance actual a un mayor respaldo institucional del Gobierno a otras figuras, entre ellas dos exministras del Presidente Gabriel Boric.<br \/>\nEn esa l\u00ednea, afirm\u00f3 que su candidatura representa una alternativa con mayor capacidad de crecimiento electoral hacia el centro y el mundo humanista. \u201cAl Gobierno le conviene que salga yo, porque puedo crecer hacia ese mundo por mis valores cristianos y porque soy el \u00fanico candidato que se opone al aborto libre\u201d, indic\u00f3. Seg\u00fan Mulet, esa postura podr\u00eda convocar a un electorado m\u00e1s amplio y evitar la polarizaci\u00f3n que, a su juicio, generan candidaturas de origen marxista como las del Frente Amplio o el Partido Comunista.<br \/>\nFinalmente, subray\u00f3 el esp\u00edritu inclusivo de su proyecto: \u201cNosotros creemos que nadie sobra. Como dec\u00eda el excardenal Ra\u00fal Silva Henr\u00edquez, hay que buscar el alma del pa\u00eds. Y eso es lo que hacemos, mirando hacia el futuro con propuestas concretas y sin excluir a nadie\u201d.<br \/>\nEl mensaje del diputado Mulet se enmarca en su gira presidencial que continuar\u00e1 recorriendo diversas regiones del pa\u00eds durante las pr\u00f3ximas semanas, consolidando su presencia territorial y su proyecto pol\u00edtico.<\/p>\n<p>El candidato presidencial Jaime Mulet y su equipo de comunicaciones le saluda cordialmente y agradece que difundan este contenido y le invita a conocer sus redes sociales donde existen publicaciones que pueden ser de inter\u00e9s para sus pautas diarias.<\/p>\n        <div class=\"booster-block booster-reactions-block\">\n            <div class=\"twp-reactions-icons\">\n                \n                <div class=\"twp-reacts-wrap\">\n                    <a react-data=\"be-react-1\" post-id=\"6645\" class=\"be-face-icons un-reacted\" href=\"javascript:void(0)\">\n                        <img decoding=\"async\" src=\"https:\/\/radionorteatacama.cl\/wp-content\/plugins\/booster-extension\/\/assets\/icon\/happy.svg\" alt=\"Happy\">\n                    <\/a>\n                    <div class=\"twp-reaction-title\">\n                        Happy                    <\/div>\n                    <div class=\"twp-count-percent\">\n                                                    <span style=\"display: none;\" class=\"twp-react-count\">0<\/span>\n                        \n                                                <span class=\"twp-react-percent\"><span>0<\/span> %<\/span>\n                                            <\/div>\n                <\/div>\n\n                <div class=\"twp-reacts-wrap\">\n                    <a react-data=\"be-react-2\" post-id=\"6645\" class=\"be-face-icons un-reacted\" href=\"javascript:void(0)\">\n                        <img decoding=\"async\" src=\"https:\/\/radionorteatacama.cl\/wp-content\/plugins\/booster-extension\/\/assets\/icon\/sad.svg\" alt=\"Sad\">\n                    <\/a>\n                    <div class=\"twp-reaction-title\">\n                        Sad                    <\/div>\n                    <div class=\"twp-count-percent\">\n                                                    <span style=\"display: none;\" class=\"twp-react-count\">0<\/span>\n                                                                        <span class=\"twp-react-percent\"><span>0<\/span> %<\/span>\n                                            <\/div>\n                <\/div>\n\n                <div class=\"twp-reacts-wrap\">\n                    <a react-data=\"be-react-3\" post-id=\"6645\" class=\"be-face-icons un-reacted\" href=\"javascript:void(0)\">\n                        <img decoding=\"async\" src=\"https:\/\/radionorteatacama.cl\/wp-content\/plugins\/booster-extension\/\/assets\/icon\/excited.svg\" alt=\"Excited\">\n                    <\/a>\n                    <div class=\"twp-reaction-title\">\n                        Excited                    <\/div>\n                    <div class=\"twp-count-percent\">\n                                                    <span style=\"display: none;\" class=\"twp-react-count\">0<\/span>\n                                                                        <span class=\"twp-react-percent\"><span>0<\/span> %<\/span>\n                                            <\/div>\n                <\/div>\n\n                <div class=\"twp-reacts-wrap\">\n                    <a react-data=\"be-react-6\" post-id=\"6645\" class=\"be-face-icons un-reacted\" href=\"javascript:void(0)\">\n                        <img decoding=\"async\" src=\"https:\/\/radionorteatacama.cl\/wp-content\/plugins\/booster-extension\/\/assets\/icon\/sleepy.svg\" alt=\"Sleepy\">\n                    <\/a>\n                    <div class=\"twp-reaction-title\">\n                        Sleepy                    <\/div>\n                    <div class=\"twp-count-percent\">\n                                                    <span style=\"display: none;\" class=\"twp-react-count\">0<\/span>\n                        \n                                                <span class=\"twp-react-percent\"><span>0<\/span> %<\/span>\n                                            <\/div>\n                <\/div>\n\n                <div class=\"twp-reacts-wrap\">\n                    <a react-data=\"be-react-4\" post-id=\"6645\" class=\"be-face-icons un-reacted\" href=\"javascript:void(0)\">\n                        <img decoding=\"async\" src=\"https:\/\/radionorteatacama.cl\/wp-content\/plugins\/booster-extension\/\/assets\/icon\/angry.svg\" alt=\"Angry\">\n                    <\/a>\n                    <div class=\"twp-reaction-title\">Angry<\/div>\n                    <div class=\"twp-count-percent\">\n                                                    <span style=\"display: none;\" class=\"twp-react-count\">0<\/span>\n                                                                        <span class=\"twp-react-percent\"><span>0<\/span> %<\/span>\n                        \n                    <\/div>\n                <\/div>\n\n                <div class=\"twp-reacts-wrap\">\n                    <a react-data=\"be-react-5\" post-id=\"6645\" class=\"be-face-icons un-reacted\" href=\"javascript:void(0)\">\n                        <img decoding=\"async\" src=\"https:\/\/radionorteatacama.cl\/wp-content\/plugins\/booster-extension\/\/assets\/icon\/surprise.svg\" alt=\"Surprise\">\n                    <\/a>\n                    <div class=\"twp-reaction-title\">Surprise<\/div>\n                    <div class=\"twp-count-percent\">\n                                                    <span style=\"display: none;\" class=\"twp-react-count\">0<\/span>\n                                                                        <span class=\"twp-react-percent\"><span>0<\/span> %<\/span>\n                                            <\/div>\n                <\/div>\n\n            <\/div>\n        <\/div>\n\n    ","protected":false},"excerpt":{"rendered":"<p>Durante su gira nacional como candidato presidencial, el diputado Jaime Mulet reafirm\u00f3 en Talca su compromiso con una propuesta transformadora y plural para el pa\u00eds. En una entrevista concedida a una emisora local, Mulet abord\u00f3 con franqueza el escenario pol\u00edtico que enfrenta su sector, advirtiendo sobre presiones para restringir su despliegue electoral. \u201cIr\u00edamos en listas [&hellip;]<\/p>\n","protected":false},"author":1,"featured_media":0,"comment_status":"open","ping_status":"open","sticky":false,"template":"","format":"standard","meta":{"_joinchat":[],"footnotes":""},"categories":[1],"tags":[],"class_list":["post-6645","post","type-post","status-publish","format-standard","hentry","category-uncategorized"],"jetpack_featured_media_url":"","blog_post_layout_featured_media_urls":{"thumbnail":"","full":""},"categories_names":{"1":{"name":"Uncategorized","link":"https:\/\/radionorteatacama.cl\/index.php\/category\/uncategorized\/"}},"tags_names":[],"comments_number":"0","_links":{"self":[{"href":"https:\/\/radionorteatacama.cl\/index.php\/wp-json\/wp\/v2\/posts\/6645","targetHints":{"allow":["GET"]}}],"collection":[{"href":"https:\/\/radionorteatacama.cl\/index.php\/wp-json\/wp\/v2\/posts"}],"about":[{"href":"https:\/\/radionorteatacama.cl\/index.php\/wp-json\/wp\/v2\/types\/post"}],"author":[{"embeddable":true,"href":"https:\/\/radionorteatacama.cl\/index.php\/wp-json\/wp\/v2\/users\/1"}],"replies":[{"embeddable":true,"href":"https:\/\/radionorteatacama.cl\/index.php\/wp-json\/wp\/v2\/comments?post=6645"}],"version-history":[{"count":1,"href":"https:\/\/radionorteatacama.cl\/index.php\/wp-json\/wp\/v2\/posts\/6645\/revisions"}],"predecessor-version":[{"id":6646,"href":"https:\/\/radionorteatacama.cl\/index.php\/wp-json\/wp\/v2\/posts\/6645\/revisions\/6646"}],"wp:attachment":[{"href":"https:\/\/radionorteatacama.cl\/index.php\/wp-json\/wp\/v2\/media?parent=6645"}],"wp:term":[{"taxonomy":"category","embeddable":true,"href":"https:\/\/radionorteatacama.cl\/index.php\/wp-json\/wp\/v2\/categories?post=6645"},{"taxonomy":"post_tag","embeddable":true,"href":"https:\/\/radionorteatacama.cl\/index.php\/wp-json\/wp\/v2\/tags?post=6645"}],"curies":[{"name":"wp","href":"https:\/\/api.w.org\/{rel}","templated":true}]}}