{"id":6641,"date":"2025-06-13T01:59:55","date_gmt":"2025-06-13T01:59:55","guid":{"rendered":"http:\/\/radionorteatacama.cl\/?p=6641"},"modified":"2025-06-13T01:59:55","modified_gmt":"2025-06-13T01:59:55","slug":"comision-intersectorial-de-ley-de-caletas-en-atacama-realizo-su-primera-sesion-del-ano","status":"publish","type":"post","link":"https:\/\/radionorteatacama.cl\/index.php\/2025\/06\/13\/comision-intersectorial-de-ley-de-caletas-en-atacama-realizo-su-primera-sesion-del-ano\/","title":{"rendered":"Comisi\u00f3n Intersectorial de Ley de Caletas en Atacama realiz\u00f3 su primera sesi\u00f3n del a\u00f1o"},"content":{"rendered":"<div class='booster-block booster-read-block'>\n                <div class=\"twp-read-time\">\n                \t<i class=\"booster-icon twp-clock\"><\/i> <span>Read Time:<\/span>2 Minute, 0 Second                <\/div>\n\n            <\/div><p>El pasado martes se realiz\u00f3 la primera sesi\u00f3n de 2025 de la Comisi\u00f3n Intersectorial de la Ley de Caletas de la Regi\u00f3n de Atacama, en dependencias de la Municipalidad de Freirina. La instancia tiene por objetivo pronunciarse acerca de los planes de administraci\u00f3n que presentan las organizaciones de pescadores artesanales al momento de postular a la asignaci\u00f3n de una caleta; siendo adem\u00e1s el ente encargado de velar por el cumplimiento por lo dispuesto en la normativa.<\/p>\n<p>La sesi\u00f3n fue presidida por el Director Regional del Servicio Nacional de Pesca y Acuicultura (Sernapesca), Guillermo Rivera, contando tambi\u00e9n con la presencia de la seremi de Econom\u00eda, Makarena Arias; la seremi de la Mujer y Equidad de G\u00e9nero, Fabiola Gallardo; el director Zonal de Pesca, Javier Ch\u00e1vez; y el director regional de Obras Portuarias, John O\u2019Brien.<\/p>\n<p>En la reuni\u00f3n se present\u00f3 el estado actual de la implementaci\u00f3n de la Ley de Caletas en la regi\u00f3n, as\u00ed como tambi\u00e9n la situaci\u00f3n y proyecci\u00f3n de las inversiones en infraestructura portuaria en las caletas de Atacama, a cargo de la Direcci\u00f3n de Obras Portuarias. Acto seguido se someti\u00f3 a votaci\u00f3n la modificaci\u00f3n del plan de administraci\u00f3n de la caleta Cha\u00f1aral de Aceituno, para incorporar obras futuras relativas a la instalaci\u00f3n de una planta desalinizadora y obras de mejoramiento de espacios p\u00fablicos.<\/p>\n<p>Asimismo, a la sesi\u00f3n asistieron representantes de la Capitan\u00eda de Puerto de Huasco, el alcalde de Freirina, Fernando Ruhl; y de la consultora a cargo de la ejecuci\u00f3n de los proyectos de apoyo en los pol\u00edgonos de las caletas Los Bronces y Los Burros Sur.<\/p>\n<p>De acuerdo al Director Regional de Sernapesca Atacama, Guillermo Rivera, \u201cse requiere de un esfuerzo de colaboraci\u00f3n interinstitucional para resolver las situaciones en que se encuentran varias de las caletas de la regi\u00f3n que est\u00e1n bajo el r\u00e9gimen de la Ley de Caletas, para lo que es importante el fortalecimiento de las competencias locales y la articulaci\u00f3n con los instrumentos de apoyo que entregan Indespa y el Gobierno Regional\u201d.<\/p>\n<p>\u201cAsimismo, es fundamental avanzar en la actualizaci\u00f3n de los planes de administraci\u00f3n de las caletas, para estar en sinton\u00eda con las modificaciones realizadas a la Ley de Caletas, respecto de equidad y enfoque de g\u00e9nero. Para ello, esta Direcci\u00f3n Regional ha suscrito compromisos con la Seremi de la Mujer y Equidad de G\u00e9nero, que se han plasmado en el Plan de Enfoque e Igualdad de G\u00e9nero 2022-2026\u201d, finaliz\u00f3 la autoridad.<\/p>\n        <div class=\"booster-block booster-reactions-block\">\n            <div class=\"twp-reactions-icons\">\n                \n                <div class=\"twp-reacts-wrap\">\n                    <a react-data=\"be-react-1\" post-id=\"6641\" class=\"be-face-icons un-reacted\" href=\"javascript:void(0)\">\n                        <img decoding=\"async\" src=\"https:\/\/radionorteatacama.cl\/wp-content\/plugins\/booster-extension\/\/assets\/icon\/happy.svg\" alt=\"Happy\">\n                    <\/a>\n                    <div class=\"twp-reaction-title\">\n                        Happy                    <\/div>\n                    <div class=\"twp-count-percent\">\n                                                    <span style=\"display: none;\" class=\"twp-react-count\">0<\/span>\n                        \n                                                <span class=\"twp-react-percent\"><span>0<\/span> %<\/span>\n                                            <\/div>\n                <\/div>\n\n                <div class=\"twp-reacts-wrap\">\n                    <a react-data=\"be-react-2\" post-id=\"6641\" class=\"be-face-icons un-reacted\" href=\"javascript:void(0)\">\n                        <img decoding=\"async\" src=\"https:\/\/radionorteatacama.cl\/wp-content\/plugins\/booster-extension\/\/assets\/icon\/sad.svg\" alt=\"Sad\">\n                    <\/a>\n                    <div class=\"twp-reaction-title\">\n                        Sad                    <\/div>\n                    <div class=\"twp-count-percent\">\n                                                    <span style=\"display: none;\" class=\"twp-react-count\">0<\/span>\n                                                                        <span class=\"twp-react-percent\"><span>0<\/span> %<\/span>\n                                            <\/div>\n                <\/div>\n\n                <div class=\"twp-reacts-wrap\">\n                    <a react-data=\"be-react-3\" post-id=\"6641\" class=\"be-face-icons un-reacted\" href=\"javascript:void(0)\">\n                        <img decoding=\"async\" src=\"https:\/\/radionorteatacama.cl\/wp-content\/plugins\/booster-extension\/\/assets\/icon\/excited.svg\" alt=\"Excited\">\n                    <\/a>\n                    <div class=\"twp-reaction-title\">\n                        Excited                    <\/div>\n                    <div class=\"twp-count-percent\">\n                                                    <span style=\"display: none;\" class=\"twp-react-count\">0<\/span>\n                                                                        <span class=\"twp-react-percent\"><span>0<\/span> %<\/span>\n                                            <\/div>\n                <\/div>\n\n                <div class=\"twp-reacts-wrap\">\n                    <a react-data=\"be-react-6\" post-id=\"6641\" class=\"be-face-icons un-reacted\" href=\"javascript:void(0)\">\n                        <img decoding=\"async\" src=\"https:\/\/radionorteatacama.cl\/wp-content\/plugins\/booster-extension\/\/assets\/icon\/sleepy.svg\" alt=\"Sleepy\">\n                    <\/a>\n                    <div class=\"twp-reaction-title\">\n                        Sleepy                    <\/div>\n                    <div class=\"twp-count-percent\">\n                                                    <span style=\"display: none;\" class=\"twp-react-count\">0<\/span>\n                        \n                                                <span class=\"twp-react-percent\"><span>0<\/span> %<\/span>\n                                            <\/div>\n                <\/div>\n\n                <div class=\"twp-reacts-wrap\">\n                    <a react-data=\"be-react-4\" post-id=\"6641\" class=\"be-face-icons un-reacted\" href=\"javascript:void(0)\">\n                        <img decoding=\"async\" src=\"https:\/\/radionorteatacama.cl\/wp-content\/plugins\/booster-extension\/\/assets\/icon\/angry.svg\" alt=\"Angry\">\n                    <\/a>\n                    <div class=\"twp-reaction-title\">Angry<\/div>\n                    <div class=\"twp-count-percent\">\n                                                    <span style=\"display: none;\" class=\"twp-react-count\">0<\/span>\n                                                                        <span class=\"twp-react-percent\"><span>0<\/span> %<\/span>\n                        \n                    <\/div>\n                <\/div>\n\n                <div class=\"twp-reacts-wrap\">\n                    <a react-data=\"be-react-5\" post-id=\"6641\" class=\"be-face-icons un-reacted\" href=\"javascript:void(0)\">\n                        <img decoding=\"async\" src=\"https:\/\/radionorteatacama.cl\/wp-content\/plugins\/booster-extension\/\/assets\/icon\/surprise.svg\" alt=\"Surprise\">\n                    <\/a>\n                    <div class=\"twp-reaction-title\">Surprise<\/div>\n                    <div class=\"twp-count-percent\">\n                                                    <span style=\"display: none;\" class=\"twp-react-count\">0<\/span>\n                                                                        <span class=\"twp-react-percent\"><span>0<\/span> %<\/span>\n                                            <\/div>\n                <\/div>\n\n            <\/div>\n        <\/div>\n\n    ","protected":false},"excerpt":{"rendered":"<p>El pasado martes se realiz\u00f3 la primera sesi\u00f3n de 2025 de la Comisi\u00f3n Intersectorial de la Ley de Caletas de la Regi\u00f3n de Atacama, en dependencias de la Municipalidad de Freirina. La instancia tiene por objetivo pronunciarse acerca de los planes de administraci\u00f3n que presentan las organizaciones de pescadores artesanales al momento de postular a [&hellip;]<\/p>\n","protected":false},"author":1,"featured_media":0,"comment_status":"open","ping_status":"open","sticky":false,"template":"","format":"standard","meta":{"_joinchat":[],"footnotes":""},"categories":[1],"tags":[],"class_list":["post-6641","post","type-post","status-publish","format-standard","hentry","category-uncategorized"],"jetpack_featured_media_url":"","blog_post_layout_featured_media_urls":{"thumbnail":"","full":""},"categories_names":{"1":{"name":"Uncategorized","link":"https:\/\/radionorteatacama.cl\/index.php\/category\/uncategorized\/"}},"tags_names":[],"comments_number":"0","_links":{"self":[{"href":"https:\/\/radionorteatacama.cl\/index.php\/wp-json\/wp\/v2\/posts\/6641","targetHints":{"allow":["GET"]}}],"collection":[{"href":"https:\/\/radionorteatacama.cl\/index.php\/wp-json\/wp\/v2\/posts"}],"about":[{"href":"https:\/\/radionorteatacama.cl\/index.php\/wp-json\/wp\/v2\/types\/post"}],"author":[{"embeddable":true,"href":"https:\/\/radionorteatacama.cl\/index.php\/wp-json\/wp\/v2\/users\/1"}],"replies":[{"embeddable":true,"href":"https:\/\/radionorteatacama.cl\/index.php\/wp-json\/wp\/v2\/comments?post=6641"}],"version-history":[{"count":1,"href":"https:\/\/radionorteatacama.cl\/index.php\/wp-json\/wp\/v2\/posts\/6641\/revisions"}],"predecessor-version":[{"id":6642,"href":"https:\/\/radionorteatacama.cl\/index.php\/wp-json\/wp\/v2\/posts\/6641\/revisions\/6642"}],"wp:attachment":[{"href":"https:\/\/radionorteatacama.cl\/index.php\/wp-json\/wp\/v2\/media?parent=6641"}],"wp:term":[{"taxonomy":"category","embeddable":true,"href":"https:\/\/radionorteatacama.cl\/index.php\/wp-json\/wp\/v2\/categories?post=6641"},{"taxonomy":"post_tag","embeddable":true,"href":"https:\/\/radionorteatacama.cl\/index.php\/wp-json\/wp\/v2\/tags?post=6641"}],"curies":[{"name":"wp","href":"https:\/\/api.w.org\/{rel}","templated":true}]}}