{"id":6639,"date":"2025-06-13T01:14:16","date_gmt":"2025-06-13T01:14:16","guid":{"rendered":"http:\/\/radionorteatacama.cl\/?p=6639"},"modified":"2025-06-13T01:14:16","modified_gmt":"2025-06-13T01:14:16","slug":"seminario-de-prevencion-de-emergencias-y-desastres-fortalece-la-preparacion-comunitaria-en-caldera","status":"publish","type":"post","link":"https:\/\/radionorteatacama.cl\/index.php\/2025\/06\/13\/seminario-de-prevencion-de-emergencias-y-desastres-fortalece-la-preparacion-comunitaria-en-caldera\/","title":{"rendered":"Seminario de Prevenci\u00f3n de Emergencias y Desastres fortalece la preparaci\u00f3n comunitaria en Caldera"},"content":{"rendered":"<div class='booster-block booster-read-block'>\n                <div class=\"twp-read-time\">\n                \t<i class=\"booster-icon twp-clock\"><\/i> <span>Read Time:<\/span>2 Minute, 29 Second                <\/div>\n\n            <\/div><p>Evento fue una iniciativa de MAPCapacitaciones en colaboraci\u00f3n con Minera<br \/>\nCandelaria junto a otras organizaciones y cont\u00f3 con la participaci\u00f3n de dos<br \/>\ndestacados expertos en materia de gesti\u00f3n de emergencias.<br \/>\nAnte la necesidad de fortalecer la preparaci\u00f3n y conocimientos de la comunidad se<br \/>\nrealiz\u00f3 en Caldera el seminario \u201cPrevenci\u00f3n de Emergencias y Desastres\u201d, iniciativa que tuvo<br \/>\ncomo objetivo entregar herramientas pr\u00e1cticas que permitan a los vecinos y organizaciones<br \/>\nsociales locales desarrollar estrategias para una respuesta efectiva ante situaciones de riesgo.<br \/>\nEl evento fue organizado por MAPCapacitaciones en colaboraci\u00f3n con Minera<br \/>\nCandelaria junto a otras organizaciones y cont\u00f3 con la participaci\u00f3n de dos destacados<br \/>\nexpositores quienes adaptaron sus conocimientos a la realidad de la comuna.<br \/>\nSe trata de Marcelo Lagos, acad\u00e9mico y ge\u00f3grafo especialista en procesos naturales<br \/>\nextremos y su interacci\u00f3n con asentamientos humanos, dedicado al estudio de desastres<br \/>\nnaturales, quien abord\u00f3 las particularidades del borde costero local y entreg\u00f3<br \/>\nrecomendaciones pr\u00e1cticas para enfrentar eventuales emergencias en la zona.<br \/>\nDel mismo modo, Humberto Espejo Davi\u00fa, profesional de dilatada trayectoria en<br \/>\nmateria de gesti\u00f3n de crisis y emergencias y ex comandante del Cuerpo de Bomberos de<br \/>\nCopiap\u00f3, en su exposici\u00f3n &quot;Plan de respuesta a emergencias&quot;, destac\u00f3 la importancia de<br \/>\ncontar con protocolos claros, comunicaci\u00f3n efectiva durante siniestros y rescat\u00f3 el valor del<br \/>\ntrabajo comunitario, ejemplificado en la respuesta al aluvi\u00f3n de 2015.<br \/>\nEl evento reuni\u00f3 a m\u00e1s de 50 asistentes, incluyendo representantes de CMP, Aguas<br \/>\nCAP, autoridades locales, juntas vecinales y establecimientos educacionales de la comuna.<br \/>\nAdem\u00e1s, con el apoyo de Minera Candelaria, fue posible la participaci\u00f3n de 38 personas de la<br \/>\nUni\u00f3n Comunal de Juntas de Vecinos de Caldera y del STI Cerco Activo.<br \/>\nTeresa Inostroza, presidenta de la Uni\u00f3n Comunal de Juntas de Vecinos de Caldera,<br \/>\nvalor\u00f3 esta instancia y agradeci\u00f3 \u201cla oportunidad de participar en este seminario para<br \/>\naprender y traspasar este conocimiento a nuestras bases. No sab\u00edamos mucho sobre este<br \/>\ntema y ahora nos vamos con muchas ense\u00f1anzas\u201d.<br \/>\nEn tanto, el ge\u00f3grafo Marcelo Lagos valor\u00f3 \u201cla importancia de saber convivir con<br \/>\nprocesos de la naturaleza que nos pueden afectar. Particularmente conectado con el sismo<br \/>\nque tuvimos este viernes 6 de junio, de alguna forma aprovechamos la oportunidad para<br \/>\nfortalecer conductas de autocuidado, reflexionar sobre los aprendizajes de la ciencia en estas<br \/>\nmaterias y enviar un mensaje a la comunidad para fortalecer las capacidades de<br \/>\nafrontamiento y las conductas de autocuidado, que les permitan convivir con el riesgo de<br \/>\ndesastre que particularmente en nuestro pa\u00eds es un proceso permanente\u201d.<br \/>\nEn tanto, Humberto Espejo destac\u00f3 \u201cla oportunidad de conversar con la comunidad de<br \/>\nCaldera para explicar qu\u00e9 hacer en caso de una emergencia, c\u00f3mo prepararnos, identificar<\/p>\n<p>las vulnerabilidades, las posibilidades de tener una emergencia, los planes que deben hacer<br \/>\npara poder mitigar y minimizar el riesgo de un desastre y finalmente establecer sus<br \/>\nprotocolos. Esta fue una gran oportunidad para explicar, comentar y compartir la experiencia<br \/>\nen materia de emergencias y que la comunidad pueda estar preparada para enfrentar<br \/>\naquello que inevitablemente pudiese ocurrir\u201d.<\/p>\n        <div class=\"booster-block booster-reactions-block\">\n            <div class=\"twp-reactions-icons\">\n                \n                <div class=\"twp-reacts-wrap\">\n                    <a react-data=\"be-react-1\" post-id=\"6639\" class=\"be-face-icons un-reacted\" href=\"javascript:void(0)\">\n                        <img decoding=\"async\" src=\"https:\/\/radionorteatacama.cl\/wp-content\/plugins\/booster-extension\/\/assets\/icon\/happy.svg\" alt=\"Happy\">\n                    <\/a>\n                    <div class=\"twp-reaction-title\">\n                        Happy                    <\/div>\n                    <div class=\"twp-count-percent\">\n                                                    <span style=\"display: none;\" class=\"twp-react-count\">0<\/span>\n                        \n                                                <span class=\"twp-react-percent\"><span>0<\/span> %<\/span>\n                                            <\/div>\n                <\/div>\n\n                <div class=\"twp-reacts-wrap\">\n                    <a react-data=\"be-react-2\" post-id=\"6639\" class=\"be-face-icons un-reacted\" href=\"javascript:void(0)\">\n                        <img decoding=\"async\" src=\"https:\/\/radionorteatacama.cl\/wp-content\/plugins\/booster-extension\/\/assets\/icon\/sad.svg\" alt=\"Sad\">\n                    <\/a>\n                    <div class=\"twp-reaction-title\">\n                        Sad                    <\/div>\n                    <div class=\"twp-count-percent\">\n                                                    <span style=\"display: none;\" class=\"twp-react-count\">0<\/span>\n                                                                        <span class=\"twp-react-percent\"><span>0<\/span> %<\/span>\n                                            <\/div>\n                <\/div>\n\n                <div class=\"twp-reacts-wrap\">\n                    <a react-data=\"be-react-3\" post-id=\"6639\" class=\"be-face-icons un-reacted\" href=\"javascript:void(0)\">\n                        <img decoding=\"async\" src=\"https:\/\/radionorteatacama.cl\/wp-content\/plugins\/booster-extension\/\/assets\/icon\/excited.svg\" alt=\"Excited\">\n                    <\/a>\n                    <div class=\"twp-reaction-title\">\n                        Excited                    <\/div>\n                    <div class=\"twp-count-percent\">\n                                                    <span style=\"display: none;\" class=\"twp-react-count\">0<\/span>\n                                                                        <span class=\"twp-react-percent\"><span>0<\/span> %<\/span>\n                                            <\/div>\n                <\/div>\n\n                <div class=\"twp-reacts-wrap\">\n                    <a react-data=\"be-react-6\" post-id=\"6639\" class=\"be-face-icons un-reacted\" href=\"javascript:void(0)\">\n                        <img decoding=\"async\" src=\"https:\/\/radionorteatacama.cl\/wp-content\/plugins\/booster-extension\/\/assets\/icon\/sleepy.svg\" alt=\"Sleepy\">\n                    <\/a>\n                    <div class=\"twp-reaction-title\">\n                        Sleepy                    <\/div>\n                    <div class=\"twp-count-percent\">\n                                                    <span style=\"display: none;\" class=\"twp-react-count\">0<\/span>\n                        \n                                                <span class=\"twp-react-percent\"><span>0<\/span> %<\/span>\n                                            <\/div>\n                <\/div>\n\n                <div class=\"twp-reacts-wrap\">\n                    <a react-data=\"be-react-4\" post-id=\"6639\" class=\"be-face-icons un-reacted\" href=\"javascript:void(0)\">\n                        <img decoding=\"async\" src=\"https:\/\/radionorteatacama.cl\/wp-content\/plugins\/booster-extension\/\/assets\/icon\/angry.svg\" alt=\"Angry\">\n                    <\/a>\n                    <div class=\"twp-reaction-title\">Angry<\/div>\n                    <div class=\"twp-count-percent\">\n                                                    <span style=\"display: none;\" class=\"twp-react-count\">0<\/span>\n                                                                        <span class=\"twp-react-percent\"><span>0<\/span> %<\/span>\n                        \n                    <\/div>\n                <\/div>\n\n                <div class=\"twp-reacts-wrap\">\n                    <a react-data=\"be-react-5\" post-id=\"6639\" class=\"be-face-icons un-reacted\" href=\"javascript:void(0)\">\n                        <img decoding=\"async\" src=\"https:\/\/radionorteatacama.cl\/wp-content\/plugins\/booster-extension\/\/assets\/icon\/surprise.svg\" alt=\"Surprise\">\n                    <\/a>\n                    <div class=\"twp-reaction-title\">Surprise<\/div>\n                    <div class=\"twp-count-percent\">\n                                                    <span style=\"display: none;\" class=\"twp-react-count\">0<\/span>\n                                                                        <span class=\"twp-react-percent\"><span>0<\/span> %<\/span>\n                                            <\/div>\n                <\/div>\n\n            <\/div>\n        <\/div>\n\n    ","protected":false},"excerpt":{"rendered":"<p>Evento fue una iniciativa de MAPCapacitaciones en colaboraci\u00f3n con Minera Candelaria junto a otras organizaciones y cont\u00f3 con la participaci\u00f3n de dos destacados expertos en materia de gesti\u00f3n de emergencias. Ante la necesidad de fortalecer la preparaci\u00f3n y conocimientos de la comunidad se realiz\u00f3 en Caldera el seminario \u201cPrevenci\u00f3n de Emergencias y Desastres\u201d, iniciativa que [&hellip;]<\/p>\n","protected":false},"author":1,"featured_media":0,"comment_status":"open","ping_status":"open","sticky":false,"template":"","format":"standard","meta":{"_joinchat":[],"footnotes":""},"categories":[1],"tags":[],"class_list":["post-6639","post","type-post","status-publish","format-standard","hentry","category-uncategorized"],"jetpack_featured_media_url":"","blog_post_layout_featured_media_urls":{"thumbnail":"","full":""},"categories_names":{"1":{"name":"Uncategorized","link":"https:\/\/radionorteatacama.cl\/index.php\/category\/uncategorized\/"}},"tags_names":[],"comments_number":"0","_links":{"self":[{"href":"https:\/\/radionorteatacama.cl\/index.php\/wp-json\/wp\/v2\/posts\/6639","targetHints":{"allow":["GET"]}}],"collection":[{"href":"https:\/\/radionorteatacama.cl\/index.php\/wp-json\/wp\/v2\/posts"}],"about":[{"href":"https:\/\/radionorteatacama.cl\/index.php\/wp-json\/wp\/v2\/types\/post"}],"author":[{"embeddable":true,"href":"https:\/\/radionorteatacama.cl\/index.php\/wp-json\/wp\/v2\/users\/1"}],"replies":[{"embeddable":true,"href":"https:\/\/radionorteatacama.cl\/index.php\/wp-json\/wp\/v2\/comments?post=6639"}],"version-history":[{"count":1,"href":"https:\/\/radionorteatacama.cl\/index.php\/wp-json\/wp\/v2\/posts\/6639\/revisions"}],"predecessor-version":[{"id":6640,"href":"https:\/\/radionorteatacama.cl\/index.php\/wp-json\/wp\/v2\/posts\/6639\/revisions\/6640"}],"wp:attachment":[{"href":"https:\/\/radionorteatacama.cl\/index.php\/wp-json\/wp\/v2\/media?parent=6639"}],"wp:term":[{"taxonomy":"category","embeddable":true,"href":"https:\/\/radionorteatacama.cl\/index.php\/wp-json\/wp\/v2\/categories?post=6639"},{"taxonomy":"post_tag","embeddable":true,"href":"https:\/\/radionorteatacama.cl\/index.php\/wp-json\/wp\/v2\/tags?post=6639"}],"curies":[{"name":"wp","href":"https:\/\/api.w.org\/{rel}","templated":true}]}}