{"id":6628,"date":"2025-06-11T07:00:44","date_gmt":"2025-06-11T07:00:44","guid":{"rendered":"http:\/\/radionorteatacama.cl\/?p=6628"},"modified":"2025-06-11T07:00:44","modified_gmt":"2025-06-11T07:00:44","slug":"marcelo-lago-realizo-seminario-en-caldera","status":"publish","type":"post","link":"https:\/\/radionorteatacama.cl\/index.php\/2025\/06\/11\/marcelo-lago-realizo-seminario-en-caldera\/","title":{"rendered":"MARCELO LAGO REALIZ\u00d3 SEMINARIO EN CALDERA."},"content":{"rendered":"<div class='booster-block booster-read-block'>\n                <div class=\"twp-read-time\">\n                \t<i class=\"booster-icon twp-clock\"><\/i> <span>Read Time:<\/span>2 Minute, 22 Second                <\/div>\n\n            <\/div><p>En el sal\u00f3n principal del centro de eventos Vitrali, se realiz\u00f3 un Seminario de Prevenci\u00f3n de Riesgo, Emergencias y Desastre, organizado por MapCapacitaciones, quienes invitaron al ge\u00f3grafo nacional Marcelo Lagos, entregando una charla donde plante\u00f3 la forma urgente que debemos cuidarnos para fortalecer el desarrollo humano de nuestra sociedad, la charla se entreg\u00f3 a dirigentes vecinales y trabajadores del borde costero, rescatando la percepci\u00f3n de los habitantes de esta zona con respecto a los fen\u00f3menos naturales como terremotos y tsunamis, con una reflexi\u00f3n de c\u00f3mo convivir de forma m\u00e1s sana con la naturaleza, como lo fue con el terremoto del 06 de junio en Atacama y la poblaci\u00f3n se comport\u00f3 a la altura en la conductas de autocuidado prevalezcan.<\/p>\n<p>Marcelo Lagos, ge\u00f3grafo nacional, expres\u00f3 \u201cMuy feliz de estar en Caldera para informar del c\u00f3mo convivir con procesos de la naturaleza que nos puedan afectar, piensen que Chile est\u00e1 expuesto a numerosos peligros naturales o tecnol\u00f3gicos, pero m\u00e1s all\u00e1 de eso que son parte del ADN de nuestro territorio, pero tambi\u00e9n tenemos elevados niveles de exposici\u00f3n como mucho uso residencial, mucha infraestructura qu\u00edmica en el territorio en zonas de peligro lo vimos para el aluvi\u00f3n del 2015, 2017 y para el tsunami del 2010, tambi\u00e9n lo vimos para la erupci\u00f3n del Chait\u00e9n del 2008 y particularmente conectado con el sismo del pasado 06 de junio de alguna forma aprovechamos la oportunidad de fortalecer conductas de autocuidado y reflexionar de los aprendizajes de la ciencia en estas materias. Pero quiero aprovechar un mensaje a la comunidad para fortalecer las capacidades de afrontamiento y que ellos fortalezcan evidentemente conductas de autocuidado que les permita convivir con el riesgo y desastre que en nuestro pa\u00eds es un proceso que est\u00e1 a la vuelta de la esquina\u201d.  <\/p>\n<p>Tambi\u00e9n inform\u00f3 sobre el borde costero en Atacama que sigue urbanizando, y se siguen aumentando los niveles de exposici\u00f3n y la idea es precisamente disminuirlos. Una vez finalizada la exposici\u00f3n los integrantes del seminario se acercaron a Lagos para hacerle consultas y tambi\u00e9n felicitarlo por su exposici\u00f3n, que sirve en gran medida para mantener en una actitud de alerta a la poblaci\u00f3n ante un evento natural que puede sacudir la regi\u00f3n.<\/p>\n<p>Por su parte, H\u00e9ctor Aravena de MapCapacitaciones, coment\u00f3 \u201cHicimos una invitaci\u00f3n extensiva a todas las organizaciones que pudiesen tener alg\u00fan inter\u00e9s en la prevenci\u00f3n de emergencia y desastre en el borde costero ya sea en la localidades paralela o aleda\u00f1as a Caldera como en la misma comuna y la verdad agradecemos a quienes se hicieron presentes en el d\u00eda de hoy como juntas de vecinos y funcionarios de CMP, Aguas CAP y Minera Candelaria y agradecer a Marcelos Lagos por su charla y reflexiones cr\u00edticas sobre c\u00f3mo Chile y el mundo enfrentan las amenazas naturales, vinculando su trayectoria profesional con la crisis clim\u00e1tica global y la necesidad de un cambio cultural\u201d.<\/p>\n        <div class=\"booster-block booster-reactions-block\">\n            <div class=\"twp-reactions-icons\">\n                \n                <div class=\"twp-reacts-wrap\">\n                    <a react-data=\"be-react-1\" post-id=\"6628\" class=\"be-face-icons un-reacted\" href=\"javascript:void(0)\">\n                        <img decoding=\"async\" src=\"https:\/\/radionorteatacama.cl\/wp-content\/plugins\/booster-extension\/\/assets\/icon\/happy.svg\" alt=\"Happy\">\n                    <\/a>\n                    <div class=\"twp-reaction-title\">\n                        Happy                    <\/div>\n                    <div class=\"twp-count-percent\">\n                                                    <span style=\"display: none;\" class=\"twp-react-count\">0<\/span>\n                        \n                                                <span class=\"twp-react-percent\"><span>0<\/span> %<\/span>\n                                            <\/div>\n                <\/div>\n\n                <div class=\"twp-reacts-wrap\">\n                    <a react-data=\"be-react-2\" post-id=\"6628\" class=\"be-face-icons un-reacted\" href=\"javascript:void(0)\">\n                        <img decoding=\"async\" src=\"https:\/\/radionorteatacama.cl\/wp-content\/plugins\/booster-extension\/\/assets\/icon\/sad.svg\" alt=\"Sad\">\n                    <\/a>\n                    <div class=\"twp-reaction-title\">\n                        Sad                    <\/div>\n                    <div class=\"twp-count-percent\">\n                                                    <span style=\"display: none;\" class=\"twp-react-count\">0<\/span>\n                                                                        <span class=\"twp-react-percent\"><span>0<\/span> %<\/span>\n                                            <\/div>\n                <\/div>\n\n                <div class=\"twp-reacts-wrap\">\n                    <a react-data=\"be-react-3\" post-id=\"6628\" class=\"be-face-icons un-reacted\" href=\"javascript:void(0)\">\n                        <img decoding=\"async\" src=\"https:\/\/radionorteatacama.cl\/wp-content\/plugins\/booster-extension\/\/assets\/icon\/excited.svg\" alt=\"Excited\">\n                    <\/a>\n                    <div class=\"twp-reaction-title\">\n                        Excited                    <\/div>\n                    <div class=\"twp-count-percent\">\n                                                    <span style=\"display: none;\" class=\"twp-react-count\">0<\/span>\n                                                                        <span class=\"twp-react-percent\"><span>0<\/span> %<\/span>\n                                            <\/div>\n                <\/div>\n\n                <div class=\"twp-reacts-wrap\">\n                    <a react-data=\"be-react-6\" post-id=\"6628\" class=\"be-face-icons un-reacted\" href=\"javascript:void(0)\">\n                        <img decoding=\"async\" src=\"https:\/\/radionorteatacama.cl\/wp-content\/plugins\/booster-extension\/\/assets\/icon\/sleepy.svg\" alt=\"Sleepy\">\n                    <\/a>\n                    <div class=\"twp-reaction-title\">\n                        Sleepy                    <\/div>\n                    <div class=\"twp-count-percent\">\n                                                    <span style=\"display: none;\" class=\"twp-react-count\">0<\/span>\n                        \n                                                <span class=\"twp-react-percent\"><span>0<\/span> %<\/span>\n                                            <\/div>\n                <\/div>\n\n                <div class=\"twp-reacts-wrap\">\n                    <a react-data=\"be-react-4\" post-id=\"6628\" class=\"be-face-icons un-reacted\" href=\"javascript:void(0)\">\n                        <img decoding=\"async\" src=\"https:\/\/radionorteatacama.cl\/wp-content\/plugins\/booster-extension\/\/assets\/icon\/angry.svg\" alt=\"Angry\">\n                    <\/a>\n                    <div class=\"twp-reaction-title\">Angry<\/div>\n                    <div class=\"twp-count-percent\">\n                                                    <span style=\"display: none;\" class=\"twp-react-count\">0<\/span>\n                                                                        <span class=\"twp-react-percent\"><span>0<\/span> %<\/span>\n                        \n                    <\/div>\n                <\/div>\n\n                <div class=\"twp-reacts-wrap\">\n                    <a react-data=\"be-react-5\" post-id=\"6628\" class=\"be-face-icons un-reacted\" href=\"javascript:void(0)\">\n                        <img decoding=\"async\" src=\"https:\/\/radionorteatacama.cl\/wp-content\/plugins\/booster-extension\/\/assets\/icon\/surprise.svg\" alt=\"Surprise\">\n                    <\/a>\n                    <div class=\"twp-reaction-title\">Surprise<\/div>\n                    <div class=\"twp-count-percent\">\n                                                    <span style=\"display: none;\" class=\"twp-react-count\">0<\/span>\n                                                                        <span class=\"twp-react-percent\"><span>0<\/span> %<\/span>\n                                            <\/div>\n                <\/div>\n\n            <\/div>\n        <\/div>\n\n    ","protected":false},"excerpt":{"rendered":"<p>En el sal\u00f3n principal del centro de eventos Vitrali, se realiz\u00f3 un Seminario de Prevenci\u00f3n de Riesgo, Emergencias y Desastre, organizado por MapCapacitaciones, quienes invitaron al ge\u00f3grafo nacional Marcelo Lagos, entregando una charla donde plante\u00f3 la forma urgente que debemos cuidarnos para fortalecer el desarrollo humano de nuestra sociedad, la charla se entreg\u00f3 a dirigentes [&hellip;]<\/p>\n","protected":false},"author":1,"featured_media":0,"comment_status":"open","ping_status":"open","sticky":false,"template":"","format":"standard","meta":{"_joinchat":[],"footnotes":""},"categories":[1],"tags":[],"class_list":["post-6628","post","type-post","status-publish","format-standard","hentry","category-uncategorized"],"jetpack_featured_media_url":"","blog_post_layout_featured_media_urls":{"thumbnail":"","full":""},"categories_names":{"1":{"name":"Uncategorized","link":"https:\/\/radionorteatacama.cl\/index.php\/category\/uncategorized\/"}},"tags_names":[],"comments_number":"0","_links":{"self":[{"href":"https:\/\/radionorteatacama.cl\/index.php\/wp-json\/wp\/v2\/posts\/6628","targetHints":{"allow":["GET"]}}],"collection":[{"href":"https:\/\/radionorteatacama.cl\/index.php\/wp-json\/wp\/v2\/posts"}],"about":[{"href":"https:\/\/radionorteatacama.cl\/index.php\/wp-json\/wp\/v2\/types\/post"}],"author":[{"embeddable":true,"href":"https:\/\/radionorteatacama.cl\/index.php\/wp-json\/wp\/v2\/users\/1"}],"replies":[{"embeddable":true,"href":"https:\/\/radionorteatacama.cl\/index.php\/wp-json\/wp\/v2\/comments?post=6628"}],"version-history":[{"count":1,"href":"https:\/\/radionorteatacama.cl\/index.php\/wp-json\/wp\/v2\/posts\/6628\/revisions"}],"predecessor-version":[{"id":6634,"href":"https:\/\/radionorteatacama.cl\/index.php\/wp-json\/wp\/v2\/posts\/6628\/revisions\/6634"}],"wp:attachment":[{"href":"https:\/\/radionorteatacama.cl\/index.php\/wp-json\/wp\/v2\/media?parent=6628"}],"wp:term":[{"taxonomy":"category","embeddable":true,"href":"https:\/\/radionorteatacama.cl\/index.php\/wp-json\/wp\/v2\/categories?post=6628"},{"taxonomy":"post_tag","embeddable":true,"href":"https:\/\/radionorteatacama.cl\/index.php\/wp-json\/wp\/v2\/tags?post=6628"}],"curies":[{"name":"wp","href":"https:\/\/api.w.org\/{rel}","templated":true}]}}