{"id":6623,"date":"2025-06-11T06:46:51","date_gmt":"2025-06-11T06:46:51","guid":{"rendered":"http:\/\/radionorteatacama.cl\/?p=6623"},"modified":"2025-06-11T06:46:51","modified_gmt":"2025-06-11T06:46:51","slug":"ninguna-banda-ningun-narco-puede-mandar-mas-que-el-estado-mulet-presentara-eje-de-seguridad-en-franja-televisiva-con-propuestas-de-orden-y-justicia-social","status":"publish","type":"post","link":"https:\/\/radionorteatacama.cl\/index.php\/2025\/06\/11\/ninguna-banda-ningun-narco-puede-mandar-mas-que-el-estado-mulet-presentara-eje-de-seguridad-en-franja-televisiva-con-propuestas-de-orden-y-justicia-social\/","title":{"rendered":"\u201cNinguna banda, ning\u00fan narco, puede mandar m\u00e1s que el Estado\u201d: Mulet presentar\u00e1 eje de seguridad en franja televisiva con propuestas de orden y justicia social"},"content":{"rendered":"<div class='booster-block booster-read-block'>\n                <div class=\"twp-read-time\">\n                \t<i class=\"booster-icon twp-clock\"><\/i> <span>Read Time:<\/span>2 Minute, 5 Second                <\/div>\n\n            <\/div><p>Ninguna banda, ning\u00fan narco, puede mandar m\u00e1s que el Estado\u201d, afirma con firmeza el candidato presidencial Jaime Mulet en el segundo cap\u00edtulo de su franja pol\u00edtica, emitida por los canales de la Asociaci\u00f3n Nacional de Televisi\u00f3n (Anatel). La pieza audiovisual forma parte de su campa\u00f1a en medios masivos y pone el foco en el tema m\u00e1s sensible para la ciudadan\u00eda: la seguridad p\u00fablica. Mulet, exdiputado y l\u00edder de la Federaci\u00f3n Regionalista Verde Social, presenta un enfoque que conjuga control efectivo del crimen con respeto irrestricto a los derechos humanos, en contraste con lo que califica como una \u201cambig\u00fcedad hist\u00f3rica de ciertos sectores respecto al uso de la violencia\u201d.<\/p>\n<p>\u201cHay partidos que avalaron la violencia como m\u00e9todo, incluso el Partido Socialista en los a\u00f1os 60. Nosotros no. Nosotros estamos por la paz\u201d, asegur\u00f3 el abanderado, quien ha se\u00f1alado en entrevistas previas que su visi\u00f3n de seguridad integral \u201cno pasa por m\u00e1s mano dura sin justicia, sino por m\u00e1s Estado con legitimidad y presencia territorial real\u201d. En ese marco, plantea una arquitectura institucional nueva para combatir el crimen organizado, mejorar la persecuci\u00f3n penal y garantizar protecci\u00f3n a v\u00edctimas, testigos y comunidades afectadas.<\/p>\n<p>Mulet propone un plan de seguridad integral que combine nuevas institucionalidades, despliegue territorial y modernizaci\u00f3n tecnol\u00f3gica. Su visi\u00f3n contempla la creaci\u00f3n de una fuerza de Polic\u00eda Municipal, supervisada por Carabineros y el Ministerio de Seguridad, enfocada en patrullaje de barrio y prevenci\u00f3n del delito, con financiamiento garantizado por el royalty minero para asegurar equidad entre comunas. Complementariamente, plantea un Consejo Nacional de Persecuci\u00f3n Penal con autonom\u00eda para fiscalizar al Ministerio P\u00fablico y asegurar una estrategia unificada contra redes criminales.<\/p>\n<p>El candidato tambi\u00e9n apuesta por incorporar tecnolog\u00eda avanzada \u2014como c\u00e1maras con inteligencia artificial\u2014 para monitorear el crimen, reforzar la vigilancia fronteriza y desarticular redes de narcotr\u00e1fico, tr\u00e1fico de armas y lavado de dinero a trav\u00e9s de inteligencia interinstitucional. Pero su propuesta no se detiene en lo represivo, sino que incluye reformas al sistema penitenciario con incluye reformas al sistema penitenciario con \u00e9nfasis en rehabilitaci\u00f3n, atenci\u00f3n psicol\u00f3gica para v\u00edctimas, seguridad rural, tribunales especializados y acceso universal a la justicia en zonas apartadas. Ha sido categ\u00f3rico al afirmar que estas medidas deben respetar los derechos civiles y no transformarse en excusa para aplicar pol\u00edticas punitivas sin control.<\/p>\n<p>El eje de seguridad no solo responde a las preocupaciones inmediatas de la poblaci\u00f3n, sino que representa una apuesta por restablecer la autoridad del Estado, la cohesi\u00f3n social y la confianza ciudadana, sin ceder ante extremismos ni populismos penales, finaliz\u00f3 el abanderado.<\/p>\n        <div class=\"booster-block booster-reactions-block\">\n            <div class=\"twp-reactions-icons\">\n                \n                <div class=\"twp-reacts-wrap\">\n                    <a react-data=\"be-react-1\" post-id=\"6623\" class=\"be-face-icons un-reacted\" href=\"javascript:void(0)\">\n                        <img decoding=\"async\" src=\"https:\/\/radionorteatacama.cl\/wp-content\/plugins\/booster-extension\/\/assets\/icon\/happy.svg\" alt=\"Happy\">\n                    <\/a>\n                    <div class=\"twp-reaction-title\">\n                        Happy                    <\/div>\n                    <div class=\"twp-count-percent\">\n                                                    <span style=\"display: none;\" class=\"twp-react-count\">0<\/span>\n                        \n                                                <span class=\"twp-react-percent\"><span>0<\/span> %<\/span>\n                                            <\/div>\n                <\/div>\n\n                <div class=\"twp-reacts-wrap\">\n                    <a react-data=\"be-react-2\" post-id=\"6623\" class=\"be-face-icons un-reacted\" href=\"javascript:void(0)\">\n                        <img decoding=\"async\" src=\"https:\/\/radionorteatacama.cl\/wp-content\/plugins\/booster-extension\/\/assets\/icon\/sad.svg\" alt=\"Sad\">\n                    <\/a>\n                    <div class=\"twp-reaction-title\">\n                        Sad                    <\/div>\n                    <div class=\"twp-count-percent\">\n                                                    <span style=\"display: none;\" class=\"twp-react-count\">0<\/span>\n                                                                        <span class=\"twp-react-percent\"><span>0<\/span> %<\/span>\n                                            <\/div>\n                <\/div>\n\n                <div class=\"twp-reacts-wrap\">\n                    <a react-data=\"be-react-3\" post-id=\"6623\" class=\"be-face-icons un-reacted\" href=\"javascript:void(0)\">\n                        <img decoding=\"async\" src=\"https:\/\/radionorteatacama.cl\/wp-content\/plugins\/booster-extension\/\/assets\/icon\/excited.svg\" alt=\"Excited\">\n                    <\/a>\n                    <div class=\"twp-reaction-title\">\n                        Excited                    <\/div>\n                    <div class=\"twp-count-percent\">\n                                                    <span style=\"display: none;\" class=\"twp-react-count\">0<\/span>\n                                                                        <span class=\"twp-react-percent\"><span>0<\/span> %<\/span>\n                                            <\/div>\n                <\/div>\n\n                <div class=\"twp-reacts-wrap\">\n                    <a react-data=\"be-react-6\" post-id=\"6623\" class=\"be-face-icons un-reacted\" href=\"javascript:void(0)\">\n                        <img decoding=\"async\" src=\"https:\/\/radionorteatacama.cl\/wp-content\/plugins\/booster-extension\/\/assets\/icon\/sleepy.svg\" alt=\"Sleepy\">\n                    <\/a>\n                    <div class=\"twp-reaction-title\">\n                        Sleepy                    <\/div>\n                    <div class=\"twp-count-percent\">\n                                                    <span style=\"display: none;\" class=\"twp-react-count\">0<\/span>\n                        \n                                                <span class=\"twp-react-percent\"><span>0<\/span> %<\/span>\n                                            <\/div>\n                <\/div>\n\n                <div class=\"twp-reacts-wrap\">\n                    <a react-data=\"be-react-4\" post-id=\"6623\" class=\"be-face-icons un-reacted\" href=\"javascript:void(0)\">\n                        <img decoding=\"async\" src=\"https:\/\/radionorteatacama.cl\/wp-content\/plugins\/booster-extension\/\/assets\/icon\/angry.svg\" alt=\"Angry\">\n                    <\/a>\n                    <div class=\"twp-reaction-title\">Angry<\/div>\n                    <div class=\"twp-count-percent\">\n                                                    <span style=\"display: none;\" class=\"twp-react-count\">0<\/span>\n                                                                        <span class=\"twp-react-percent\"><span>0<\/span> %<\/span>\n                        \n                    <\/div>\n                <\/div>\n\n                <div class=\"twp-reacts-wrap\">\n                    <a react-data=\"be-react-5\" post-id=\"6623\" class=\"be-face-icons un-reacted\" href=\"javascript:void(0)\">\n                        <img decoding=\"async\" src=\"https:\/\/radionorteatacama.cl\/wp-content\/plugins\/booster-extension\/\/assets\/icon\/surprise.svg\" alt=\"Surprise\">\n                    <\/a>\n                    <div class=\"twp-reaction-title\">Surprise<\/div>\n                    <div class=\"twp-count-percent\">\n                                                    <span style=\"display: none;\" class=\"twp-react-count\">0<\/span>\n                                                                        <span class=\"twp-react-percent\"><span>0<\/span> %<\/span>\n                                            <\/div>\n                <\/div>\n\n            <\/div>\n        <\/div>\n\n    ","protected":false},"excerpt":{"rendered":"<p>Ninguna banda, ning\u00fan narco, puede mandar m\u00e1s que el Estado\u201d, afirma con firmeza el candidato presidencial Jaime Mulet en el segundo cap\u00edtulo de su franja pol\u00edtica, emitida por los canales de la Asociaci\u00f3n Nacional de Televisi\u00f3n (Anatel). La pieza audiovisual forma parte de su campa\u00f1a en medios masivos y pone el foco en el tema [&hellip;]<\/p>\n","protected":false},"author":1,"featured_media":0,"comment_status":"open","ping_status":"open","sticky":false,"template":"","format":"standard","meta":{"_joinchat":[],"footnotes":""},"categories":[1],"tags":[],"class_list":["post-6623","post","type-post","status-publish","format-standard","hentry","category-uncategorized"],"jetpack_featured_media_url":"","blog_post_layout_featured_media_urls":{"thumbnail":"","full":""},"categories_names":{"1":{"name":"Uncategorized","link":"https:\/\/radionorteatacama.cl\/index.php\/category\/uncategorized\/"}},"tags_names":[],"comments_number":"0","_links":{"self":[{"href":"https:\/\/radionorteatacama.cl\/index.php\/wp-json\/wp\/v2\/posts\/6623","targetHints":{"allow":["GET"]}}],"collection":[{"href":"https:\/\/radionorteatacama.cl\/index.php\/wp-json\/wp\/v2\/posts"}],"about":[{"href":"https:\/\/radionorteatacama.cl\/index.php\/wp-json\/wp\/v2\/types\/post"}],"author":[{"embeddable":true,"href":"https:\/\/radionorteatacama.cl\/index.php\/wp-json\/wp\/v2\/users\/1"}],"replies":[{"embeddable":true,"href":"https:\/\/radionorteatacama.cl\/index.php\/wp-json\/wp\/v2\/comments?post=6623"}],"version-history":[{"count":1,"href":"https:\/\/radionorteatacama.cl\/index.php\/wp-json\/wp\/v2\/posts\/6623\/revisions"}],"predecessor-version":[{"id":6624,"href":"https:\/\/radionorteatacama.cl\/index.php\/wp-json\/wp\/v2\/posts\/6623\/revisions\/6624"}],"wp:attachment":[{"href":"https:\/\/radionorteatacama.cl\/index.php\/wp-json\/wp\/v2\/media?parent=6623"}],"wp:term":[{"taxonomy":"category","embeddable":true,"href":"https:\/\/radionorteatacama.cl\/index.php\/wp-json\/wp\/v2\/categories?post=6623"},{"taxonomy":"post_tag","embeddable":true,"href":"https:\/\/radionorteatacama.cl\/index.php\/wp-json\/wp\/v2\/tags?post=6623"}],"curies":[{"name":"wp","href":"https:\/\/api.w.org\/{rel}","templated":true}]}}