{"id":6619,"date":"2025-06-11T06:33:03","date_gmt":"2025-06-11T06:33:03","guid":{"rendered":"http:\/\/radionorteatacama.cl\/?p=6619"},"modified":"2025-06-11T06:33:03","modified_gmt":"2025-06-11T06:33:03","slug":"autoridades-de-atacama-piden-decretar-estado-de-catastrofe-tras-fuerte-sismo-en-la-region","status":"publish","type":"post","link":"https:\/\/radionorteatacama.cl\/index.php\/2025\/06\/11\/autoridades-de-atacama-piden-decretar-estado-de-catastrofe-tras-fuerte-sismo-en-la-region\/","title":{"rendered":"AUTORIDADES DE ATACAMA PIDEN DECRETAR \u201cESTADO DE CAT\u00c1STROFE\u201d TRAS FUERTE SISMO  EN LA REGI\u00d3N"},"content":{"rendered":"<div class='booster-block booster-read-block'>\n                <div class=\"twp-read-time\">\n                \t<i class=\"booster-icon twp-clock\"><\/i> <span>Read Time:<\/span>4 Minute, 46 Second                <\/div>\n\n            <\/div><p>A\u00fan se espera la evaluaci\u00f3n del Comit\u00e9 Nacional para la Gesti\u00f3n del Riesgo de Desastres<br \/>\n(COGRID), el cual determinar\u00e1 un balance general de da\u00f1os a nivel regional.<br \/>\nDurante esta ma\u00f1ana en la Municipalidad de Copiap\u00f3 se llev\u00f3 a cabo una reuni\u00f3n de coordinaci\u00f3n<br \/>\npara realizar un balance y analizar las medidas que se tomar\u00e1n en la comuna y en la regi\u00f3n, tras el<br \/>\nfuerte sismo de ayer que remeci\u00f3 a Atacama y que afortunadamente no caus\u00f3 v\u00edctimas fatales ni<br \/>\nheridos de mayor gravedad, pero que s\u00ed provoc\u00f3 da\u00f1os en viviendas, desprendimiento de<br \/>\nescombros, como tambi\u00e9n, cortes en la entrega del suministro de agua potable y energ\u00eda el\u00e9ctrica.<br \/>\nTras el encuentro, las autoridades afirmaron que a\u00fan est\u00e1 en evaluaci\u00f3n la real magnitud de da\u00f1os<br \/>\nque provoc\u00f3 el evento s\u00edsmico, el cual hasta ahora reporta da\u00f1os estructurales en 66 viviendas,<br \/>\nrotura de cuatro matrices en el centro de la comuna, 2.300 domicilios sin energ\u00eda el\u00e9ctrica, da\u00f1os<br \/>\nen locales comerciales, como tambi\u00e9n en infraestructura p\u00fablica, lo cual seg\u00fan autoridades, podr\u00eda<br \/>\nreunir las condiciones para decretar \u201cEstado de Cat\u00e1strofe\u201d.<br \/>\nDe acuerdo a esto, estuvieron presentes en la reuni\u00f3n el Gobernador de Atacama; Miguel Vargas<br \/>\nCorrea, el Alcalde de Copiap\u00f3; Maglio Cicardini, el Delegado Presidencial de Atacama; Rodrigo<br \/>\nIllanes y el director de Senapred Atacama; Roberto Mu\u00f1oz, adem\u00e1s del equipo de emergencia de<br \/>\nla Municipalidad de Copiap\u00f3.<br \/>\nAl respecto el Gobernador de Atacama; Miguel Vargas Correa, se\u00f1al\u00f3: \u201cEstamos levantando<br \/>\ninformaci\u00f3n, de hecho, hoy a primera hora tuvimos una muy importante reuni\u00f3n con el equipo de<br \/>\nemergencia del municipio, tambi\u00e9n de la delegaci\u00f3n presidencial. A medida que pasan las horas<br \/>\nnos vamos dando cuenta de m\u00e1s da\u00f1os, porque esto fue de gran intensidad. En el caso de<br \/>\nCopiap\u00f3, la percepci\u00f3n Mercalli fue sobre 7 grados, por lo tanto, a medida que pasen las horas<br \/>\nprobablemente nos vamos dando cuenta de que hay m\u00e1s da\u00f1os de lo que pens\u00e1bamos en las<br \/>\nviviendas, en establecimientos comerciales, en el casco antiguo de aqu\u00ed de la ciudad de Copiap\u00f3.<br \/>\nEstamos esperando el reporte de informaci\u00f3n de los equipos de emergencia de Tierra Amarilla, de<br \/>\nCaldera, Cha\u00f1aral, del propio Diego Almagro\u201d.<br \/>\nSobre las medidas y la declaraci\u00f3n de \u201cEstado de Cat\u00e1strofe\u201d por parte del Gobierno central, la<br \/>\nautoridad regional indic\u00f3: \u201cEl tema administrativo no es menor y eso es lo que le pedimos al<br \/>\nGobierno central. Es una decisi\u00f3n que compete al presidente de la Rep\u00fablica, al Ministerio del<br \/>\nInterior, s\u00e9 que el alcalde ya estaba en conversaciones con el ministro para para evaluar esta<br \/>\nalternativa, para eso es muy importante el tener la mayor informaci\u00f3n en el menor tiempo posible<br \/>\nrespecto de los da\u00f1os reales. El Gobierno Regional dispone de un 2% para enfrentar emergencias,<br \/>\npero si no existe un decreto que acredite esa emergencia, no se pueden ocupar esos recursos.<br \/>\nEntonces, el problema es m\u00e1s bien de car\u00e1cter administrativo y nosotros hemos dicho que vamos<br \/>\na colocar nuestros recursos a disposici\u00f3n de los requerimientos que tengan los municipios. El<br \/>\nCentro Cultural se puede reponer con un proyecto de conservaci\u00f3n, las viviendas tambi\u00e9n se<br \/>\npueden reparar con los instrumentos que tiene el Ministerio de Vivienda, los da\u00f1os en los locales<br \/>\ncomerciales con los instrumentos de la CORFO, del Sercotec, tambi\u00e9n del Fosis, por eso que es<\/p>\n<p>importante que la v\u00eda administrativa sea la adecuada, para que estos recursos se puedan canalizar<br \/>\ncorrectamente\u201d. Afirm\u00f3 Vargas.<br \/>\nDesde el punto de vista de la emergencia en la comuna de Copiap\u00f3, el Alcalde, Maglio Cicardini,<br \/>\nmanifest\u00f3: \u201cCada hora que pasa, nos vamos incrementando con solicitudes de da\u00f1os en la<br \/>\npropiedad de los vecinos y vecinas de la de la comuna. Las primeras horas, tiene que ver con el<br \/>\ntema de la contenci\u00f3n, pero al transcurrir ya despu\u00e9s del suceso empieza la gente a notar, cuando<br \/>\nllega a su casa, qu\u00e9 es lo que est\u00e1 pasando y es lo que hoy d\u00eda en la ma\u00f1ana, muy temprano, nos<br \/>\nhemos ocupado a construir esta ficha FIBE que tiene que ver con los da\u00f1os estructurales en las<br \/>\ncasas y en las viviendas de la gente\u201d (\u2026) nuestra principal preocupaci\u00f3n hoy d\u00eda, es la gente y eso<br \/>\nes lo que estamos haciendo, con comisiones que est\u00e1n recorriendo las ciudades desde muy<br \/>\ntemprano, porque de verdad que creo que lo principal. Y a lo que nosotros nos ha pedido el<br \/>\nMinisterio de Interior es que podamos levantar estas fichas (FIBE) lo m\u00e1s pronto posible a ver<br \/>\nc\u00f3mo podemos tambi\u00e9n, que nos empiecen a ayudar desde el nivel central y desde el Gobierno<br \/>\nRegional y tambi\u00e9n desde la delegaci\u00f3n provincial\u201d.<br \/>\nFinalmente, el Delegado Presidencial de Atacama, Rodrigo Illanes, se\u00f1al\u00f3: \u201cEfectivamente no han<br \/>\nhabido lesionados, no se han reportado lesionados de gravedad, salvo los dos casos que<br \/>\nreportamos el d\u00eda de ayer. Ambos se encuentran en buenas condiciones, un golpe en la cabeza<br \/>\npara una alumna y un golpe en el brazo para una adulta que se encontraba en la Universidad de<br \/>\nAtacama. En estos momentos la comuna se encuentra con 2.300 afectados de energ\u00eda el\u00e9ctrica,<br \/>\nsin suministro, esto ha ido disminuyendo paulatinamente. Hemos tenido cortes de suministro de<br \/>\nagua potable con alg\u00fan grado de intermitencia, pero las cuadrillas, son m\u00e1s de 10 que est\u00e1n<br \/>\nestableciendo el servicio, el rompimiento de cuatro matrices. Con el gobernador y el equipo del<br \/>\nMinisterio de Obras P\u00fablicas ayer, hicimos la verificaci\u00f3n del estado del puente Kennedy y no hay<br \/>\nda\u00f1os estructurales, por lo tanto, el llamado a la calma, sobre todo el transporte p\u00fablico para que<br \/>\nrestablezca su servicio. Es fundamental para nosotros tener los diagn\u00f3sticos no s\u00f3lo de la comuna<br \/>\nde Copiap\u00f3, sino que tambi\u00e9n Tierra Amarilla, Caldera, Diego Almagro y Cha\u00f1aral, por tanto<br \/>\ntendremos un COGRID regional, para poder diagnosticar e informar al Ministerio de Interior cu\u00e1l<br \/>\nes la afectaci\u00f3n que tenemos a nivel regional\u201d.<\/p>\n        <div class=\"booster-block booster-reactions-block\">\n            <div class=\"twp-reactions-icons\">\n                \n                <div class=\"twp-reacts-wrap\">\n                    <a react-data=\"be-react-1\" post-id=\"6619\" class=\"be-face-icons un-reacted\" href=\"javascript:void(0)\">\n                        <img decoding=\"async\" src=\"https:\/\/radionorteatacama.cl\/wp-content\/plugins\/booster-extension\/\/assets\/icon\/happy.svg\" alt=\"Happy\">\n                    <\/a>\n                    <div class=\"twp-reaction-title\">\n                        Happy                    <\/div>\n                    <div class=\"twp-count-percent\">\n                                                    <span style=\"display: none;\" class=\"twp-react-count\">0<\/span>\n                        \n                                                <span class=\"twp-react-percent\"><span>0<\/span> %<\/span>\n                                            <\/div>\n                <\/div>\n\n                <div class=\"twp-reacts-wrap\">\n                    <a react-data=\"be-react-2\" post-id=\"6619\" class=\"be-face-icons un-reacted\" href=\"javascript:void(0)\">\n                        <img decoding=\"async\" src=\"https:\/\/radionorteatacama.cl\/wp-content\/plugins\/booster-extension\/\/assets\/icon\/sad.svg\" alt=\"Sad\">\n                    <\/a>\n                    <div class=\"twp-reaction-title\">\n                        Sad                    <\/div>\n                    <div class=\"twp-count-percent\">\n                                                    <span style=\"display: none;\" class=\"twp-react-count\">0<\/span>\n                                                                        <span class=\"twp-react-percent\"><span>0<\/span> %<\/span>\n                                            <\/div>\n                <\/div>\n\n                <div class=\"twp-reacts-wrap\">\n                    <a react-data=\"be-react-3\" post-id=\"6619\" class=\"be-face-icons un-reacted\" href=\"javascript:void(0)\">\n                        <img decoding=\"async\" src=\"https:\/\/radionorteatacama.cl\/wp-content\/plugins\/booster-extension\/\/assets\/icon\/excited.svg\" alt=\"Excited\">\n                    <\/a>\n                    <div class=\"twp-reaction-title\">\n                        Excited                    <\/div>\n                    <div class=\"twp-count-percent\">\n                                                    <span style=\"display: none;\" class=\"twp-react-count\">0<\/span>\n                                                                        <span class=\"twp-react-percent\"><span>0<\/span> %<\/span>\n                                            <\/div>\n                <\/div>\n\n                <div class=\"twp-reacts-wrap\">\n                    <a react-data=\"be-react-6\" post-id=\"6619\" class=\"be-face-icons un-reacted\" href=\"javascript:void(0)\">\n                        <img decoding=\"async\" src=\"https:\/\/radionorteatacama.cl\/wp-content\/plugins\/booster-extension\/\/assets\/icon\/sleepy.svg\" alt=\"Sleepy\">\n                    <\/a>\n                    <div class=\"twp-reaction-title\">\n                        Sleepy                    <\/div>\n                    <div class=\"twp-count-percent\">\n                                                    <span style=\"display: none;\" class=\"twp-react-count\">0<\/span>\n                        \n                                                <span class=\"twp-react-percent\"><span>0<\/span> %<\/span>\n                                            <\/div>\n                <\/div>\n\n                <div class=\"twp-reacts-wrap\">\n                    <a react-data=\"be-react-4\" post-id=\"6619\" class=\"be-face-icons un-reacted\" href=\"javascript:void(0)\">\n                        <img decoding=\"async\" src=\"https:\/\/radionorteatacama.cl\/wp-content\/plugins\/booster-extension\/\/assets\/icon\/angry.svg\" alt=\"Angry\">\n                    <\/a>\n                    <div class=\"twp-reaction-title\">Angry<\/div>\n                    <div class=\"twp-count-percent\">\n                                                    <span style=\"display: none;\" class=\"twp-react-count\">0<\/span>\n                                                                        <span class=\"twp-react-percent\"><span>0<\/span> %<\/span>\n                        \n                    <\/div>\n                <\/div>\n\n                <div class=\"twp-reacts-wrap\">\n                    <a react-data=\"be-react-5\" post-id=\"6619\" class=\"be-face-icons un-reacted\" href=\"javascript:void(0)\">\n                        <img decoding=\"async\" src=\"https:\/\/radionorteatacama.cl\/wp-content\/plugins\/booster-extension\/\/assets\/icon\/surprise.svg\" alt=\"Surprise\">\n                    <\/a>\n                    <div class=\"twp-reaction-title\">Surprise<\/div>\n                    <div class=\"twp-count-percent\">\n                                                    <span style=\"display: none;\" class=\"twp-react-count\">0<\/span>\n                                                                        <span class=\"twp-react-percent\"><span>0<\/span> %<\/span>\n                                            <\/div>\n                <\/div>\n\n            <\/div>\n        <\/div>\n\n    ","protected":false},"excerpt":{"rendered":"<p>A\u00fan se espera la evaluaci\u00f3n del Comit\u00e9 Nacional para la Gesti\u00f3n del Riesgo de Desastres (COGRID), el cual determinar\u00e1 un balance general de da\u00f1os a nivel regional. Durante esta ma\u00f1ana en la Municipalidad de Copiap\u00f3 se llev\u00f3 a cabo una reuni\u00f3n de coordinaci\u00f3n para realizar un balance y analizar las medidas que se tomar\u00e1n en [&hellip;]<\/p>\n","protected":false},"author":1,"featured_media":0,"comment_status":"open","ping_status":"open","sticky":false,"template":"","format":"standard","meta":{"_joinchat":[],"footnotes":""},"categories":[1],"tags":[],"class_list":["post-6619","post","type-post","status-publish","format-standard","hentry","category-uncategorized"],"jetpack_featured_media_url":"","blog_post_layout_featured_media_urls":{"thumbnail":"","full":""},"categories_names":{"1":{"name":"Uncategorized","link":"https:\/\/radionorteatacama.cl\/index.php\/category\/uncategorized\/"}},"tags_names":[],"comments_number":"0","_links":{"self":[{"href":"https:\/\/radionorteatacama.cl\/index.php\/wp-json\/wp\/v2\/posts\/6619","targetHints":{"allow":["GET"]}}],"collection":[{"href":"https:\/\/radionorteatacama.cl\/index.php\/wp-json\/wp\/v2\/posts"}],"about":[{"href":"https:\/\/radionorteatacama.cl\/index.php\/wp-json\/wp\/v2\/types\/post"}],"author":[{"embeddable":true,"href":"https:\/\/radionorteatacama.cl\/index.php\/wp-json\/wp\/v2\/users\/1"}],"replies":[{"embeddable":true,"href":"https:\/\/radionorteatacama.cl\/index.php\/wp-json\/wp\/v2\/comments?post=6619"}],"version-history":[{"count":1,"href":"https:\/\/radionorteatacama.cl\/index.php\/wp-json\/wp\/v2\/posts\/6619\/revisions"}],"predecessor-version":[{"id":6620,"href":"https:\/\/radionorteatacama.cl\/index.php\/wp-json\/wp\/v2\/posts\/6619\/revisions\/6620"}],"wp:attachment":[{"href":"https:\/\/radionorteatacama.cl\/index.php\/wp-json\/wp\/v2\/media?parent=6619"}],"wp:term":[{"taxonomy":"category","embeddable":true,"href":"https:\/\/radionorteatacama.cl\/index.php\/wp-json\/wp\/v2\/categories?post=6619"},{"taxonomy":"post_tag","embeddable":true,"href":"https:\/\/radionorteatacama.cl\/index.php\/wp-json\/wp\/v2\/tags?post=6619"}],"curies":[{"name":"wp","href":"https:\/\/api.w.org\/{rel}","templated":true}]}}