{"id":6494,"date":"2025-04-24T03:15:55","date_gmt":"2025-04-24T03:15:55","guid":{"rendered":"http:\/\/radionorteatacama.cl\/?p=6494"},"modified":"2025-04-24T03:15:55","modified_gmt":"2025-04-24T03:15:55","slug":"sonami-impulsa-debate-sobre-cierre-de-faenas-junto-a-asociaciones-mineras-de-latinoamerica","status":"publish","type":"post","link":"https:\/\/radionorteatacama.cl\/index.php\/2025\/04\/24\/sonami-impulsa-debate-sobre-cierre-de-faenas-junto-a-asociaciones-mineras-de-latinoamerica\/","title":{"rendered":"SONAMI impulsa debate sobre cierre de faenas junto a asociaciones mineras de Latinoam\u00e9rica"},"content":{"rendered":"<div class='booster-block booster-read-block'>\n                <div class=\"twp-read-time\">\n                \t<i class=\"booster-icon twp-clock\"><\/i> <span>Read Time:<\/span>3 Minute, 24 Second                <\/div>\n\n            <\/div><p>SONAMI impulsa debate sobre cierre de faenas junto a asociaciones mineras de Latinoam\u00e9rica<\/p>\n<p>\u25cf Representantes de las principales c\u00e1maras mineras de la regi\u00f3n participaron en el panel \u201cMiner\u00eda despu\u00e9s de la miner\u00eda: un nuevo comienzo\u201d, abordando los desaf\u00edos y oportunidades de la industria al finalizar las operaciones mineras.<\/p>\n<p>Expomin 2025 abri\u00f3 su primera jornada en un ambiente marcado por la necesidad de abordar los desaf\u00edos de la industria de manera colaborativa. En ese contexto, la Sociedad Nacional de Miner\u00eda (SONAMI) reuni\u00f3 a los principales l\u00edderes de las asociaciones mineras de Latinoam\u00e9rica en el seminario internacional \u201cMiner\u00eda despu\u00e9s de la miner\u00eda: un nuevo comienzo\u201d, estableciendo un hito de di\u00e1logo y reflexi\u00f3n regional del sector. El panel internacional, moderado por Jorge Riesco, presidente de SONAMI, congreg\u00f3 a representantes de Argentina, Ecuador, M\u00e9xico y Per\u00fa. \u201cEs fundamental pensar en la miner\u00eda despu\u00e9s de la miner\u00eda: c\u00f3mo nos hacemos cargo de los proyectos cuando concluyen y c\u00f3mo seguimos en una sociedad que nos solicita obrar en una econom\u00eda circular\u201d, se\u00f1al\u00f3 Riesco.<\/p>\n<p>\u201cLa miner\u00eda ha sido parte de la historia de nuestro pa\u00eds y tambi\u00e9n de la regi\u00f3n, por lo que realizar un aprovechamiento secundario de lo que tanto ha costado construir y operar puede ser una oportunidad de dejar un legado de lo que ha sido esta industria, pero tambi\u00e9n seguir siendo un beneficio para las futuras generaciones\u201d, explic\u00f3 el presidente de SONAMI.<\/p>\n<p>La sesi\u00f3n cont\u00f3 con la participaci\u00f3n de la presidenta del directorio de la C\u00e1mara de Miner\u00eda del Ecuador (CME), Carolina Orozco, quien manifest\u00f3 que \u201cal planificar un cierre de un proyecto minero, es una labor que comienza en la exploraci\u00f3n. En esa fase, las empresas contamos con informaci\u00f3n de l\u00ednea de base, que nos permite abordar un cierre de proyecto como una oportunidad para iniciar una nueva etapa\u201d.<\/p>\n<p>En esa misma l\u00ednea, Karen Flores, directora general de la C\u00e1mara Minera de M\u00e9xico (CAMIMEX), instituci\u00f3n con m\u00e1s de 100 a\u00f1os representando al sector, agreg\u00f3 que \u201cdurante todas las etapas de la producci\u00f3n minera, es esencial que se incluya a las comunidades. Nuestro rol como gremios es fomentar el v\u00ednculo entre el sector privado y p\u00fablico para trabajar por el desarrollo de las comunidades apoyando la generaci\u00f3n de pol\u00edticas p\u00fablicas con informaci\u00f3n obtenida en terreno\u201d.<\/p>\n<p>En la oportunidad, Gonzalo Quijandr\u00eda, presidente del Comit\u00e9 Sectorial Minero (SONAMIPE), entidad que agrupa a las principales empresas mineras de Per\u00fa, tambi\u00e9n enfatiz\u00f3 la necesidad de planes que piensen en qu\u00e9 pasar\u00e1 despu\u00e9s de la producci\u00f3n e indic\u00f3 que \u201cde alguna manera, se debe trabajar durante la vida de la operaci\u00f3n en otros potenciales productivos, y que se siga trabajando paralelamente al minero, porque la actividad extractiva es temporal.<\/p>\n<p>Debemos ser capaces de cerrar cap\u00edtulos y de poder contar una historia de t\u00e9rmino de proyecto exitosa\u201d.<\/p>\n<p>Mientras que Roberto Cacciola, quien lidera la C\u00e1mara Argentina de Empresas Mineras (CAEM), resalt\u00f3 que \u201caqu\u00ed hay un denominador com\u00fan: el di\u00e1logo con las comunidades es esencial y siempre debe comenzar con el dise\u00f1o de las faenas. Pero debe venir acompa\u00f1ado con acciones que tengan por objetivo el desarrollo de la ciudadan\u00eda y su entorno. Para ello, incorporar modelos de gesti\u00f3n empresarial adaptativos puede facilitar la transici\u00f3n econ\u00f3mica de los trabajadores y comunidades post-cierre\u201d.<\/p>\n<p>Ejes fundamentales<\/p>\n<p>Durante el intercambio, los representantes gremiales coincidieron en cuatro ejes fundamentales para el futuro de la miner\u00eda latinoamericana: la importancia de la planificaci\u00f3n temprana del cierre de faenas, el rol crucial del di\u00e1logo con las comunidades, la necesidad de desarrollar alternativas productivas paralelas a la miner\u00eda, y el enfoque en los derechos humanos como pilar fundamental.<\/p>\n<p>A partir de estos puntos, el consenso general de los expertos apunt\u00f3 a que el futuro de la industria minera en Latinoam\u00e9rica debe fundamentarse en la planificaci\u00f3n integral desde el inicio de las operaciones, la comunicaci\u00f3n permanente y transparente con las comunidades, junto con el desarrollo de alternativas productivas complementarias.<\/p>\n<p>Este encuentro entre los principales gremios mineros de la regi\u00f3n permiti\u00f3 establecer una base com\u00fan para abordar los desaf\u00edos post extractivos, poniendo especial \u00e9nfasis en la responsabilidad social y el desarrollo sostenible de las comunidades mineras, marcando as\u00ed un precedente en la colaboraci\u00f3<\/p>\n        <div class=\"booster-block booster-reactions-block\">\n            <div class=\"twp-reactions-icons\">\n                \n                <div class=\"twp-reacts-wrap\">\n                    <a react-data=\"be-react-1\" post-id=\"6494\" class=\"be-face-icons un-reacted\" href=\"javascript:void(0)\">\n                        <img decoding=\"async\" src=\"https:\/\/radionorteatacama.cl\/wp-content\/plugins\/booster-extension\/\/assets\/icon\/happy.svg\" alt=\"Happy\">\n                    <\/a>\n                    <div class=\"twp-reaction-title\">\n                        Happy                    <\/div>\n                    <div class=\"twp-count-percent\">\n                                                    <span style=\"display: none;\" class=\"twp-react-count\">0<\/span>\n                        \n                                                <span class=\"twp-react-percent\"><span>0<\/span> %<\/span>\n                                            <\/div>\n                <\/div>\n\n                <div class=\"twp-reacts-wrap\">\n                    <a react-data=\"be-react-2\" post-id=\"6494\" class=\"be-face-icons un-reacted\" href=\"javascript:void(0)\">\n                        <img decoding=\"async\" src=\"https:\/\/radionorteatacama.cl\/wp-content\/plugins\/booster-extension\/\/assets\/icon\/sad.svg\" alt=\"Sad\">\n                    <\/a>\n                    <div class=\"twp-reaction-title\">\n                        Sad                    <\/div>\n                    <div class=\"twp-count-percent\">\n                                                    <span style=\"display: none;\" class=\"twp-react-count\">0<\/span>\n                                                                        <span class=\"twp-react-percent\"><span>0<\/span> %<\/span>\n                                            <\/div>\n                <\/div>\n\n                <div class=\"twp-reacts-wrap\">\n                    <a react-data=\"be-react-3\" post-id=\"6494\" class=\"be-face-icons un-reacted\" href=\"javascript:void(0)\">\n                        <img decoding=\"async\" src=\"https:\/\/radionorteatacama.cl\/wp-content\/plugins\/booster-extension\/\/assets\/icon\/excited.svg\" alt=\"Excited\">\n                    <\/a>\n                    <div class=\"twp-reaction-title\">\n                        Excited                    <\/div>\n                    <div class=\"twp-count-percent\">\n                                                    <span style=\"display: none;\" class=\"twp-react-count\">0<\/span>\n                                                                        <span class=\"twp-react-percent\"><span>0<\/span> %<\/span>\n                                            <\/div>\n                <\/div>\n\n                <div class=\"twp-reacts-wrap\">\n                    <a react-data=\"be-react-6\" post-id=\"6494\" class=\"be-face-icons un-reacted\" href=\"javascript:void(0)\">\n                        <img decoding=\"async\" src=\"https:\/\/radionorteatacama.cl\/wp-content\/plugins\/booster-extension\/\/assets\/icon\/sleepy.svg\" alt=\"Sleepy\">\n                    <\/a>\n                    <div class=\"twp-reaction-title\">\n                        Sleepy                    <\/div>\n                    <div class=\"twp-count-percent\">\n                                                    <span style=\"display: none;\" class=\"twp-react-count\">0<\/span>\n                        \n                                                <span class=\"twp-react-percent\"><span>0<\/span> %<\/span>\n                                            <\/div>\n                <\/div>\n\n                <div class=\"twp-reacts-wrap\">\n                    <a react-data=\"be-react-4\" post-id=\"6494\" class=\"be-face-icons un-reacted\" href=\"javascript:void(0)\">\n                        <img decoding=\"async\" src=\"https:\/\/radionorteatacama.cl\/wp-content\/plugins\/booster-extension\/\/assets\/icon\/angry.svg\" alt=\"Angry\">\n                    <\/a>\n                    <div class=\"twp-reaction-title\">Angry<\/div>\n                    <div class=\"twp-count-percent\">\n                                                    <span style=\"display: none;\" class=\"twp-react-count\">0<\/span>\n                                                                        <span class=\"twp-react-percent\"><span>0<\/span> %<\/span>\n                        \n                    <\/div>\n                <\/div>\n\n                <div class=\"twp-reacts-wrap\">\n                    <a react-data=\"be-react-5\" post-id=\"6494\" class=\"be-face-icons un-reacted\" href=\"javascript:void(0)\">\n                        <img decoding=\"async\" src=\"https:\/\/radionorteatacama.cl\/wp-content\/plugins\/booster-extension\/\/assets\/icon\/surprise.svg\" alt=\"Surprise\">\n                    <\/a>\n                    <div class=\"twp-reaction-title\">Surprise<\/div>\n                    <div class=\"twp-count-percent\">\n                                                    <span style=\"display: none;\" class=\"twp-react-count\">0<\/span>\n                                                                        <span class=\"twp-react-percent\"><span>0<\/span> %<\/span>\n                                            <\/div>\n                <\/div>\n\n            <\/div>\n        <\/div>\n\n    ","protected":false},"excerpt":{"rendered":"<p>SONAMI impulsa debate sobre cierre de faenas junto a asociaciones mineras de Latinoam\u00e9rica \u25cf Representantes de las principales c\u00e1maras mineras de la regi\u00f3n participaron en el panel \u201cMiner\u00eda despu\u00e9s de la miner\u00eda: un nuevo comienzo\u201d, abordando los desaf\u00edos y oportunidades de la industria al finalizar las operaciones mineras. Expomin 2025 abri\u00f3 su primera jornada en [&hellip;]<\/p>\n","protected":false},"author":1,"featured_media":0,"comment_status":"open","ping_status":"open","sticky":false,"template":"","format":"standard","meta":{"_joinchat":[],"footnotes":""},"categories":[1],"tags":[],"class_list":["post-6494","post","type-post","status-publish","format-standard","hentry","category-uncategorized"],"jetpack_featured_media_url":"","blog_post_layout_featured_media_urls":{"thumbnail":"","full":""},"categories_names":{"1":{"name":"Uncategorized","link":"https:\/\/radionorteatacama.cl\/index.php\/category\/uncategorized\/"}},"tags_names":[],"comments_number":"0","_links":{"self":[{"href":"https:\/\/radionorteatacama.cl\/index.php\/wp-json\/wp\/v2\/posts\/6494","targetHints":{"allow":["GET"]}}],"collection":[{"href":"https:\/\/radionorteatacama.cl\/index.php\/wp-json\/wp\/v2\/posts"}],"about":[{"href":"https:\/\/radionorteatacama.cl\/index.php\/wp-json\/wp\/v2\/types\/post"}],"author":[{"embeddable":true,"href":"https:\/\/radionorteatacama.cl\/index.php\/wp-json\/wp\/v2\/users\/1"}],"replies":[{"embeddable":true,"href":"https:\/\/radionorteatacama.cl\/index.php\/wp-json\/wp\/v2\/comments?post=6494"}],"version-history":[{"count":1,"href":"https:\/\/radionorteatacama.cl\/index.php\/wp-json\/wp\/v2\/posts\/6494\/revisions"}],"predecessor-version":[{"id":6495,"href":"https:\/\/radionorteatacama.cl\/index.php\/wp-json\/wp\/v2\/posts\/6494\/revisions\/6495"}],"wp:attachment":[{"href":"https:\/\/radionorteatacama.cl\/index.php\/wp-json\/wp\/v2\/media?parent=6494"}],"wp:term":[{"taxonomy":"category","embeddable":true,"href":"https:\/\/radionorteatacama.cl\/index.php\/wp-json\/wp\/v2\/categories?post=6494"},{"taxonomy":"post_tag","embeddable":true,"href":"https:\/\/radionorteatacama.cl\/index.php\/wp-json\/wp\/v2\/tags?post=6494"}],"curies":[{"name":"wp","href":"https:\/\/api.w.org\/{rel}","templated":true}]}}