{"id":6463,"date":"2025-02-14T01:31:11","date_gmt":"2025-02-14T01:31:11","guid":{"rendered":"https:\/\/radionorteatacama.cl\/?p=6463"},"modified":"2025-02-14T01:31:11","modified_gmt":"2025-02-14T01:31:11","slug":"cerca-del-45-de-los-deudores-de-pensiones-de-alimentos-inscritos-en-el-registro-han-pagado-o-llegado-a-acuerdo-de-pago","status":"publish","type":"post","link":"https:\/\/radionorteatacama.cl\/index.php\/2025\/02\/14\/cerca-del-45-de-los-deudores-de-pensiones-de-alimentos-inscritos-en-el-registro-han-pagado-o-llegado-a-acuerdo-de-pago\/","title":{"rendered":"Cerca del 45% de los deudores de pensiones de alimentos inscritos en el registro, han pagado o llegado a acuerdo de pago"},"content":{"rendered":"<div class='booster-block booster-read-block'>\n                <div class=\"twp-read-time\">\n                \t<i class=\"booster-icon twp-clock\"><\/i> <span>Read Time:<\/span>5 Minute, 30 Second                <\/div>\n\n            <\/div><p>Cerca del 45% de los deudores de pensiones de alimentos inscritos en el registro, han pagado o<br \/>\nllegado a acuerdo de pago<br \/>\n\u2022 Este dato se suma a lo informado en octubre por el Poder Judicial, que dio cuenta que, desde<br \/>\nla implementaci\u00f3n de la Ley de Pago Efectivo, ya se hab\u00eda ordenado pagos por m\u00e1s de 1<br \/>\nbill\u00f3n 380 mil millones de pesos desde cuentas bancarias, instrumentos financieros y fondos<br \/>\nde AFP de los deudores.<br \/>\n\u2022 La ministra (s) de la Mujer valor\u00f3 los avances y advirti\u00f3 de la importancia de continuar con<br \/>\nel pago sistem\u00e1tico de esta responsabilidad, pues de lo contrario, se puede reincidir en el<br \/>\nregistro.<br \/>\nCon el objetivo de lograr el pago efectivo de las pensiones de alimentos adeudadas en el pa\u00eds, y de<br \/>\ngarantizar la responsabilidad del Estado de los derechos de los ni\u00f1os, ni\u00f1as y adolescentes, el<br \/>\nMinisterio de la Mujer y la Equidad de G\u00e9nero impuls\u00f3 en 2022 la Ley de Responsabilidad Parental<br \/>\ny Pago Efectivo de Pensiones Alimenticias, una medida prioritaria del Gobierno del Presidente<br \/>\nGabriel Boric. La norma, aprobada durante el primer a\u00f1o, comenz\u00f3 a implementarse en mayo de<br \/>\n2023, permitiendo que, desde entonces, el Estado asuma un rol como persecutor del patrimonio del<br \/>\ndeudor, creando adem\u00e1s dos mecanismos para lograr el pago efectivo de las deudas desde cuentas<br \/>\nbancarias, instrumentos financieros y fondos de pensiones.<br \/>\nAl mes de octubre de 2024, a poco m\u00e1s de un a\u00f1o de implementaci\u00f3n de esta ley, el Poder Judicial<br \/>\ninform\u00f3 que los tribunales de familia ya hab\u00edan ordenado el pago de m\u00e1s de $1 bill\u00f3n 360 mil<br \/>\nmillones de pesos a trav\u00e9s de los mecanismos que establece la ley, es decir, un equivalente a 33<br \/>\nteletones. A la misma fecha, se hab\u00edan pagado m\u00e1s de $588.275 millones.<br \/>\n\u201cQue se haya ordenado el pago de estos montos significa que estos recursos ya hab\u00edan sido<br \/>\nencontrados en las cuentas bancarias, instrumentos financieros o fondos de pensiones del deudor,<br \/>\ngracias a las atribuciones que permite la Ley de Pago Efectivo a los Tribunales, y que estos recursos<br \/>\nse hab\u00edan pagado o se encontraban en proceso de pago\u201d, explica la ministra (s) de la Mujer y la<br \/>\nEquidad de G\u00e9nero, Luz Vidal Huiriqueo.<br \/>\nTanto los mecanismos de pago como las sanciones establecidas en la ley han contribuido a que, al<br \/>\nmes de febrero de este a\u00f1o, se han realizado m\u00e1s de 132.541 cancelaciones de inscripciones de<br \/>\ndeudores que figuraban en el registro, es decir, cerca del 45% de los deudores que han ingresado<br \/>\nal Registro de Deudores, han pagado su deuda o llegado a un acuerdo de pago completo y<br \/>\nsuficiente aprobado por los tribunales.<br \/>\nEn la Regi\u00f3n de Atacama 2.377 deudores han salido del registro de deudores, ya sea pagando o<br \/>\nllegado a acuerdo de pago, lo que equivale a aproximadamente un 43% de las personas que han<br \/>\nentrado desde su creaci\u00f3n. A\u00fan quedan 4.862 deudores con inscripci\u00f3n vigente.<br \/>\nEn tal sentido, la seremi (s) de la Mujer y la Equidad de G\u00e9nero de Atacama, M\u00f3nica Mar\u00edn Aguirre,<br \/>\ndestac\u00f3 que en la regi\u00f3n, \u201cse da una l\u00f3gica similar al nivel nacional, en cuanto al porcentaje de<br \/>\ndeudores que han equilibrado la balanza a favor de la responsabilidad parental, de la madurez, de<br \/>\nentender que los hijos e hijas no deben sufrir por las decisiones de sus padres o tutores\u201d.<br \/>\nPese a lo anterior, Mar\u00edn argument\u00f3 que \u201cpersiste una brecha que supera el 50% de deudores, lo<br \/>\ncual nos empuja, con m\u00e1s convicci\u00f3n y acci\u00f3n, a informar, concientizar y exigir lo que es un derecho<br \/>\nde todo hijo e hija\u201d.<br \/>\nActualmente, existen cerca de 268 mil deudores de pensiones de alimentos inscritos en el registro.<br \/>\nAl respecto, la ministra (s) Vidal se\u00f1ala que \u201cesta institucionalidad ha generado una mayor confianza<br \/>\nde las mujeres para judicializar las deudas y exigir el justo derecho del que son acreedores sus hijos<br \/>\ne hijas. Y para continuar avanzando, como Ministerio de la Mujer seguimos trabajando<br \/>\npermanentemente con el Poder Judicial, la Comisi\u00f3n para el Mercado Financiero y las instituciones<br \/>\ninvolucradas, pues la implementaci\u00f3n de la Ley de Pago Efectivo requiere un gran esfuerzo de<br \/>\ncoordinaci\u00f3n entre instituciones p\u00fablicas y privadas, as\u00ed como desarrollo tecnol\u00f3gico\u201d.<br \/>\nEn este sentido, la autoridad advierte la importancia de continuar con el pago sistem\u00e1tico de esta<br \/>\nresponsabilidad, pues de lo contrario, se puede reincidir en el registro.<br \/>\nA esto se suman otras iniciativas impulsadas por el Ministerio de la Mujer y la Equidad de G\u00e9nero<br \/>\npara fortalecer el sistema, como el proyecto realizado el a\u00f1o 2024 con la Corporaci\u00f3n de Asistencia<br \/>\nJudicial Metropolitana (CAJ) que permiti\u00f3 entregar representaci\u00f3n judicial en m\u00e1s de 1.900 causas,<br \/>\ningresar m\u00e1s de 550 nuevas causas a tribunales, atender m\u00e1s de 1.500 entrevistas de orientaci\u00f3n e<br \/>\ninformaci\u00f3n, realizar 895 entrevistas judiciales para evaluaci\u00f3n de viabilidad jur\u00eddica, y registrar m\u00e1s<br \/>\nde 6.600 gestiones judiciales y\/o extrajudiciales asociadas al avance procesal de las causas y a la<br \/>\ncorrespondiente comunicaci\u00f3n e informaci\u00f3n con las mujeres patrocinadas.<br \/>\nAsimismo, diversas instituciones se han sumado a este desaf\u00edo. Una de ellas es el Ministerio de<br \/>\nDesarrollo Social y Familia, que desde el a\u00f1o pasado considera la deuda de pensi\u00f3n de alimentos<br \/>\ncomo un factor de clasificaci\u00f3n socioecon\u00f3mica, lo que permite a los hogares que no est\u00e1n<br \/>\nrecibiendo la pensi\u00f3n de alimentos que corresponde, reportar esta situaci\u00f3n para que se considere<br \/>\nal momento de optar a los beneficios del Estado.<br \/>\n\u201cHoy estamos viendo los resultados de una iniciativa impulsada por este gobierno, que en muy poco<br \/>\ntiempo permiti\u00f3 activar y articular la institucionalidad del Estado en favor de quienes tienen a su<br \/>\ncargo el cuidado de ni\u00f1as, ni\u00f1os y adolescentes, y que son mayoritariamente mujeres, logrando que<br \/>\nun alto porcentaje de deudores de pensiones de alimentos se hagan cargo de la responsabilidad<br \/>\necon\u00f3mica que ello implica y que por a\u00f1os eludieron\u201d, se\u00f1al\u00f3 el Ministro de Justicia y Derechos<br \/>\nHumanos, Jaime Gajardo Falc\u00f3n.<br \/>\nLa autoridad agreg\u00f3 que \u201cac\u00e1, m\u00e1s all\u00e1 de la restituci\u00f3n econ\u00f3mica, muy necesaria, por cierto, es<br \/>\nimportante seguir avanzando en la protecci\u00f3n de nuestros ni\u00f1os, ni\u00f1as y adolescentes, y en paralelo,<br \/>\npromover la discusi\u00f3n y la reflexi\u00f3n en torno a esta cuestionable actitud, para que a futuro logremos<br \/>\nreducir al m\u00ednimo este tipo de situaciones\u201d.<br \/>\n\u201cComo pa\u00eds hoy contamos con una mejor institucionalidad para el cumplimiento del pago de<br \/>\npensiones alimenticias, lo que est\u00e1 generando un cambio respecto de un problema que han<br \/>\nenfrentado miles de mujeres y ni\u00f1eces en nuestra historia, en donde el Estado garantice el pleno<br \/>\ndesarrollo y talento que nacen y habitan los territorios, porque de esta forma, seguimos creciendo<br \/>\ncomo sociedad. Ya no est\u00e1n solas\u201d, concluy\u00f3 la autoridad. <\/p>\n        <div class=\"booster-block booster-reactions-block\">\n            <div class=\"twp-reactions-icons\">\n                \n                <div class=\"twp-reacts-wrap\">\n                    <a react-data=\"be-react-1\" post-id=\"6463\" class=\"be-face-icons un-reacted\" href=\"javascript:void(0)\">\n                        <img decoding=\"async\" src=\"https:\/\/radionorteatacama.cl\/wp-content\/plugins\/booster-extension\/\/assets\/icon\/happy.svg\" alt=\"Happy\">\n                    <\/a>\n                    <div class=\"twp-reaction-title\">\n                        Happy                    <\/div>\n                    <div class=\"twp-count-percent\">\n                                                    <span style=\"display: none;\" class=\"twp-react-count\">0<\/span>\n                        \n                                                <span class=\"twp-react-percent\"><span>0<\/span> %<\/span>\n                                            <\/div>\n                <\/div>\n\n                <div class=\"twp-reacts-wrap\">\n                    <a react-data=\"be-react-2\" post-id=\"6463\" class=\"be-face-icons un-reacted\" href=\"javascript:void(0)\">\n                        <img decoding=\"async\" src=\"https:\/\/radionorteatacama.cl\/wp-content\/plugins\/booster-extension\/\/assets\/icon\/sad.svg\" alt=\"Sad\">\n                    <\/a>\n                    <div class=\"twp-reaction-title\">\n                        Sad                    <\/div>\n                    <div class=\"twp-count-percent\">\n                                                    <span style=\"display: none;\" class=\"twp-react-count\">0<\/span>\n                                                                        <span class=\"twp-react-percent\"><span>0<\/span> %<\/span>\n                                            <\/div>\n                <\/div>\n\n                <div class=\"twp-reacts-wrap\">\n                    <a react-data=\"be-react-3\" post-id=\"6463\" class=\"be-face-icons un-reacted\" href=\"javascript:void(0)\">\n                        <img decoding=\"async\" src=\"https:\/\/radionorteatacama.cl\/wp-content\/plugins\/booster-extension\/\/assets\/icon\/excited.svg\" alt=\"Excited\">\n                    <\/a>\n                    <div class=\"twp-reaction-title\">\n                        Excited                    <\/div>\n                    <div class=\"twp-count-percent\">\n                                                    <span style=\"display: none;\" class=\"twp-react-count\">0<\/span>\n                                                                        <span class=\"twp-react-percent\"><span>0<\/span> %<\/span>\n                                            <\/div>\n                <\/div>\n\n                <div class=\"twp-reacts-wrap\">\n                    <a react-data=\"be-react-6\" post-id=\"6463\" class=\"be-face-icons un-reacted\" href=\"javascript:void(0)\">\n                        <img decoding=\"async\" src=\"https:\/\/radionorteatacama.cl\/wp-content\/plugins\/booster-extension\/\/assets\/icon\/sleepy.svg\" alt=\"Sleepy\">\n                    <\/a>\n                    <div class=\"twp-reaction-title\">\n                        Sleepy                    <\/div>\n                    <div class=\"twp-count-percent\">\n                                                    <span style=\"display: none;\" class=\"twp-react-count\">0<\/span>\n                        \n                                                <span class=\"twp-react-percent\"><span>0<\/span> %<\/span>\n                                            <\/div>\n                <\/div>\n\n                <div class=\"twp-reacts-wrap\">\n                    <a react-data=\"be-react-4\" post-id=\"6463\" class=\"be-face-icons un-reacted\" href=\"javascript:void(0)\">\n                        <img decoding=\"async\" src=\"https:\/\/radionorteatacama.cl\/wp-content\/plugins\/booster-extension\/\/assets\/icon\/angry.svg\" alt=\"Angry\">\n                    <\/a>\n                    <div class=\"twp-reaction-title\">Angry<\/div>\n                    <div class=\"twp-count-percent\">\n                                                    <span style=\"display: none;\" class=\"twp-react-count\">0<\/span>\n                                                                        <span class=\"twp-react-percent\"><span>0<\/span> %<\/span>\n                        \n                    <\/div>\n                <\/div>\n\n                <div class=\"twp-reacts-wrap\">\n                    <a react-data=\"be-react-5\" post-id=\"6463\" class=\"be-face-icons un-reacted\" href=\"javascript:void(0)\">\n                        <img decoding=\"async\" src=\"https:\/\/radionorteatacama.cl\/wp-content\/plugins\/booster-extension\/\/assets\/icon\/surprise.svg\" alt=\"Surprise\">\n                    <\/a>\n                    <div class=\"twp-reaction-title\">Surprise<\/div>\n                    <div class=\"twp-count-percent\">\n                                                    <span style=\"display: none;\" class=\"twp-react-count\">0<\/span>\n                                                                        <span class=\"twp-react-percent\"><span>0<\/span> %<\/span>\n                                            <\/div>\n                <\/div>\n\n            <\/div>\n        <\/div>\n\n    ","protected":false},"excerpt":{"rendered":"<p>Cerca del 45% de los deudores de pensiones de alimentos inscritos en el registro, han pagado o llegado a acuerdo de pago \u2022 Este dato se suma a lo informado en octubre por el Poder Judicial, que dio cuenta que, desde la implementaci\u00f3n de la Ley de Pago Efectivo, ya se hab\u00eda ordenado pagos por [&hellip;]<\/p>\n","protected":false},"author":1,"featured_media":0,"comment_status":"open","ping_status":"open","sticky":false,"template":"","format":"standard","meta":{"_joinchat":[],"footnotes":""},"categories":[1],"tags":[],"class_list":["post-6463","post","type-post","status-publish","format-standard","hentry","category-uncategorized"],"jetpack_featured_media_url":"","blog_post_layout_featured_media_urls":{"thumbnail":"","full":""},"categories_names":{"1":{"name":"Uncategorized","link":"https:\/\/radionorteatacama.cl\/index.php\/category\/uncategorized\/"}},"tags_names":[],"comments_number":"0","_links":{"self":[{"href":"https:\/\/radionorteatacama.cl\/index.php\/wp-json\/wp\/v2\/posts\/6463","targetHints":{"allow":["GET"]}}],"collection":[{"href":"https:\/\/radionorteatacama.cl\/index.php\/wp-json\/wp\/v2\/posts"}],"about":[{"href":"https:\/\/radionorteatacama.cl\/index.php\/wp-json\/wp\/v2\/types\/post"}],"author":[{"embeddable":true,"href":"https:\/\/radionorteatacama.cl\/index.php\/wp-json\/wp\/v2\/users\/1"}],"replies":[{"embeddable":true,"href":"https:\/\/radionorteatacama.cl\/index.php\/wp-json\/wp\/v2\/comments?post=6463"}],"version-history":[{"count":1,"href":"https:\/\/radionorteatacama.cl\/index.php\/wp-json\/wp\/v2\/posts\/6463\/revisions"}],"predecessor-version":[{"id":6464,"href":"https:\/\/radionorteatacama.cl\/index.php\/wp-json\/wp\/v2\/posts\/6463\/revisions\/6464"}],"wp:attachment":[{"href":"https:\/\/radionorteatacama.cl\/index.php\/wp-json\/wp\/v2\/media?parent=6463"}],"wp:term":[{"taxonomy":"category","embeddable":true,"href":"https:\/\/radionorteatacama.cl\/index.php\/wp-json\/wp\/v2\/categories?post=6463"},{"taxonomy":"post_tag","embeddable":true,"href":"https:\/\/radionorteatacama.cl\/index.php\/wp-json\/wp\/v2\/tags?post=6463"}],"curies":[{"name":"wp","href":"https:\/\/api.w.org\/{rel}","templated":true}]}}