{"id":6461,"date":"2025-02-14T01:24:44","date_gmt":"2025-02-14T01:24:44","guid":{"rendered":"https:\/\/radionorteatacama.cl\/?p=6461"},"modified":"2025-02-14T01:24:44","modified_gmt":"2025-02-14T01:24:44","slug":"musica-baile-y-cuentos-en-el-programa-vacaciones-en-mi-jardin","status":"publish","type":"post","link":"https:\/\/radionorteatacama.cl\/index.php\/2025\/02\/14\/musica-baile-y-cuentos-en-el-programa-vacaciones-en-mi-jardin\/","title":{"rendered":"M\u00fasica, baile y cuentos en el Programa Vacaciones en Mi Jard\u00edn"},"content":{"rendered":"<div class='booster-block booster-read-block'>\n                <div class=\"twp-read-time\">\n                \t<i class=\"booster-icon twp-clock\"><\/i> <span>Read Time:<\/span>2 Minute, 37 Second                <\/div>\n\n            <\/div><p>El Programa Vacaciones en Mi Jard\u00edn de Fundaci\u00f3n Integra, que funciona en el jard\u00edn infantil Corona del Inca de Copiap\u00f3, ha realizado m\u00faltiples actividades para ofrecer a los ni\u00f1os y ni\u00f1as que asisten durante la \u00e9poca estival.<\/p>\n<p>Entre las principales actividades, se encuentra Musidanza, la cual est\u00e1 a cargo de la tallerista Cristina del Sol, quien ha llevado a los ni\u00f1os y ni\u00f1as toda la entretenci\u00f3n de m\u00fasica, mezclada con telas, baile, ejercicios de motricidad, de elongaci\u00f3n, entre otras actividades, que han encantado a las y los p\u00e1rvulos. \u201cTrabajar dando clases de Musidanza en Vacaciones en Mi Jard\u00edn, ha sido muy especial, porque los ni\u00f1os y ni\u00f1as han formado un nuevo grupo de verano. En nuestros encuentros de taller semanal, hemos logrado vincularnos desde el juego, la danza y la espontaneidad de cada ni\u00f1o y ni\u00f1a. Hemos logrado disfrutar y hacer de la experiencia, un momento sensible y creativo con la diversidad de infancias que se manifiestan libremente. Para m\u00ed, lo m\u00e1s relevante ha sido ver que cada ni\u00f1o y ni\u00f1a tiene sus propias preferencias, actitudes e intereses, pero al momento de presentarles un nuevo juego donde liberen su energ\u00eda y, desde la emoci\u00f3n de la alegr\u00eda, con alguna propuesta interesante, se van sumando, explorando y disfrutando, como cada uno de ellos y ellas lo siente\u201d, enfatiz\u00f3 Cristina.<\/p>\n<p>Adem\u00e1s, el Programa Vacaciones en Mi Jard\u00edn ha contado con la participaci\u00f3n de Carla V\u00e1squez, Encargada del \u00c1rea Infantil de la Biblioteca P\u00fablica Regional, quien realiz\u00f3 un cuentacuentos para los ni\u00f1os y ni\u00f1as del nivel Medios. \u201cDesde la biblioteca sabemos la importancia de fomentar la lectura y la aproximaci\u00f3n al libro desde edades tempranas, por ello la colaboraci\u00f3n con jardines infantiles se vuelve esencial. Las ni\u00f1as y ni\u00f1os est\u00e1n en una etapa que marca el resto de sus vidas y los est\u00edmulos que reciben hoy, son clave para su futuro, las y los p\u00e1rvulos son altamente sensibles, receptivos y curiosos, y un buen inicio en su relaci\u00f3n con los libros puede facilitar varias de sus experiencias venideras. Agradecemos que Integra haya hecho la invitaci\u00f3n, estas experiencias son enriquecedoras tanto para las y los p\u00e1rvulos como para las instituciones, el jard\u00edn es un puente seguro entre la biblioteca y las infancias\u201d, se\u00f1al\u00f3 Carla V\u00e1squez.<\/p>\n<p>Cabe destacar que, el Programa Vacaciones en mi Jard\u00edn (VMJ) ofrece a ni\u00f1os y ni\u00f1as actividades l\u00fadicas y educativas en un ambiente de bienestar y recreaci\u00f3n, durante el periodo de vacaciones de verano. Brinda a ni\u00f1as, ni\u00f1os y sus familias un programa con \u00e9nfasis en el bienestar integral y la implementaci\u00f3n de ambientes enriquecidos que ofrecen m\u00faltiples oportunidades para jugar y disfrutar con sus pares.<\/p>\n<p>El programa cuenta con variado material did\u00e1ctico para realizar talleres y trabajo en zonas, adem\u00e1s de actividades recreativas para que los ni\u00f1os y ni\u00f1as disfruten el<\/p>\n<p>per\u00edodo de vacaciones. Adem\u00e1s, ofrece una minuta de alimentaci\u00f3n de acuerdo a la estaci\u00f3n correspondiente.<\/p>\n<p>Con 34 a\u00f1os de experiencia y m\u00e1s de 1.200 salas cuna y jardines infantiles gratuitos en todo el pa\u00eds, Fundaci\u00f3n Integra trabaja para lograr el desarrollo integral, bienestar y aprendizajes significativos de ni\u00f1os y ni\u00f1as, poniendo a su disposici\u00f3n espacios educativos diversos, estimulantes y de calidad.<\/p>\n        <div class=\"booster-block booster-reactions-block\">\n            <div class=\"twp-reactions-icons\">\n                \n                <div class=\"twp-reacts-wrap\">\n                    <a react-data=\"be-react-1\" post-id=\"6461\" class=\"be-face-icons un-reacted\" href=\"javascript:void(0)\">\n                        <img decoding=\"async\" src=\"https:\/\/radionorteatacama.cl\/wp-content\/plugins\/booster-extension\/\/assets\/icon\/happy.svg\" alt=\"Happy\">\n                    <\/a>\n                    <div class=\"twp-reaction-title\">\n                        Happy                    <\/div>\n                    <div class=\"twp-count-percent\">\n                                                    <span style=\"display: none;\" class=\"twp-react-count\">0<\/span>\n                        \n                                                <span class=\"twp-react-percent\"><span>0<\/span> %<\/span>\n                                            <\/div>\n                <\/div>\n\n                <div class=\"twp-reacts-wrap\">\n                    <a react-data=\"be-react-2\" post-id=\"6461\" class=\"be-face-icons un-reacted\" href=\"javascript:void(0)\">\n                        <img decoding=\"async\" src=\"https:\/\/radionorteatacama.cl\/wp-content\/plugins\/booster-extension\/\/assets\/icon\/sad.svg\" alt=\"Sad\">\n                    <\/a>\n                    <div class=\"twp-reaction-title\">\n                        Sad                    <\/div>\n                    <div class=\"twp-count-percent\">\n                                                    <span style=\"display: none;\" class=\"twp-react-count\">0<\/span>\n                                                                        <span class=\"twp-react-percent\"><span>0<\/span> %<\/span>\n                                            <\/div>\n                <\/div>\n\n                <div class=\"twp-reacts-wrap\">\n                    <a react-data=\"be-react-3\" post-id=\"6461\" class=\"be-face-icons un-reacted\" href=\"javascript:void(0)\">\n                        <img decoding=\"async\" src=\"https:\/\/radionorteatacama.cl\/wp-content\/plugins\/booster-extension\/\/assets\/icon\/excited.svg\" alt=\"Excited\">\n                    <\/a>\n                    <div class=\"twp-reaction-title\">\n                        Excited                    <\/div>\n                    <div class=\"twp-count-percent\">\n                                                    <span style=\"display: none;\" class=\"twp-react-count\">0<\/span>\n                                                                        <span class=\"twp-react-percent\"><span>0<\/span> %<\/span>\n                                            <\/div>\n                <\/div>\n\n                <div class=\"twp-reacts-wrap\">\n                    <a react-data=\"be-react-6\" post-id=\"6461\" class=\"be-face-icons un-reacted\" href=\"javascript:void(0)\">\n                        <img decoding=\"async\" src=\"https:\/\/radionorteatacama.cl\/wp-content\/plugins\/booster-extension\/\/assets\/icon\/sleepy.svg\" alt=\"Sleepy\">\n                    <\/a>\n                    <div class=\"twp-reaction-title\">\n                        Sleepy                    <\/div>\n                    <div class=\"twp-count-percent\">\n                                                    <span style=\"display: none;\" class=\"twp-react-count\">0<\/span>\n                        \n                                                <span class=\"twp-react-percent\"><span>0<\/span> %<\/span>\n                                            <\/div>\n                <\/div>\n\n                <div class=\"twp-reacts-wrap\">\n                    <a react-data=\"be-react-4\" post-id=\"6461\" class=\"be-face-icons un-reacted\" href=\"javascript:void(0)\">\n                        <img decoding=\"async\" src=\"https:\/\/radionorteatacama.cl\/wp-content\/plugins\/booster-extension\/\/assets\/icon\/angry.svg\" alt=\"Angry\">\n                    <\/a>\n                    <div class=\"twp-reaction-title\">Angry<\/div>\n                    <div class=\"twp-count-percent\">\n                                                    <span style=\"display: none;\" class=\"twp-react-count\">0<\/span>\n                                                                        <span class=\"twp-react-percent\"><span>0<\/span> %<\/span>\n                        \n                    <\/div>\n                <\/div>\n\n                <div class=\"twp-reacts-wrap\">\n                    <a react-data=\"be-react-5\" post-id=\"6461\" class=\"be-face-icons un-reacted\" href=\"javascript:void(0)\">\n                        <img decoding=\"async\" src=\"https:\/\/radionorteatacama.cl\/wp-content\/plugins\/booster-extension\/\/assets\/icon\/surprise.svg\" alt=\"Surprise\">\n                    <\/a>\n                    <div class=\"twp-reaction-title\">Surprise<\/div>\n                    <div class=\"twp-count-percent\">\n                                                    <span style=\"display: none;\" class=\"twp-react-count\">0<\/span>\n                                                                        <span class=\"twp-react-percent\"><span>0<\/span> %<\/span>\n                                            <\/div>\n                <\/div>\n\n            <\/div>\n        <\/div>\n\n    ","protected":false},"excerpt":{"rendered":"<p>El Programa Vacaciones en Mi Jard\u00edn de Fundaci\u00f3n Integra, que funciona en el jard\u00edn infantil Corona del Inca de Copiap\u00f3, ha realizado m\u00faltiples actividades para ofrecer a los ni\u00f1os y ni\u00f1as que asisten durante la \u00e9poca estival. Entre las principales actividades, se encuentra Musidanza, la cual est\u00e1 a cargo de la tallerista Cristina del Sol, [&hellip;]<\/p>\n","protected":false},"author":1,"featured_media":0,"comment_status":"open","ping_status":"open","sticky":false,"template":"","format":"standard","meta":{"_joinchat":[],"footnotes":""},"categories":[1],"tags":[],"class_list":["post-6461","post","type-post","status-publish","format-standard","hentry","category-uncategorized"],"jetpack_featured_media_url":"","blog_post_layout_featured_media_urls":{"thumbnail":"","full":""},"categories_names":{"1":{"name":"Uncategorized","link":"https:\/\/radionorteatacama.cl\/index.php\/category\/uncategorized\/"}},"tags_names":[],"comments_number":"0","_links":{"self":[{"href":"https:\/\/radionorteatacama.cl\/index.php\/wp-json\/wp\/v2\/posts\/6461","targetHints":{"allow":["GET"]}}],"collection":[{"href":"https:\/\/radionorteatacama.cl\/index.php\/wp-json\/wp\/v2\/posts"}],"about":[{"href":"https:\/\/radionorteatacama.cl\/index.php\/wp-json\/wp\/v2\/types\/post"}],"author":[{"embeddable":true,"href":"https:\/\/radionorteatacama.cl\/index.php\/wp-json\/wp\/v2\/users\/1"}],"replies":[{"embeddable":true,"href":"https:\/\/radionorteatacama.cl\/index.php\/wp-json\/wp\/v2\/comments?post=6461"}],"version-history":[{"count":1,"href":"https:\/\/radionorteatacama.cl\/index.php\/wp-json\/wp\/v2\/posts\/6461\/revisions"}],"predecessor-version":[{"id":6462,"href":"https:\/\/radionorteatacama.cl\/index.php\/wp-json\/wp\/v2\/posts\/6461\/revisions\/6462"}],"wp:attachment":[{"href":"https:\/\/radionorteatacama.cl\/index.php\/wp-json\/wp\/v2\/media?parent=6461"}],"wp:term":[{"taxonomy":"category","embeddable":true,"href":"https:\/\/radionorteatacama.cl\/index.php\/wp-json\/wp\/v2\/categories?post=6461"},{"taxonomy":"post_tag","embeddable":true,"href":"https:\/\/radionorteatacama.cl\/index.php\/wp-json\/wp\/v2\/tags?post=6461"}],"curies":[{"name":"wp","href":"https:\/\/api.w.org\/{rel}","templated":true}]}}