{"id":6446,"date":"2025-01-15T02:05:43","date_gmt":"2025-01-15T02:05:43","guid":{"rendered":"https:\/\/radionorteatacama.cl\/?p=6446"},"modified":"2025-01-15T02:05:43","modified_gmt":"2025-01-15T02:05:43","slug":"del-30-de-enero-al-3-de-febrero-inicia-la-coordinacion-para-fortalecer-la-seguridad-durante-la-feria-de-la-candelaria","status":"publish","type":"post","link":"https:\/\/radionorteatacama.cl\/index.php\/2025\/01\/15\/del-30-de-enero-al-3-de-febrero-inicia-la-coordinacion-para-fortalecer-la-seguridad-durante-la-feria-de-la-candelaria\/","title":{"rendered":"Del 30 de enero al 3 de febrero: inicia la coordinaci\u00f3n para fortalecer la seguridad durante la Feria de la Candelaria"},"content":{"rendered":"<div class='booster-block booster-read-block'>\n                <div class=\"twp-read-time\">\n                \t<i class=\"booster-icon twp-clock\"><\/i> <span>Read Time:<\/span>1 Minute, 24 Second                <\/div>\n\n            <\/div><p>El pr\u00f3ximo 30 de enero inicia la Feria de la Candelaria 2025, puestos comerciales que suelen acompa\u00f1ar la realizaci\u00f3n de la fiesta religiosa en honor a la Virgen de la Candelaria.<\/p>\n<p>Para este a\u00f1o, una de las grandes novedades es el regreso de los comerciantes al sector de circunvalaci\u00f3n, tal como ocurr\u00eda durante a\u00f1os anteriores.<\/p>\n<p>Decisi\u00f3n que ha generado una gran cantidad de comentarios, a favor y en contra, debido a las experiencias vividas en el pasado y los intentos de retirar la feria de este lugar, principalmente por las problem\u00e1ticas que deb\u00edan enfrentar vecinos del lugar.<\/p>\n<p>Por lo mismo, diversas autoridades comunales y regionales han iniciado los trabajos de coordinaci\u00f3n para fortalecer la seguridad en el sector, esto con el objetivo de que los asistentes puedan disfrutar en tranquilidad de esta feria.<\/p>\n<p>Ante esta situaci\u00f3n, se espera una presencia constante del personal policial, junto con integrantes de la seguridad municipal.<\/p>\n<p>Cuando se dio a conocer esta informaci\u00f3n, el Concejal Kensell Rojas destac\u00f3 la importancia de tomar en cuenta la opini\u00f3n de los vecinos del lugar y tomar las medidas necesarias para mitigar el impacto que tendr\u00e1 la instalaci\u00f3n de estos puestos comerciales.<\/p>\n<p>En aquella ocasi\u00f3n, la Concejala Carolina de la Carrera expres\u00f3 su negativa a la instalaci\u00f3n de la Feria de la Candelaria en ese sector, esto debido a las problem\u00e1ticas que se vivieron en el pasado.<\/p>\n<p>La Feria de Candelaria ser\u00e1 llevada a cabo desde este jueves 30 de enero hasta el lunes 3 de febrero, instal\u00e1ndose en la Avenida Circunvalaci\u00f3n, entre Luis Flores y Diego de Almagro.<\/p>\n<p>A ra\u00edz de esta situaci\u00f3n se mantendr\u00e1 cerrada la Calle Van Buren y se dispondr\u00e1 de dos puntos de servicios higi\u00e9nicos.  <\/p>\n        <div class=\"booster-block booster-reactions-block\">\n            <div class=\"twp-reactions-icons\">\n                \n                <div class=\"twp-reacts-wrap\">\n                    <a react-data=\"be-react-1\" post-id=\"6446\" class=\"be-face-icons un-reacted\" href=\"javascript:void(0)\">\n                        <img decoding=\"async\" src=\"https:\/\/radionorteatacama.cl\/wp-content\/plugins\/booster-extension\/\/assets\/icon\/happy.svg\" alt=\"Happy\">\n                    <\/a>\n                    <div class=\"twp-reaction-title\">\n                        Happy                    <\/div>\n                    <div class=\"twp-count-percent\">\n                                                    <span style=\"display: none;\" class=\"twp-react-count\">0<\/span>\n                        \n                                                <span class=\"twp-react-percent\"><span>0<\/span> %<\/span>\n                                            <\/div>\n                <\/div>\n\n                <div class=\"twp-reacts-wrap\">\n                    <a react-data=\"be-react-2\" post-id=\"6446\" class=\"be-face-icons un-reacted\" href=\"javascript:void(0)\">\n                        <img decoding=\"async\" src=\"https:\/\/radionorteatacama.cl\/wp-content\/plugins\/booster-extension\/\/assets\/icon\/sad.svg\" alt=\"Sad\">\n                    <\/a>\n                    <div class=\"twp-reaction-title\">\n                        Sad                    <\/div>\n                    <div class=\"twp-count-percent\">\n                                                    <span style=\"display: none;\" class=\"twp-react-count\">0<\/span>\n                                                                        <span class=\"twp-react-percent\"><span>0<\/span> %<\/span>\n                                            <\/div>\n                <\/div>\n\n                <div class=\"twp-reacts-wrap\">\n                    <a react-data=\"be-react-3\" post-id=\"6446\" class=\"be-face-icons un-reacted\" href=\"javascript:void(0)\">\n                        <img decoding=\"async\" src=\"https:\/\/radionorteatacama.cl\/wp-content\/plugins\/booster-extension\/\/assets\/icon\/excited.svg\" alt=\"Excited\">\n                    <\/a>\n                    <div class=\"twp-reaction-title\">\n                        Excited                    <\/div>\n                    <div class=\"twp-count-percent\">\n                                                    <span style=\"display: none;\" class=\"twp-react-count\">0<\/span>\n                                                                        <span class=\"twp-react-percent\"><span>0<\/span> %<\/span>\n                                            <\/div>\n                <\/div>\n\n                <div class=\"twp-reacts-wrap\">\n                    <a react-data=\"be-react-6\" post-id=\"6446\" class=\"be-face-icons un-reacted\" href=\"javascript:void(0)\">\n                        <img decoding=\"async\" src=\"https:\/\/radionorteatacama.cl\/wp-content\/plugins\/booster-extension\/\/assets\/icon\/sleepy.svg\" alt=\"Sleepy\">\n                    <\/a>\n                    <div class=\"twp-reaction-title\">\n                        Sleepy                    <\/div>\n                    <div class=\"twp-count-percent\">\n                                                    <span style=\"display: none;\" class=\"twp-react-count\">0<\/span>\n                        \n                                                <span class=\"twp-react-percent\"><span>0<\/span> %<\/span>\n                                            <\/div>\n                <\/div>\n\n                <div class=\"twp-reacts-wrap\">\n                    <a react-data=\"be-react-4\" post-id=\"6446\" class=\"be-face-icons un-reacted\" href=\"javascript:void(0)\">\n                        <img decoding=\"async\" src=\"https:\/\/radionorteatacama.cl\/wp-content\/plugins\/booster-extension\/\/assets\/icon\/angry.svg\" alt=\"Angry\">\n                    <\/a>\n                    <div class=\"twp-reaction-title\">Angry<\/div>\n                    <div class=\"twp-count-percent\">\n                                                    <span style=\"display: none;\" class=\"twp-react-count\">0<\/span>\n                                                                        <span class=\"twp-react-percent\"><span>0<\/span> %<\/span>\n                        \n                    <\/div>\n                <\/div>\n\n                <div class=\"twp-reacts-wrap\">\n                    <a react-data=\"be-react-5\" post-id=\"6446\" class=\"be-face-icons un-reacted\" href=\"javascript:void(0)\">\n                        <img decoding=\"async\" src=\"https:\/\/radionorteatacama.cl\/wp-content\/plugins\/booster-extension\/\/assets\/icon\/surprise.svg\" alt=\"Surprise\">\n                    <\/a>\n                    <div class=\"twp-reaction-title\">Surprise<\/div>\n                    <div class=\"twp-count-percent\">\n                                                    <span style=\"display: none;\" class=\"twp-react-count\">0<\/span>\n                                                                        <span class=\"twp-react-percent\"><span>0<\/span> %<\/span>\n                                            <\/div>\n                <\/div>\n\n            <\/div>\n        <\/div>\n\n    ","protected":false},"excerpt":{"rendered":"<p>El pr\u00f3ximo 30 de enero inicia la Feria de la Candelaria 2025, puestos comerciales que suelen acompa\u00f1ar la realizaci\u00f3n de la fiesta religiosa en honor a la Virgen de la Candelaria. Para este a\u00f1o, una de las grandes novedades es el regreso de los comerciantes al sector de circunvalaci\u00f3n, tal como ocurr\u00eda durante a\u00f1os anteriores. [&hellip;]<\/p>\n","protected":false},"author":1,"featured_media":0,"comment_status":"open","ping_status":"open","sticky":false,"template":"","format":"standard","meta":{"_joinchat":[],"footnotes":""},"categories":[1],"tags":[],"class_list":["post-6446","post","type-post","status-publish","format-standard","hentry","category-uncategorized"],"jetpack_featured_media_url":"","blog_post_layout_featured_media_urls":{"thumbnail":"","full":""},"categories_names":{"1":{"name":"Uncategorized","link":"https:\/\/radionorteatacama.cl\/index.php\/category\/uncategorized\/"}},"tags_names":[],"comments_number":"0","_links":{"self":[{"href":"https:\/\/radionorteatacama.cl\/index.php\/wp-json\/wp\/v2\/posts\/6446","targetHints":{"allow":["GET"]}}],"collection":[{"href":"https:\/\/radionorteatacama.cl\/index.php\/wp-json\/wp\/v2\/posts"}],"about":[{"href":"https:\/\/radionorteatacama.cl\/index.php\/wp-json\/wp\/v2\/types\/post"}],"author":[{"embeddable":true,"href":"https:\/\/radionorteatacama.cl\/index.php\/wp-json\/wp\/v2\/users\/1"}],"replies":[{"embeddable":true,"href":"https:\/\/radionorteatacama.cl\/index.php\/wp-json\/wp\/v2\/comments?post=6446"}],"version-history":[{"count":1,"href":"https:\/\/radionorteatacama.cl\/index.php\/wp-json\/wp\/v2\/posts\/6446\/revisions"}],"predecessor-version":[{"id":6447,"href":"https:\/\/radionorteatacama.cl\/index.php\/wp-json\/wp\/v2\/posts\/6446\/revisions\/6447"}],"wp:attachment":[{"href":"https:\/\/radionorteatacama.cl\/index.php\/wp-json\/wp\/v2\/media?parent=6446"}],"wp:term":[{"taxonomy":"category","embeddable":true,"href":"https:\/\/radionorteatacama.cl\/index.php\/wp-json\/wp\/v2\/categories?post=6446"},{"taxonomy":"post_tag","embeddable":true,"href":"https:\/\/radionorteatacama.cl\/index.php\/wp-json\/wp\/v2\/tags?post=6446"}],"curies":[{"name":"wp","href":"https:\/\/api.w.org\/{rel}","templated":true}]}}