{"id":6417,"date":"2025-01-07T00:52:08","date_gmt":"2025-01-07T00:52:08","guid":{"rendered":"https:\/\/radionorteatacama.cl\/?p=6417"},"modified":"2025-01-07T00:52:08","modified_gmt":"2025-01-07T00:52:08","slug":"llamado-a-la-unidad-y-a-retomar-la-lucha-de-la-descentralizacion-marco-ceremonia-de-asuncion-del-gobierno-regional-de-atacama","status":"publish","type":"post","link":"https:\/\/radionorteatacama.cl\/index.php\/2025\/01\/07\/llamado-a-la-unidad-y-a-retomar-la-lucha-de-la-descentralizacion-marco-ceremonia-de-asuncion-del-gobierno-regional-de-atacama\/","title":{"rendered":"Llamado a la unidad y a retomar la lucha de la descentralizaci\u00f3n, marc\u00f3 ceremonia de asunci\u00f3n del Gobierno Regional de Atacama"},"content":{"rendered":"<div class='booster-block booster-read-block'>\n                <div class=\"twp-read-time\">\n                \t<i class=\"booster-icon twp-clock\"><\/i> <span>Read Time:<\/span>5 Minute, 0 Second                <\/div>\n\n            <\/div><p>En una ceremonia solemne de gran convocatoria, las quince autoridades realizaron su<br \/>\njuramento y manifestaron su compromiso con cada una de las provincias de Atacama.<br \/>\nCon la presencia de autoridades, dirigentes sociales, representantes de gremios y la comunidad, se<br \/>\nrealiz\u00f3 la ceremonia de asunci\u00f3n del Gobernador Regional de Atacama, Miguel Vargas Correa, y<br \/>\nlos catorce consejeros regionales que se mantendr\u00e1n en sus cargos hasta el a\u00f1o 2029. La actividad<br \/>\nse realiz\u00f3 en la Sala de C\u00e1mara de Copiap\u00f3, donde la autoridad regional asumi\u00f3 tambi\u00e9n, su rol<br \/>\ncomo presidente del Consejo Regional de Atacama.<br \/>\nEn la instancia, las autoridades manifestaron su juramento y compromiso, hito que oficializa las<br \/>\nfunciones de su cargo, quien por ley tendr\u00e1 facultades administrativas, normativas, de<br \/>\nplanificaci\u00f3n, presupuesto y coordinaci\u00f3n. Adem\u00e1s, el Gobernador Regional, podr\u00e1 formular<br \/>\npol\u00edticas de desarrollo, estrategias y proyectos para el territorio las que ser\u00e1n sometidas al CORE,<br \/>\nal igual que el presupuesto regional. Adem\u00e1s, estar\u00e1 a cargo de coordinar, supervisar o fiscalizar a<br \/>\nlos servicios p\u00fablicos que dependan o se relacionen con el Gobierno Regional.<br \/>\nDurante la ceremonia, la autoridad regional, entreg\u00f3 sus palabras al p\u00fablico asistente donde<br \/>\ndestac\u00f3 la figura descentralizadora del caudillo Pedro Le\u00f3n Gallo, un claro llamado a la unidad,<br \/>\nadem\u00e1s del trabajo en terreno y participativo que ha realizado el Gobierno Regional con las<br \/>\ncomunidades, como tambi\u00e9n del trabajo en conjunto con diferentes instituciones, con el objetivo<br \/>\nde crear proyectos que beneficien a la comunidad.<br \/>\nTras asumir de forma oficial el cargo, Miguel Vargas, se\u00f1al\u00f3 que \u201cestamos iniciando por mandato<br \/>\nde la comunidad un nuevo periodo en el ejercicio del Gobierno Regional de Atacama. Felicitar a los<br \/>\nconsejeros regionales y consejera regional, Fabiola P\u00e9rez, porque es la \u00fanica mujer, porque<br \/>\nasumen a partir de hoy esta importante tarea para sacar adelante los proyectos y programas que<br \/>\nnecesita Atacama. Pero queremos tambi\u00e9n, en el marco de esta ceremonia democr\u00e1tica tan<br \/>\nimportante, valorar lo importante que es poner por delante los intereses de todos y todas el bien<br \/>\ncom\u00fan, el trabajar con unidad. De esa manera vamos a hacer posible seguir avanzando en la tarea<br \/>\nde la descentralizaci\u00f3n, que es tan importante para que territorios como Atacama puedan crecer y<br \/>\ndesarrollarse\u201d.<br \/>\nRespecto a los desaf\u00edos para este nuevo periodo el Gobernador Regional, indic\u00f3 \u201chay mucho por<br \/>\nhacer, ojal\u00e1 en el Parlamento se apruebe la Ley de Rentas Regionales. Ojal\u00e1 se nos permita a los<br \/>\ngobiernos regionales tener m\u00e1s facultades en \u00e1mbitos tan importantes como el de la seguridad<br \/>\nciudadana, tener incidencia en temas de emergencias, porque los gobiernos locales y los<br \/>\ngobiernos regionales son los que al estar en contacto con la gente, tienen m\u00e1s herramientas para<br \/>\nresponder con mayor velocidad y eficiencia en la atenci\u00f3n de las demandas de las personas.<br \/>\nCuando se avanza en descentralizaci\u00f3n, el Estado de Chile gana en eficiencia y ese objetivo no lo<br \/>\npodemos perder de vista. Se nos vienen grandes desaf\u00edos por delante. Unidad Ante todo, poner los<br \/>\nintereses de la regi\u00f3n siempre por delante, trabajando en conjunto\u201d. Argument\u00f3 la autoridad.<br \/>\nConsejo Regional de Atacama<\/p>\n<p>Antes de dar comienzo a la ceremonia de asunci\u00f3n de los consejeros regionales electos, se les<br \/>\notorg\u00f3 un reconocimiento a aquellas y aquellos consejeros salientes; Gabriel Manquez Vicencio,<br \/>\nClaudia L\u00f3pez Galleguillos, Javier Castillo Julio, Fabiola Colman Brizuela, Georgette Godoy Aracena,<br \/>\nOmar Luz Hidalgo, Daniela Quevedo Castillo y Roberto Alegr\u00eda Olivares, quienes le desearon todo<br \/>\nel \u00e9xito a los nuevos consejeros electos.<br \/>\nDesde el punto de vista del Consejo Regional, la consejera electa Fabiola P\u00e9rez, manifest\u00f3 \u201cha sido<br \/>\nuna ceremonia solemne en la cual se ha instalado, obviamente en este nuevo periodo el<br \/>\nGobernador Regional de Atacama y el Consejo Regional de Atacama, del cual formo parte, siendo<br \/>\nla \u00fanica mujer que integra este espacio pol\u00edtico. Un espacio importante en el cual se toman<br \/>\ngrandes decisiones en materia de inversi\u00f3n p\u00fablica para cada uno de los territorios. Me siento<br \/>\norgullosa, contenta y obviamente mi compromiso se mantiene muy fuerte con cada territorio que<br \/>\nconforma esta regi\u00f3n. Y para m\u00ed, provincia del Huasco tambi\u00e9n, que ha confiado y me ha dado la<br \/>\noportunidad de representarlos\u201d.<br \/>\nEntre las ocho autoridades que representar\u00e1n a la provincia de Copiap\u00f3 en el CORE est\u00e1n; Felipe<br \/>\nAlberto Fuentes Zumar\u00e1n (Ind), Fernando Ghiglino Pizarro (RN), Emilio Cristian Bianchi Ca\u00f1as (RN),<br \/>\nPatricio Sergio Alfaro Morales (FREVS), Francisco Cortez Pallauta (FREVS), Hugo Alejandro Bugue\u00f1o<br \/>\nRojas (PPD), Yerko Najib Ravlic Elal (FA) y Miguel Angel San Mart\u00edn Salgado (P. Republicano).<br \/>\nEn tanto en la provincia de Cha\u00f1aral, los dos cupos para el Consejo Regional fueron el integrante<br \/>\ndel Partido Comunista Manuel Hugo Reyes Cuello (PC) y Freddy Rubina Aracena (Ind). Mientras<br \/>\nque en la provincia del Huasco, los cuatro cupos fueron para Jorge Nelson Torres (IND), Fabiola<br \/>\nP\u00e9rez Tapia (FREVS) y Juan Horacio Santana \u00c1lvarez e Igor Verdugo Herrera, ambos integrantes del<br \/>\nPartido Socialista.<br \/>\nPor su parte, Manuel Reyes Cuello, Consejero Regional por Cha\u00f1aral, manifest\u00f3 que \u201cLa verdad<br \/>\nque muy contento. Adem\u00e1s, el gobernador ha dado un discurso contundente, lo que nosotros<br \/>\nqueremos, cierto, habla de la descentralizaci\u00f3n, que es lo que apuntamos todos, de que la justicia,<br \/>\nla igualdad, que ella llegue a cada rinc\u00f3n de la regi\u00f3n y para eso estamos ac\u00e1, cierto, para levantar<br \/>\nla mano y para mejorar la calidad de vida de nuestros habitantes de la regi\u00f3n de las nueve<br \/>\ncomunas\u201d.<br \/>\nFinalmente, el Consejero Regional por Copiap\u00f3; Emilio Bianchi Ca\u00f1as, dijo \u201cya estamos disponibles<br \/>\ny dispuestos a realizar las labores que corresponde seg\u00fan el mandato de las personas y la ley. As\u00ed<br \/>\nque ya desde ma\u00f1ana tenemos los plenarios y las reuniones para trabajar por Atacama y la gente.<br \/>\nYo creo que ac\u00e1 hay que darle fuerte a la inversi\u00f3n regional, a la descentralizaci\u00f3n, al desarrollo<br \/>\ndel borde costero y para las matrices productivas que tenemos, como la miner\u00eda, la pesca, la<br \/>\nequidad portuaria. Yo creo que en eso no nos vamos a perder, siempre invirtiendo de forma<br \/>\nhonesta y transparente cada recurso que usemos del Core. Las personas tienen que saber d\u00f3nde<br \/>\nvan a ir y en qu\u00e9 forma se van a usar\u201d.<\/p>\n        <div class=\"booster-block booster-reactions-block\">\n            <div class=\"twp-reactions-icons\">\n                \n                <div class=\"twp-reacts-wrap\">\n                    <a react-data=\"be-react-1\" post-id=\"6417\" class=\"be-face-icons un-reacted\" href=\"javascript:void(0)\">\n                        <img decoding=\"async\" src=\"https:\/\/radionorteatacama.cl\/wp-content\/plugins\/booster-extension\/\/assets\/icon\/happy.svg\" alt=\"Happy\">\n                    <\/a>\n                    <div class=\"twp-reaction-title\">\n                        Happy                    <\/div>\n                    <div class=\"twp-count-percent\">\n                                                    <span style=\"display: none;\" class=\"twp-react-count\">0<\/span>\n                        \n                                                <span class=\"twp-react-percent\"><span>0<\/span> %<\/span>\n                                            <\/div>\n                <\/div>\n\n                <div class=\"twp-reacts-wrap\">\n                    <a react-data=\"be-react-2\" post-id=\"6417\" class=\"be-face-icons un-reacted\" href=\"javascript:void(0)\">\n                        <img decoding=\"async\" src=\"https:\/\/radionorteatacama.cl\/wp-content\/plugins\/booster-extension\/\/assets\/icon\/sad.svg\" alt=\"Sad\">\n                    <\/a>\n                    <div class=\"twp-reaction-title\">\n                        Sad                    <\/div>\n                    <div class=\"twp-count-percent\">\n                                                    <span style=\"display: none;\" class=\"twp-react-count\">0<\/span>\n                                                                        <span class=\"twp-react-percent\"><span>0<\/span> %<\/span>\n                                            <\/div>\n                <\/div>\n\n                <div class=\"twp-reacts-wrap\">\n                    <a react-data=\"be-react-3\" post-id=\"6417\" class=\"be-face-icons un-reacted\" href=\"javascript:void(0)\">\n                        <img decoding=\"async\" src=\"https:\/\/radionorteatacama.cl\/wp-content\/plugins\/booster-extension\/\/assets\/icon\/excited.svg\" alt=\"Excited\">\n                    <\/a>\n                    <div class=\"twp-reaction-title\">\n                        Excited                    <\/div>\n                    <div class=\"twp-count-percent\">\n                                                    <span style=\"display: none;\" class=\"twp-react-count\">0<\/span>\n                                                                        <span class=\"twp-react-percent\"><span>0<\/span> %<\/span>\n                                            <\/div>\n                <\/div>\n\n                <div class=\"twp-reacts-wrap\">\n                    <a react-data=\"be-react-6\" post-id=\"6417\" class=\"be-face-icons un-reacted\" href=\"javascript:void(0)\">\n                        <img decoding=\"async\" src=\"https:\/\/radionorteatacama.cl\/wp-content\/plugins\/booster-extension\/\/assets\/icon\/sleepy.svg\" alt=\"Sleepy\">\n                    <\/a>\n                    <div class=\"twp-reaction-title\">\n                        Sleepy                    <\/div>\n                    <div class=\"twp-count-percent\">\n                                                    <span style=\"display: none;\" class=\"twp-react-count\">0<\/span>\n                        \n                                                <span class=\"twp-react-percent\"><span>0<\/span> %<\/span>\n                                            <\/div>\n                <\/div>\n\n                <div class=\"twp-reacts-wrap\">\n                    <a react-data=\"be-react-4\" post-id=\"6417\" class=\"be-face-icons un-reacted\" href=\"javascript:void(0)\">\n                        <img decoding=\"async\" src=\"https:\/\/radionorteatacama.cl\/wp-content\/plugins\/booster-extension\/\/assets\/icon\/angry.svg\" alt=\"Angry\">\n                    <\/a>\n                    <div class=\"twp-reaction-title\">Angry<\/div>\n                    <div class=\"twp-count-percent\">\n                                                    <span style=\"display: none;\" class=\"twp-react-count\">0<\/span>\n                                                                        <span class=\"twp-react-percent\"><span>0<\/span> %<\/span>\n                        \n                    <\/div>\n                <\/div>\n\n                <div class=\"twp-reacts-wrap\">\n                    <a react-data=\"be-react-5\" post-id=\"6417\" class=\"be-face-icons un-reacted\" href=\"javascript:void(0)\">\n                        <img decoding=\"async\" src=\"https:\/\/radionorteatacama.cl\/wp-content\/plugins\/booster-extension\/\/assets\/icon\/surprise.svg\" alt=\"Surprise\">\n                    <\/a>\n                    <div class=\"twp-reaction-title\">Surprise<\/div>\n                    <div class=\"twp-count-percent\">\n                                                    <span style=\"display: none;\" class=\"twp-react-count\">0<\/span>\n                                                                        <span class=\"twp-react-percent\"><span>0<\/span> %<\/span>\n                                            <\/div>\n                <\/div>\n\n            <\/div>\n        <\/div>\n\n    ","protected":false},"excerpt":{"rendered":"<p>En una ceremonia solemne de gran convocatoria, las quince autoridades realizaron su juramento y manifestaron su compromiso con cada una de las provincias de Atacama. Con la presencia de autoridades, dirigentes sociales, representantes de gremios y la comunidad, se realiz\u00f3 la ceremonia de asunci\u00f3n del Gobernador Regional de Atacama, Miguel Vargas Correa, y los catorce [&hellip;]<\/p>\n","protected":false},"author":1,"featured_media":0,"comment_status":"open","ping_status":"open","sticky":false,"template":"","format":"standard","meta":{"_joinchat":[],"footnotes":""},"categories":[1],"tags":[],"class_list":["post-6417","post","type-post","status-publish","format-standard","hentry","category-uncategorized"],"jetpack_featured_media_url":"","blog_post_layout_featured_media_urls":{"thumbnail":"","full":""},"categories_names":{"1":{"name":"Uncategorized","link":"https:\/\/radionorteatacama.cl\/index.php\/category\/uncategorized\/"}},"tags_names":[],"comments_number":"0","_links":{"self":[{"href":"https:\/\/radionorteatacama.cl\/index.php\/wp-json\/wp\/v2\/posts\/6417","targetHints":{"allow":["GET"]}}],"collection":[{"href":"https:\/\/radionorteatacama.cl\/index.php\/wp-json\/wp\/v2\/posts"}],"about":[{"href":"https:\/\/radionorteatacama.cl\/index.php\/wp-json\/wp\/v2\/types\/post"}],"author":[{"embeddable":true,"href":"https:\/\/radionorteatacama.cl\/index.php\/wp-json\/wp\/v2\/users\/1"}],"replies":[{"embeddable":true,"href":"https:\/\/radionorteatacama.cl\/index.php\/wp-json\/wp\/v2\/comments?post=6417"}],"version-history":[{"count":1,"href":"https:\/\/radionorteatacama.cl\/index.php\/wp-json\/wp\/v2\/posts\/6417\/revisions"}],"predecessor-version":[{"id":6418,"href":"https:\/\/radionorteatacama.cl\/index.php\/wp-json\/wp\/v2\/posts\/6417\/revisions\/6418"}],"wp:attachment":[{"href":"https:\/\/radionorteatacama.cl\/index.php\/wp-json\/wp\/v2\/media?parent=6417"}],"wp:term":[{"taxonomy":"category","embeddable":true,"href":"https:\/\/radionorteatacama.cl\/index.php\/wp-json\/wp\/v2\/categories?post=6417"},{"taxonomy":"post_tag","embeddable":true,"href":"https:\/\/radionorteatacama.cl\/index.php\/wp-json\/wp\/v2\/tags?post=6417"}],"curies":[{"name":"wp","href":"https:\/\/api.w.org\/{rel}","templated":true}]}}