{"id":6408,"date":"2024-12-10T20:29:30","date_gmt":"2024-12-10T20:29:30","guid":{"rendered":"https:\/\/radionorteatacama.cl\/?p=6408"},"modified":"2024-12-10T20:29:30","modified_gmt":"2024-12-10T20:29:30","slug":"seremi-minvu-atacama-se-reune-con-nuevo-alcalde-electo-de-vallenar-para-coordinar-trabajo-conjunto","status":"publish","type":"post","link":"https:\/\/radionorteatacama.cl\/index.php\/2024\/12\/10\/seremi-minvu-atacama-se-reune-con-nuevo-alcalde-electo-de-vallenar-para-coordinar-trabajo-conjunto\/","title":{"rendered":"Seremi MINVU Atacama se re\u00fane con nuevo alcalde electo de Vallenar para coordinar trabajo conjunto"},"content":{"rendered":"<div class='booster-block booster-read-block'>\n                <div class=\"twp-read-time\">\n                \t<i class=\"booster-icon twp-clock\"><\/i> <span>Read Time:<\/span>1 Minute, 52 Second                <\/div>\n\n            <\/div><p>Autoridad regional de vivienda y urbanismo, Roc\u00edo D\u00edaz, sostuvo reuni\u00f3n protocolar y de trabajo con el nuevo edil, Victor Isla Lutz.<\/p>\n<p>Informar y actualizar la agenda de trabajo que mantiene la Secretar\u00eda Regional Ministerial de Vivienda y Urbanismo en la comuna de Vallenar, fue una de las principales razones por las que la Seremi Minvu Atacama, Roc\u00edo D\u00edaz G\u00f3mez, se reuni\u00f3 con el nuevo alcalde, Victor Isla Lutz, aprovechando la instancia para felicitarle, desearle \u00e9xito en su gesti\u00f3n y conocer parte del equipo de directivos que trabajar\u00e1n estrechamente con la nueva autoridad comunal.<\/p>\n<p>En la ocasi\u00f3n, ambas autoridades revisaron los principales proyectos habitacionales actualmente en ejecuci\u00f3n en la capital provincial, y que son \u201cDiaguitas del Futuro\u201d, \u201cAlto Los Canales\u201d, \u201cHumedales\u201d y \u201cChacra Martinez III\u201d, todos ellos con distintos porcentajes de avance y que en su conjunto suman 487 unidades de viviendas que beneficiar\u00e1n directamente a igual n\u00famero de familias vallenarinas.<\/p>\n<p>Sobre esta importante cifra, la titular del Minvu destac\u00f3 que \u201cEl Plan de Emergencia Habitacional es una tarea que nos convoca a todos y todas, debiendo aunar esfuerzos y trabajo para sacar adelante sus metas; metas que nos permiten cumplir con las familias de Atacama con carencia habitacional y donde Vallenar no es la excepci\u00f3n. A la fecha ya hemos inaugurado proyectos tan relevantes como Villa Los Artesanos, Quinta Costanera I y II, el emblem\u00e1tico proyecto La Turbina, entre otros\u201d, agregando que \u201choy tenemos en ejecuci\u00f3n otros cuatro proyectos habitacionales, que esperamos entregar prontamente a las familias, contando desde ya con el apoyo del municipio local\u201d.<\/p>\n<p>Igualmente, la Seremi Minvu explic\u00f3 al alcalde Isla Lutz, el progreso y dificultades en la ejecuci\u00f3n de programas social-urbanos del Ministerio de Vivienda y Urbanismo en la comuna, como por ejemplo la intervenci\u00f3n del Programa \u201cPeque\u00f1as Localidades\u201d en los sectores de Domeyko y Cachiyuyo y la ejecuci\u00f3n del Programa \u201cQuiero mi Barrio\u201d en las poblaciones Juan L\u00f3pez y Villa Ed\u00e9n, espec\u00edficamente en el pol\u00edgono denominado \u201cUmbral Norte\u201d, donde el componente principal en ambos casos, es la alta participaci\u00f3n de la comunidad en la toma de decisiones respecto de las obras m\u00e1s necesarias y requeridas por vecinos y vecinas de los sectores mencionados; comprometi\u00e9ndose ambas autoridades a realizar un seguimiento a los compromisos para avanzar en estas materias.<\/p>\n        <div class=\"booster-block booster-reactions-block\">\n            <div class=\"twp-reactions-icons\">\n                \n                <div class=\"twp-reacts-wrap\">\n                    <a react-data=\"be-react-1\" post-id=\"6408\" class=\"be-face-icons un-reacted\" href=\"javascript:void(0)\">\n                        <img decoding=\"async\" src=\"https:\/\/radionorteatacama.cl\/wp-content\/plugins\/booster-extension\/\/assets\/icon\/happy.svg\" alt=\"Happy\">\n                    <\/a>\n                    <div class=\"twp-reaction-title\">\n                        Happy                    <\/div>\n                    <div class=\"twp-count-percent\">\n                                                    <span style=\"display: none;\" class=\"twp-react-count\">0<\/span>\n                        \n                                                <span class=\"twp-react-percent\"><span>0<\/span> %<\/span>\n                                            <\/div>\n                <\/div>\n\n                <div class=\"twp-reacts-wrap\">\n                    <a react-data=\"be-react-2\" post-id=\"6408\" class=\"be-face-icons un-reacted\" href=\"javascript:void(0)\">\n                        <img decoding=\"async\" src=\"https:\/\/radionorteatacama.cl\/wp-content\/plugins\/booster-extension\/\/assets\/icon\/sad.svg\" alt=\"Sad\">\n                    <\/a>\n                    <div class=\"twp-reaction-title\">\n                        Sad                    <\/div>\n                    <div class=\"twp-count-percent\">\n                                                    <span style=\"display: none;\" class=\"twp-react-count\">0<\/span>\n                                                                        <span class=\"twp-react-percent\"><span>0<\/span> %<\/span>\n                                            <\/div>\n                <\/div>\n\n                <div class=\"twp-reacts-wrap\">\n                    <a react-data=\"be-react-3\" post-id=\"6408\" class=\"be-face-icons un-reacted\" href=\"javascript:void(0)\">\n                        <img decoding=\"async\" src=\"https:\/\/radionorteatacama.cl\/wp-content\/plugins\/booster-extension\/\/assets\/icon\/excited.svg\" alt=\"Excited\">\n                    <\/a>\n                    <div class=\"twp-reaction-title\">\n                        Excited                    <\/div>\n                    <div class=\"twp-count-percent\">\n                                                    <span style=\"display: none;\" class=\"twp-react-count\">0<\/span>\n                                                                        <span class=\"twp-react-percent\"><span>0<\/span> %<\/span>\n                                            <\/div>\n                <\/div>\n\n                <div class=\"twp-reacts-wrap\">\n                    <a react-data=\"be-react-6\" post-id=\"6408\" class=\"be-face-icons un-reacted\" href=\"javascript:void(0)\">\n                        <img decoding=\"async\" src=\"https:\/\/radionorteatacama.cl\/wp-content\/plugins\/booster-extension\/\/assets\/icon\/sleepy.svg\" alt=\"Sleepy\">\n                    <\/a>\n                    <div class=\"twp-reaction-title\">\n                        Sleepy                    <\/div>\n                    <div class=\"twp-count-percent\">\n                                                    <span style=\"display: none;\" class=\"twp-react-count\">0<\/span>\n                        \n                                                <span class=\"twp-react-percent\"><span>0<\/span> %<\/span>\n                                            <\/div>\n                <\/div>\n\n                <div class=\"twp-reacts-wrap\">\n                    <a react-data=\"be-react-4\" post-id=\"6408\" class=\"be-face-icons un-reacted\" href=\"javascript:void(0)\">\n                        <img decoding=\"async\" src=\"https:\/\/radionorteatacama.cl\/wp-content\/plugins\/booster-extension\/\/assets\/icon\/angry.svg\" alt=\"Angry\">\n                    <\/a>\n                    <div class=\"twp-reaction-title\">Angry<\/div>\n                    <div class=\"twp-count-percent\">\n                                                    <span style=\"display: none;\" class=\"twp-react-count\">0<\/span>\n                                                                        <span class=\"twp-react-percent\"><span>0<\/span> %<\/span>\n                        \n                    <\/div>\n                <\/div>\n\n                <div class=\"twp-reacts-wrap\">\n                    <a react-data=\"be-react-5\" post-id=\"6408\" class=\"be-face-icons un-reacted\" href=\"javascript:void(0)\">\n                        <img decoding=\"async\" src=\"https:\/\/radionorteatacama.cl\/wp-content\/plugins\/booster-extension\/\/assets\/icon\/surprise.svg\" alt=\"Surprise\">\n                    <\/a>\n                    <div class=\"twp-reaction-title\">Surprise<\/div>\n                    <div class=\"twp-count-percent\">\n                                                    <span style=\"display: none;\" class=\"twp-react-count\">0<\/span>\n                                                                        <span class=\"twp-react-percent\"><span>0<\/span> %<\/span>\n                                            <\/div>\n                <\/div>\n\n            <\/div>\n        <\/div>\n\n    ","protected":false},"excerpt":{"rendered":"<p>Autoridad regional de vivienda y urbanismo, Roc\u00edo D\u00edaz, sostuvo reuni\u00f3n protocolar y de trabajo con el nuevo edil, Victor Isla Lutz. Informar y actualizar la agenda de trabajo que mantiene la Secretar\u00eda Regional Ministerial de Vivienda y Urbanismo en la comuna de Vallenar, fue una de las principales razones por las que la Seremi Minvu [&hellip;]<\/p>\n","protected":false},"author":1,"featured_media":0,"comment_status":"open","ping_status":"open","sticky":false,"template":"","format":"standard","meta":{"_joinchat":[],"footnotes":""},"categories":[1],"tags":[],"class_list":["post-6408","post","type-post","status-publish","format-standard","hentry","category-uncategorized"],"jetpack_featured_media_url":"","blog_post_layout_featured_media_urls":{"thumbnail":"","full":""},"categories_names":{"1":{"name":"Uncategorized","link":"https:\/\/radionorteatacama.cl\/index.php\/category\/uncategorized\/"}},"tags_names":[],"comments_number":"0","_links":{"self":[{"href":"https:\/\/radionorteatacama.cl\/index.php\/wp-json\/wp\/v2\/posts\/6408","targetHints":{"allow":["GET"]}}],"collection":[{"href":"https:\/\/radionorteatacama.cl\/index.php\/wp-json\/wp\/v2\/posts"}],"about":[{"href":"https:\/\/radionorteatacama.cl\/index.php\/wp-json\/wp\/v2\/types\/post"}],"author":[{"embeddable":true,"href":"https:\/\/radionorteatacama.cl\/index.php\/wp-json\/wp\/v2\/users\/1"}],"replies":[{"embeddable":true,"href":"https:\/\/radionorteatacama.cl\/index.php\/wp-json\/wp\/v2\/comments?post=6408"}],"version-history":[{"count":1,"href":"https:\/\/radionorteatacama.cl\/index.php\/wp-json\/wp\/v2\/posts\/6408\/revisions"}],"predecessor-version":[{"id":6409,"href":"https:\/\/radionorteatacama.cl\/index.php\/wp-json\/wp\/v2\/posts\/6408\/revisions\/6409"}],"wp:attachment":[{"href":"https:\/\/radionorteatacama.cl\/index.php\/wp-json\/wp\/v2\/media?parent=6408"}],"wp:term":[{"taxonomy":"category","embeddable":true,"href":"https:\/\/radionorteatacama.cl\/index.php\/wp-json\/wp\/v2\/categories?post=6408"},{"taxonomy":"post_tag","embeddable":true,"href":"https:\/\/radionorteatacama.cl\/index.php\/wp-json\/wp\/v2\/tags?post=6408"}],"curies":[{"name":"wp","href":"https:\/\/api.w.org\/{rel}","templated":true}]}}