{"id":6039,"date":"2023-10-27T04:50:41","date_gmt":"2023-10-27T04:50:41","guid":{"rendered":"http:\/\/radionorteatacama.cl\/?p=6039"},"modified":"2023-10-27T04:50:41","modified_gmt":"2023-10-27T04:50:41","slug":"81-estudiantes-de-atacama-participaron-de-exitosa-version-2023-de-las-olimpiadas-de-matematicas-atacalar-desarrolladas-en-cordoba-argentina","status":"publish","type":"post","link":"https:\/\/radionorteatacama.cl\/index.php\/2023\/10\/27\/81-estudiantes-de-atacama-participaron-de-exitosa-version-2023-de-las-olimpiadas-de-matematicas-atacalar-desarrolladas-en-cordoba-argentina\/","title":{"rendered":"81 estudiantes de Atacama participaron de exitosa versi\u00f3n 2023 de las Olimpiadas de matem\u00e1ticas Atacalar desarrolladas en C\u00f3rdoba Argentina"},"content":{"rendered":"<div class='booster-block booster-read-block'>\n                <div class=\"twp-read-time\">\n                \t<i class=\"booster-icon twp-clock\"><\/i> <span>Read Time:<\/span>1 Minute, 12 Second                <\/div>\n\n            <\/div><p>Este a\u00f1o, la Provincia de C\u00f3rdoba se convirti\u00f3 en el epicentro de la sana competencia entre escolares, al acoger las Olimpiadas de Matem\u00e1ticas Atacalar 2023. Un evento que reuni\u00f3 a 81 estudiantes destacados de la regi\u00f3n, provenientes de diversos establecimientos educacionales de las provincias de Copiap\u00f3, Cha\u00f1aral y Huasco, cuyas edades oscilan entre los 8 y 17 a\u00f1os, quienes pudieron compartir con alumnos del pa\u00eds trasandino en una sana competencia binacional.<\/p>\n<p>Este extraordinario evento es el resultado de un esfuerzo conjunto entre el Gobierno Regional (GORE) de Atacama y el compromiso claro del gobernador, Miguel Vargas Correa, de fortalecer la educaci\u00f3n p\u00fablica en la regi\u00f3n. El financiamiento proporcionado por el GORE de Atacama ha permitido que estos j\u00f3venes talentosos puedan participar en un evento de esta magnitud y medir sus habilidades matem\u00e1ticas en un entorno competitivo, pero enriquecedor.<\/p>\n<p>Las Olimpiadas se llevaron a cabo durante esta semana, en diferentes sedes de C\u00f3rdoba, donde los participantes demostraron sus habilidades matem\u00e1ticas en una serie de desaf\u00edos que pusieron a prueba su ingenio. Este evento es una oportunidad \u00fanica para que los j\u00f3venes talentos de Atacama se destaquen en diversos \u00e1mbitos educacionales, tanto dentro como fuera de Chile.<\/p>\n<p>La ceremonia de entrega de premios y reconocimientos se llevar\u00e1 a cabo este jueves, en un acto especial que destacar\u00e1 el esfuerzo y la dedicaci\u00f3n de estos j\u00f3venes talentos en el campo de las matem\u00e1ticas. Se otorgar\u00e1n premios a los ganadores y distinciones a los participantes destacados.<\/p>\n        <div class=\"booster-block booster-reactions-block\">\n            <div class=\"twp-reactions-icons\">\n                \n                <div class=\"twp-reacts-wrap\">\n                    <a react-data=\"be-react-1\" post-id=\"6039\" class=\"be-face-icons un-reacted\" href=\"javascript:void(0)\">\n                        <img decoding=\"async\" src=\"https:\/\/radionorteatacama.cl\/wp-content\/plugins\/booster-extension\/\/assets\/icon\/happy.svg\" alt=\"Happy\">\n                    <\/a>\n                    <div class=\"twp-reaction-title\">\n                        Happy                    <\/div>\n                    <div class=\"twp-count-percent\">\n                                                    <span style=\"display: none;\" class=\"twp-react-count\">0<\/span>\n                        \n                                                <span class=\"twp-react-percent\"><span>0<\/span> %<\/span>\n                                            <\/div>\n                <\/div>\n\n                <div class=\"twp-reacts-wrap\">\n                    <a react-data=\"be-react-2\" post-id=\"6039\" class=\"be-face-icons un-reacted\" href=\"javascript:void(0)\">\n                        <img decoding=\"async\" src=\"https:\/\/radionorteatacama.cl\/wp-content\/plugins\/booster-extension\/\/assets\/icon\/sad.svg\" alt=\"Sad\">\n                    <\/a>\n                    <div class=\"twp-reaction-title\">\n                        Sad                    <\/div>\n                    <div class=\"twp-count-percent\">\n                                                    <span style=\"display: none;\" class=\"twp-react-count\">1<\/span>\n                                                                        <span class=\"twp-react-percent\"><span>100<\/span> %<\/span>\n                                            <\/div>\n                <\/div>\n\n                <div class=\"twp-reacts-wrap\">\n                    <a react-data=\"be-react-3\" post-id=\"6039\" class=\"be-face-icons un-reacted\" href=\"javascript:void(0)\">\n                        <img decoding=\"async\" src=\"https:\/\/radionorteatacama.cl\/wp-content\/plugins\/booster-extension\/\/assets\/icon\/excited.svg\" alt=\"Excited\">\n                    <\/a>\n                    <div class=\"twp-reaction-title\">\n                        Excited                    <\/div>\n                    <div class=\"twp-count-percent\">\n                                                    <span style=\"display: none;\" class=\"twp-react-count\">0<\/span>\n                                                                        <span class=\"twp-react-percent\"><span>0<\/span> %<\/span>\n                                            <\/div>\n                <\/div>\n\n                <div class=\"twp-reacts-wrap\">\n                    <a react-data=\"be-react-6\" post-id=\"6039\" class=\"be-face-icons un-reacted\" href=\"javascript:void(0)\">\n                        <img decoding=\"async\" src=\"https:\/\/radionorteatacama.cl\/wp-content\/plugins\/booster-extension\/\/assets\/icon\/sleepy.svg\" alt=\"Sleepy\">\n                    <\/a>\n                    <div class=\"twp-reaction-title\">\n                        Sleepy                    <\/div>\n                    <div class=\"twp-count-percent\">\n                                                    <span style=\"display: none;\" class=\"twp-react-count\">0<\/span>\n                        \n                                                <span class=\"twp-react-percent\"><span>0<\/span> %<\/span>\n                                            <\/div>\n                <\/div>\n\n                <div class=\"twp-reacts-wrap\">\n                    <a react-data=\"be-react-4\" post-id=\"6039\" class=\"be-face-icons un-reacted\" href=\"javascript:void(0)\">\n                        <img decoding=\"async\" src=\"https:\/\/radionorteatacama.cl\/wp-content\/plugins\/booster-extension\/\/assets\/icon\/angry.svg\" alt=\"Angry\">\n                    <\/a>\n                    <div class=\"twp-reaction-title\">Angry<\/div>\n                    <div class=\"twp-count-percent\">\n                                                    <span style=\"display: none;\" class=\"twp-react-count\">0<\/span>\n                                                                        <span class=\"twp-react-percent\"><span>0<\/span> %<\/span>\n                        \n                    <\/div>\n                <\/div>\n\n                <div class=\"twp-reacts-wrap\">\n                    <a react-data=\"be-react-5\" post-id=\"6039\" class=\"be-face-icons un-reacted\" href=\"javascript:void(0)\">\n                        <img decoding=\"async\" src=\"https:\/\/radionorteatacama.cl\/wp-content\/plugins\/booster-extension\/\/assets\/icon\/surprise.svg\" alt=\"Surprise\">\n                    <\/a>\n                    <div class=\"twp-reaction-title\">Surprise<\/div>\n                    <div class=\"twp-count-percent\">\n                                                    <span style=\"display: none;\" class=\"twp-react-count\">0<\/span>\n                                                                        <span class=\"twp-react-percent\"><span>0<\/span> %<\/span>\n                                            <\/div>\n                <\/div>\n\n            <\/div>\n        <\/div>\n\n    ","protected":false},"excerpt":{"rendered":"<p>Este a\u00f1o, la Provincia de C\u00f3rdoba se convirti\u00f3 en el epicentro de la sana competencia entre escolares, al acoger las Olimpiadas de Matem\u00e1ticas Atacalar 2023. Un evento que reuni\u00f3 a 81 estudiantes destacados de la regi\u00f3n, provenientes de diversos establecimientos educacionales de las provincias de Copiap\u00f3, Cha\u00f1aral y Huasco, cuyas edades oscilan entre los 8 [&hellip;]<\/p>\n","protected":false},"author":1,"featured_media":0,"comment_status":"open","ping_status":"open","sticky":false,"template":"","format":"standard","meta":{"_joinchat":[],"footnotes":""},"categories":[1],"tags":[],"class_list":["post-6039","post","type-post","status-publish","format-standard","hentry","category-uncategorized"],"jetpack_featured_media_url":"","blog_post_layout_featured_media_urls":{"thumbnail":"","full":""},"categories_names":{"1":{"name":"Uncategorized","link":"https:\/\/radionorteatacama.cl\/index.php\/category\/uncategorized\/"}},"tags_names":[],"comments_number":"0","_links":{"self":[{"href":"https:\/\/radionorteatacama.cl\/index.php\/wp-json\/wp\/v2\/posts\/6039","targetHints":{"allow":["GET"]}}],"collection":[{"href":"https:\/\/radionorteatacama.cl\/index.php\/wp-json\/wp\/v2\/posts"}],"about":[{"href":"https:\/\/radionorteatacama.cl\/index.php\/wp-json\/wp\/v2\/types\/post"}],"author":[{"embeddable":true,"href":"https:\/\/radionorteatacama.cl\/index.php\/wp-json\/wp\/v2\/users\/1"}],"replies":[{"embeddable":true,"href":"https:\/\/radionorteatacama.cl\/index.php\/wp-json\/wp\/v2\/comments?post=6039"}],"version-history":[{"count":1,"href":"https:\/\/radionorteatacama.cl\/index.php\/wp-json\/wp\/v2\/posts\/6039\/revisions"}],"predecessor-version":[{"id":6040,"href":"https:\/\/radionorteatacama.cl\/index.php\/wp-json\/wp\/v2\/posts\/6039\/revisions\/6040"}],"wp:attachment":[{"href":"https:\/\/radionorteatacama.cl\/index.php\/wp-json\/wp\/v2\/media?parent=6039"}],"wp:term":[{"taxonomy":"category","embeddable":true,"href":"https:\/\/radionorteatacama.cl\/index.php\/wp-json\/wp\/v2\/categories?post=6039"},{"taxonomy":"post_tag","embeddable":true,"href":"https:\/\/radionorteatacama.cl\/index.php\/wp-json\/wp\/v2\/tags?post=6039"}],"curies":[{"name":"wp","href":"https:\/\/api.w.org\/{rel}","templated":true}]}}