{"id":6033,"date":"2023-10-27T04:47:06","date_gmt":"2023-10-27T04:47:06","guid":{"rendered":"http:\/\/radionorteatacama.cl\/?p=6033"},"modified":"2023-10-27T04:47:06","modified_gmt":"2023-10-27T04:47:06","slug":"pacto-fiscal-ministro-marcel-presenta-medidas-de-impulso-al-crecimiento-y-anuncia-grupo-de-trabajo-para-medidas-de-productividad","status":"publish","type":"post","link":"https:\/\/radionorteatacama.cl\/index.php\/2023\/10\/27\/pacto-fiscal-ministro-marcel-presenta-medidas-de-impulso-al-crecimiento-y-anuncia-grupo-de-trabajo-para-medidas-de-productividad\/","title":{"rendered":"Pacto Fiscal: ministro Marcel presenta medidas de impulso al crecimiento y anuncia grupo de trabajo para medidas de productividad"},"content":{"rendered":"<div class='booster-block booster-read-block'>\n                <div class=\"twp-read-time\">\n                \t<i class=\"booster-icon twp-clock\"><\/i> <span>Read Time:<\/span>2 Minute, 54 Second                <\/div>\n\n            <\/div><p>Este componente est\u00e1 dividido en cinco ejes y contempla 30 medidas, centradas en inversi\u00f3n,<br \/>\nincentivos tributarios, formalizaci\u00f3n, entre otras.<br \/>\n\uf0b7 Ministro Marcel destac\u00f3 que esta jornada se trabaj\u00f3 en m\u00e1s de la mitad de las propuestas en esta<br \/>\nmateria: \u201cVamos a continuar con este trabajo la pr\u00f3xima semana con tal de avanzar lo antes posible<br \/>\nen esta materia.<br \/>\nSantiago, 26 de octubre de 2023.- En una nueva reuni\u00f3n con los representantes de los partidos pol\u00edticos<br \/>\nen el marco de las conversaciones por un Pacto Fiscal, el ministro de Hacienda, Mario Marcel, present\u00f3 30<br \/>\nmedidas para impulsar el crecimiento econ\u00f3mico contenidas en la propuesta, adem\u00e1s de los puntos de<br \/>\nacuerdo que existen hasta el momento.<br \/>\nEl paquete se dividide en cinco ejes: racionalizaci\u00f3n regulatoria para proyectos de inversi\u00f3n; incentivos<br \/>\ntributarios a la inversi\u00f3n privada y la productividad; acelerar el desarrollo de sectores con potencial de<br \/>\ndiversificaci\u00f3n productiva; inversi\u00f3n en infraestructura p\u00fablica y privada; y reducci\u00f3n de la informalidad.<br \/>\nEn la racionalizaci\u00f3n regulatoria para proyectos de inversi\u00f3n destaca la modernizaci\u00f3n de la gesti\u00f3n de<br \/>\npermisos ambientales, la reforma a los permisos de concesiones mar\u00edtimas y la generaci\u00f3n de un marco<br \/>\ncom\u00fan legal para la gesti\u00f3n de los permisos sectoriales. Respecto de los incentivos tributarios, algunas de<br \/>\nlas principales propuestas son la tasa de desarrollo, la rebaja transitoria del impuesto de timbre y<br \/>\nestampillas, adem\u00e1s del incentivo a la inversi\u00f3n en empresas de capital de riesgo.<br \/>\nEn cuanto al desarrollo de sectores con potencial de diversificaci\u00f3n productiva se busca acelerar las<br \/>\ndefiniciones sobre salares protegidos y proyectos estrat\u00e9gicos en litio, avanzar en Planes Regionales de<br \/>\nOrdenamiento Territorial (PROT) y aprobar el Plan de Acci\u00f3n para el desarrollo de la industria del hidr\u00f3geno<br \/>\nverde. Asimismo, en la inversi\u00f3n de infraestructura p\u00fablica y privada se propone ampliar y agilizar el<br \/>\nprograma de concesiones, modernizar la ley de puertos y establecer un Consejo Asesor Presidencial<br \/>\nresponsable de la elaboraci\u00f3n de un plan de Infraestructura de Largo Plazo. Finalmente, para reducir la<br \/>\ninformalidad se establecen medidas para controlarla y tambi\u00e9n incentivos para la formalizaci\u00f3n.<br \/>\nEl ministro Marcel valor\u00f3 que en este encuentro \u201cse discuti\u00f3 m\u00e1s de la mitad del cap\u00edtulo sobre impulso al<br \/>\ncrecimiento. Adem\u00e1s, se concordaron algunos ajustes a este documento y se cre\u00f3 un grupo para elaborar una<br \/>\npropuesta de incentivo a la productividad. Vamos a continuar con este trabajo la pr\u00f3xima semana con tal de<br \/>\navanzar lo antes posible en esta materia\u201d. De momento, se est\u00e1n afinando los detalles de este grupo. Las<br \/>\nconversaciones, en tanto, ya est\u00e1n en su etapa final y el trabajo que se est\u00e1 realizando apunta no solo a<br \/>\nexponer las propuestas, sino tambi\u00e9n a recibir comentarios y sugerencias para plasmar en el documento<br \/>\nfinal.<br \/>\nLista de asistentes<br \/>\nA este encuentro asistieron:<br \/>\nPor Revoluci\u00f3n Democr\u00e1tica, su presidente Diego Vela y la asesora Roc\u00edo Fond\u00f3n<br \/>\nPor Convergencia Social, la diputada Gael Yeomans y su asesor Mauricio Pardo<br \/>\nPor el FRVES, el asesor Sebasti\u00e1n Le\u00f3n<br \/>\nPor el Partido Comunista, el asesor Daniel Mella<br \/>\nPor Acci\u00f3n Humanista, el asesor Jordan Gajardo<br \/>\nPor el PPD, el senador Ricardo Lagos Weber y los asesores Reinaldo Monardes y \u00c1lvaro Garc\u00eda<br \/>\nPor la Democracia Cristiana, el diputado Eric Aedo y el asesor Nicol\u00e1s Preuss<br \/>\nPor el Partido Dem\u00f3crata, Fuad Chah\u00edn y el asesor Gonzalo Mardones<br \/>\nPor Amarillos, el asesor Ren\u00e9 Cort\u00e1zar<br \/>\nPor Avancemos Chile, el asesor Josu\u00e9 Mu\u00f1oz<br \/>\nPor Ev\u00f3poli, el director ejecutivo de Horizontal, Juan Jos\u00e9 Obach<br \/>\nPor Renovaci\u00f3n Nacional, los asesores Sebasti\u00e1n Amado y Daniel Mu\u00f1oz<br \/>\nPor la UDI, las asesoras B\u00e1rbara Bayolo y Carolina Fuensalida <img loading=\"lazy\" decoding=\"async\" src=\"http:\/\/radionorteatacama.cl\/wp-content\/uploads\/2023\/10\/53286876772_533da81f23_o-300x200.jpg\" alt=\"\" width=\"300\" height=\"200\" class=\"alignnone size-medium wp-image-6035\" srcset=\"https:\/\/radionorteatacama.cl\/wp-content\/uploads\/2023\/10\/53286876772_533da81f23_o-300x200.jpg 300w, https:\/\/radionorteatacama.cl\/wp-content\/uploads\/2023\/10\/53286876772_533da81f23_o-1024x683.jpg 1024w, https:\/\/radionorteatacama.cl\/wp-content\/uploads\/2023\/10\/53286876772_533da81f23_o-768x512.jpg 768w, https:\/\/radionorteatacama.cl\/wp-content\/uploads\/2023\/10\/53286876772_533da81f23_o-1536x1024.jpg 1536w, https:\/\/radionorteatacama.cl\/wp-content\/uploads\/2023\/10\/53286876772_533da81f23_o-2048x1365.jpg 2048w\" sizes=\"auto, (max-width: 300px) 100vw, 300px\" \/><\/p>\n        <div class=\"booster-block booster-reactions-block\">\n            <div class=\"twp-reactions-icons\">\n                \n                <div class=\"twp-reacts-wrap\">\n                    <a react-data=\"be-react-1\" post-id=\"6033\" class=\"be-face-icons un-reacted\" href=\"javascript:void(0)\">\n                        <img decoding=\"async\" src=\"https:\/\/radionorteatacama.cl\/wp-content\/plugins\/booster-extension\/\/assets\/icon\/happy.svg\" alt=\"Happy\">\n                    <\/a>\n                    <div class=\"twp-reaction-title\">\n                        Happy                    <\/div>\n                    <div class=\"twp-count-percent\">\n                                                    <span style=\"display: none;\" class=\"twp-react-count\">0<\/span>\n                        \n                                                <span class=\"twp-react-percent\"><span>0<\/span> %<\/span>\n                                            <\/div>\n                <\/div>\n\n                <div class=\"twp-reacts-wrap\">\n                    <a react-data=\"be-react-2\" post-id=\"6033\" class=\"be-face-icons un-reacted\" href=\"javascript:void(0)\">\n                        <img decoding=\"async\" src=\"https:\/\/radionorteatacama.cl\/wp-content\/plugins\/booster-extension\/\/assets\/icon\/sad.svg\" alt=\"Sad\">\n                    <\/a>\n                    <div class=\"twp-reaction-title\">\n                        Sad                    <\/div>\n                    <div class=\"twp-count-percent\">\n                                                    <span style=\"display: none;\" class=\"twp-react-count\">0<\/span>\n                                                                        <span class=\"twp-react-percent\"><span>0<\/span> %<\/span>\n                                            <\/div>\n                <\/div>\n\n                <div class=\"twp-reacts-wrap\">\n                    <a react-data=\"be-react-3\" post-id=\"6033\" class=\"be-face-icons un-reacted\" href=\"javascript:void(0)\">\n                        <img decoding=\"async\" src=\"https:\/\/radionorteatacama.cl\/wp-content\/plugins\/booster-extension\/\/assets\/icon\/excited.svg\" alt=\"Excited\">\n                    <\/a>\n                    <div class=\"twp-reaction-title\">\n                        Excited                    <\/div>\n                    <div class=\"twp-count-percent\">\n                                                    <span style=\"display: none;\" class=\"twp-react-count\">0<\/span>\n                                                                        <span class=\"twp-react-percent\"><span>0<\/span> %<\/span>\n                                            <\/div>\n                <\/div>\n\n                <div class=\"twp-reacts-wrap\">\n                    <a react-data=\"be-react-6\" post-id=\"6033\" class=\"be-face-icons un-reacted\" href=\"javascript:void(0)\">\n                        <img decoding=\"async\" src=\"https:\/\/radionorteatacama.cl\/wp-content\/plugins\/booster-extension\/\/assets\/icon\/sleepy.svg\" alt=\"Sleepy\">\n                    <\/a>\n                    <div class=\"twp-reaction-title\">\n                        Sleepy                    <\/div>\n                    <div class=\"twp-count-percent\">\n                                                    <span style=\"display: none;\" class=\"twp-react-count\">0<\/span>\n                        \n                                                <span class=\"twp-react-percent\"><span>0<\/span> %<\/span>\n                                            <\/div>\n                <\/div>\n\n                <div class=\"twp-reacts-wrap\">\n                    <a react-data=\"be-react-4\" post-id=\"6033\" class=\"be-face-icons un-reacted\" href=\"javascript:void(0)\">\n                        <img decoding=\"async\" src=\"https:\/\/radionorteatacama.cl\/wp-content\/plugins\/booster-extension\/\/assets\/icon\/angry.svg\" alt=\"Angry\">\n                    <\/a>\n                    <div class=\"twp-reaction-title\">Angry<\/div>\n                    <div class=\"twp-count-percent\">\n                                                    <span style=\"display: none;\" class=\"twp-react-count\">0<\/span>\n                                                                        <span class=\"twp-react-percent\"><span>0<\/span> %<\/span>\n                        \n                    <\/div>\n                <\/div>\n\n                <div class=\"twp-reacts-wrap\">\n                    <a react-data=\"be-react-5\" post-id=\"6033\" class=\"be-face-icons un-reacted\" href=\"javascript:void(0)\">\n                        <img decoding=\"async\" src=\"https:\/\/radionorteatacama.cl\/wp-content\/plugins\/booster-extension\/\/assets\/icon\/surprise.svg\" alt=\"Surprise\">\n                    <\/a>\n                    <div class=\"twp-reaction-title\">Surprise<\/div>\n                    <div class=\"twp-count-percent\">\n                                                    <span style=\"display: none;\" class=\"twp-react-count\">0<\/span>\n                                                                        <span class=\"twp-react-percent\"><span>0<\/span> %<\/span>\n                                            <\/div>\n                <\/div>\n\n            <\/div>\n        <\/div>\n\n    ","protected":false},"excerpt":{"rendered":"<p>Este componente est\u00e1 dividido en cinco ejes y contempla 30 medidas, centradas en inversi\u00f3n, incentivos tributarios, formalizaci\u00f3n, entre otras. \uf0b7 Ministro Marcel destac\u00f3 que esta jornada se trabaj\u00f3 en m\u00e1s de la mitad de las propuestas en esta materia: \u201cVamos a continuar con este trabajo la pr\u00f3xima semana con tal de avanzar lo antes posible [&hellip;]<\/p>\n","protected":false},"author":1,"featured_media":0,"comment_status":"open","ping_status":"open","sticky":false,"template":"","format":"standard","meta":{"_joinchat":[],"footnotes":""},"categories":[1],"tags":[],"class_list":["post-6033","post","type-post","status-publish","format-standard","hentry","category-uncategorized"],"jetpack_featured_media_url":"","blog_post_layout_featured_media_urls":{"thumbnail":"","full":""},"categories_names":{"1":{"name":"Uncategorized","link":"https:\/\/radionorteatacama.cl\/index.php\/category\/uncategorized\/"}},"tags_names":[],"comments_number":"0","_links":{"self":[{"href":"https:\/\/radionorteatacama.cl\/index.php\/wp-json\/wp\/v2\/posts\/6033","targetHints":{"allow":["GET"]}}],"collection":[{"href":"https:\/\/radionorteatacama.cl\/index.php\/wp-json\/wp\/v2\/posts"}],"about":[{"href":"https:\/\/radionorteatacama.cl\/index.php\/wp-json\/wp\/v2\/types\/post"}],"author":[{"embeddable":true,"href":"https:\/\/radionorteatacama.cl\/index.php\/wp-json\/wp\/v2\/users\/1"}],"replies":[{"embeddable":true,"href":"https:\/\/radionorteatacama.cl\/index.php\/wp-json\/wp\/v2\/comments?post=6033"}],"version-history":[{"count":1,"href":"https:\/\/radionorteatacama.cl\/index.php\/wp-json\/wp\/v2\/posts\/6033\/revisions"}],"predecessor-version":[{"id":6036,"href":"https:\/\/radionorteatacama.cl\/index.php\/wp-json\/wp\/v2\/posts\/6033\/revisions\/6036"}],"wp:attachment":[{"href":"https:\/\/radionorteatacama.cl\/index.php\/wp-json\/wp\/v2\/media?parent=6033"}],"wp:term":[{"taxonomy":"category","embeddable":true,"href":"https:\/\/radionorteatacama.cl\/index.php\/wp-json\/wp\/v2\/categories?post=6033"},{"taxonomy":"post_tag","embeddable":true,"href":"https:\/\/radionorteatacama.cl\/index.php\/wp-json\/wp\/v2\/tags?post=6033"}],"curies":[{"name":"wp","href":"https:\/\/api.w.org\/{rel}","templated":true}]}}