{"id":6031,"date":"2023-10-25T04:50:20","date_gmt":"2023-10-25T04:50:20","guid":{"rendered":"http:\/\/radionorteatacama.cl\/?p=6031"},"modified":"2023-10-25T04:50:20","modified_gmt":"2023-10-25T04:50:20","slug":"colaboracion-del-gobierno-uda-y-agenciase-permitira-especializacion-en-cargadores-domiciliarios-para-vehiculos","status":"publish","type":"post","link":"https:\/\/radionorteatacama.cl\/index.php\/2023\/10\/25\/colaboracion-del-gobierno-uda-y-agenciase-permitira-especializacion-en-cargadores-domiciliarios-para-vehiculos\/","title":{"rendered":"Colaboraci\u00f3n del Gobierno, UDA y AgenciaSE permitir\u00e1 especializaci\u00f3n en cargadores domiciliarios para veh\u00edculos"},"content":{"rendered":"<div class='booster-block booster-read-block'>\n                <div class=\"twp-read-time\">\n                \t<i class=\"booster-icon twp-clock\"><\/i> <span>Read Time:<\/span>2 Minute, 33 Second                <\/div>\n\n            <\/div><p>Hasta el 31 de octubre los y las personas que trabajen como instaladores el\u00e9ctricos<br \/>\ncon licencia clase C o superior, podr\u00e1n optar a un curso que les entregar\u00e1 las<br \/>\nherramientas para trabajar en la instalaci\u00f3n de cargadores el\u00e9ctricos de veh\u00edculos. Un<br \/>\ntrabajo en miras de potenciar la electromovilidad del transporte p\u00fablico.<br \/>\nUna colaboraci\u00f3n entre el Gobierno, la Universidad de Atacama y la Agencia de<br \/>\nSostenibilidad Energ\u00e9tica permitir\u00e1 desarrollar un curso de Instalaci\u00f3n de Cargadores<br \/>\nDomiciliarios para Recarga de Veh\u00edculos El\u00e9ctricos. Esta iniciativa viene a contribuir<br \/>\ndirectamente en el desarrollo de la electromovilidad y descarbonizaci\u00f3n del transporte.<br \/>\nPueden participar todas aquellas personas que trabajen como instaladores el\u00e9ctricos con<br \/>\nlicencia Clase C o superior de la SEC. Los y las interesadas pueden optar a ello hasta el 31<br \/>\nde octubre.<br \/>\nSobre este tema la seremi de Energ\u00eda Yenni Valenzuela, se\u00f1al\u00f3 \u201cinvitamos a los<br \/>\ninstaladores el\u00e9ctricos clase C, B o A, que residan en la regi\u00f3n de Atacama, a que se<br \/>\ninscriban en este curso que dictar\u00e1 la Universidad de Atacama, en alianza con el Ministerio<br \/>\nde Energ\u00eda y la Agencia de Sostenibilidad Energ\u00e9tica, que los dotar\u00e1 de las competencias<br \/>\npara realizar instalaciones el\u00e9ctricas de infraestructura de carga domiciliaria para veh\u00edculos<br \/>\nel\u00e9ctricos. Para el Ministerio de Energ\u00eda este curso es muy relevante porque nos permite<br \/>\ndesarrollar capital humano e infraestructura habilitante para la implementaci\u00f3n de la<br \/>\nelectromovilidad en la regi\u00f3n\u201d.<br \/>\nLa seremi de Gobierno de Atacama, Sof\u00eda Vargas Roberts destac\u00f3 \u201cla importancia de estas<br \/>\ninnovaciones tecnol\u00f3gicas, que permiten un desarrollo sustentable en los m\u00e9todos de<br \/>\ntransporte, desde nuestra regi\u00f3n de Atacama y con una proyecci\u00f3n nacional. La<br \/>\nelectromovilidad y la descarbonizaci\u00f3n son dos prioridades del Gobierno del Presidente<br \/>\nGabriel Boric, por lo que poder contribuir a estas nuevas tecnolog\u00edas es un paso importante<br \/>\npara aquello\u201d.<br \/>\nLa Directora de Formaci\u00f3n Continua de la Universidad de Atacama, la Dra. Alejandra Tello<br \/>\nZamorano, manifest\u00f3 por este proyecto que: \u201cinvitamos a la comunidad a participar de este<br \/>\ninteresante curso que va a impartir la Universidad de Atacama, financiado por el Gobierno<br \/>\nde Chile y por la Agencia de Sostenibilidad Energ\u00e9tica. Este curso ser\u00e1 sobre<br \/>\nelectromovilidad, que va a ser el futuro de esta regi\u00f3n y del pa\u00eds. Espec\u00edficamente se les<br \/>\nense\u00f1ar\u00e1 a instalar cargadores el\u00e9ctricos domiciliarios y as\u00ed poder contribuir con la<br \/>\nsostenibilidad y un futuro mejor para todos y todas. Las postulaciones estar\u00e1n abiertas<br \/>\nhasta el 31 de octubre para todas las personas que cuenten con Licencia C o superior\u201d.<br \/>\nEste trabajo intersectorial cuenta con la colaboraci\u00f3n del Gobierno del Presidente Gabriel<br \/>\nBoric a trav\u00e9s de la SEREMI de Transportes y Telecomunicaciones, la SEREMI de Energ\u00eda,<br \/>\nla Seremi de Gobierno y el desarrollo que impulsan en esta \u00e1rea la Agencia de<br \/>\nSostenibilidad Energ\u00e9tica y la Universidad de Atacama. En el futuro se espera que la mayor<br \/>\ncantidad de traslados del sistema p\u00fablico tender\u00e1n a ser el\u00e9ctricos, para habitar as\u00ed un pa\u00eds<br \/>\nm\u00e1s sostenible y ecol\u00f3gico. Si quieres postular, debes visitar el sitio web<br \/>\nwww.formacioncontinua.uda.cl hasta el 31 de octubre. El curso considera tambi\u00e9n criterios<br \/>\nde G\u00e9nero e incorporaci\u00f3n de cupos para pueblos originarios.<\/p>\n        <div class=\"booster-block booster-reactions-block\">\n            <div class=\"twp-reactions-icons\">\n                \n                <div class=\"twp-reacts-wrap\">\n                    <a react-data=\"be-react-1\" post-id=\"6031\" class=\"be-face-icons un-reacted\" href=\"javascript:void(0)\">\n                        <img decoding=\"async\" src=\"https:\/\/radionorteatacama.cl\/wp-content\/plugins\/booster-extension\/\/assets\/icon\/happy.svg\" alt=\"Happy\">\n                    <\/a>\n                    <div class=\"twp-reaction-title\">\n                        Happy                    <\/div>\n                    <div class=\"twp-count-percent\">\n                                                    <span style=\"display: none;\" class=\"twp-react-count\">0<\/span>\n                        \n                                                <span class=\"twp-react-percent\"><span>0<\/span> %<\/span>\n                                            <\/div>\n                <\/div>\n\n                <div class=\"twp-reacts-wrap\">\n                    <a react-data=\"be-react-2\" post-id=\"6031\" class=\"be-face-icons un-reacted\" href=\"javascript:void(0)\">\n                        <img decoding=\"async\" src=\"https:\/\/radionorteatacama.cl\/wp-content\/plugins\/booster-extension\/\/assets\/icon\/sad.svg\" alt=\"Sad\">\n                    <\/a>\n                    <div class=\"twp-reaction-title\">\n                        Sad                    <\/div>\n                    <div class=\"twp-count-percent\">\n                                                    <span style=\"display: none;\" class=\"twp-react-count\">0<\/span>\n                                                                        <span class=\"twp-react-percent\"><span>0<\/span> %<\/span>\n                                            <\/div>\n                <\/div>\n\n                <div class=\"twp-reacts-wrap\">\n                    <a react-data=\"be-react-3\" post-id=\"6031\" class=\"be-face-icons un-reacted\" href=\"javascript:void(0)\">\n                        <img decoding=\"async\" src=\"https:\/\/radionorteatacama.cl\/wp-content\/plugins\/booster-extension\/\/assets\/icon\/excited.svg\" alt=\"Excited\">\n                    <\/a>\n                    <div class=\"twp-reaction-title\">\n                        Excited                    <\/div>\n                    <div class=\"twp-count-percent\">\n                                                    <span style=\"display: none;\" class=\"twp-react-count\">0<\/span>\n                                                                        <span class=\"twp-react-percent\"><span>0<\/span> %<\/span>\n                                            <\/div>\n                <\/div>\n\n                <div class=\"twp-reacts-wrap\">\n                    <a react-data=\"be-react-6\" post-id=\"6031\" class=\"be-face-icons un-reacted\" href=\"javascript:void(0)\">\n                        <img decoding=\"async\" src=\"https:\/\/radionorteatacama.cl\/wp-content\/plugins\/booster-extension\/\/assets\/icon\/sleepy.svg\" alt=\"Sleepy\">\n                    <\/a>\n                    <div class=\"twp-reaction-title\">\n                        Sleepy                    <\/div>\n                    <div class=\"twp-count-percent\">\n                                                    <span style=\"display: none;\" class=\"twp-react-count\">0<\/span>\n                        \n                                                <span class=\"twp-react-percent\"><span>0<\/span> %<\/span>\n                                            <\/div>\n                <\/div>\n\n                <div class=\"twp-reacts-wrap\">\n                    <a react-data=\"be-react-4\" post-id=\"6031\" class=\"be-face-icons un-reacted\" href=\"javascript:void(0)\">\n                        <img decoding=\"async\" src=\"https:\/\/radionorteatacama.cl\/wp-content\/plugins\/booster-extension\/\/assets\/icon\/angry.svg\" alt=\"Angry\">\n                    <\/a>\n                    <div class=\"twp-reaction-title\">Angry<\/div>\n                    <div class=\"twp-count-percent\">\n                                                    <span style=\"display: none;\" class=\"twp-react-count\">0<\/span>\n                                                                        <span class=\"twp-react-percent\"><span>0<\/span> %<\/span>\n                        \n                    <\/div>\n                <\/div>\n\n                <div class=\"twp-reacts-wrap\">\n                    <a react-data=\"be-react-5\" post-id=\"6031\" class=\"be-face-icons un-reacted\" href=\"javascript:void(0)\">\n                        <img decoding=\"async\" src=\"https:\/\/radionorteatacama.cl\/wp-content\/plugins\/booster-extension\/\/assets\/icon\/surprise.svg\" alt=\"Surprise\">\n                    <\/a>\n                    <div class=\"twp-reaction-title\">Surprise<\/div>\n                    <div class=\"twp-count-percent\">\n                                                    <span style=\"display: none;\" class=\"twp-react-count\">0<\/span>\n                                                                        <span class=\"twp-react-percent\"><span>0<\/span> %<\/span>\n                                            <\/div>\n                <\/div>\n\n            <\/div>\n        <\/div>\n\n    ","protected":false},"excerpt":{"rendered":"<p>Hasta el 31 de octubre los y las personas que trabajen como instaladores el\u00e9ctricos con licencia clase C o superior, podr\u00e1n optar a un curso que les entregar\u00e1 las herramientas para trabajar en la instalaci\u00f3n de cargadores el\u00e9ctricos de veh\u00edculos. Un trabajo en miras de potenciar la electromovilidad del transporte p\u00fablico. Una colaboraci\u00f3n entre el [&hellip;]<\/p>\n","protected":false},"author":1,"featured_media":0,"comment_status":"open","ping_status":"open","sticky":false,"template":"","format":"standard","meta":{"_joinchat":[],"footnotes":""},"categories":[1],"tags":[],"class_list":["post-6031","post","type-post","status-publish","format-standard","hentry","category-uncategorized"],"jetpack_featured_media_url":"","blog_post_layout_featured_media_urls":{"thumbnail":"","full":""},"categories_names":{"1":{"name":"Uncategorized","link":"https:\/\/radionorteatacama.cl\/index.php\/category\/uncategorized\/"}},"tags_names":[],"comments_number":"0","_links":{"self":[{"href":"https:\/\/radionorteatacama.cl\/index.php\/wp-json\/wp\/v2\/posts\/6031","targetHints":{"allow":["GET"]}}],"collection":[{"href":"https:\/\/radionorteatacama.cl\/index.php\/wp-json\/wp\/v2\/posts"}],"about":[{"href":"https:\/\/radionorteatacama.cl\/index.php\/wp-json\/wp\/v2\/types\/post"}],"author":[{"embeddable":true,"href":"https:\/\/radionorteatacama.cl\/index.php\/wp-json\/wp\/v2\/users\/1"}],"replies":[{"embeddable":true,"href":"https:\/\/radionorteatacama.cl\/index.php\/wp-json\/wp\/v2\/comments?post=6031"}],"version-history":[{"count":1,"href":"https:\/\/radionorteatacama.cl\/index.php\/wp-json\/wp\/v2\/posts\/6031\/revisions"}],"predecessor-version":[{"id":6032,"href":"https:\/\/radionorteatacama.cl\/index.php\/wp-json\/wp\/v2\/posts\/6031\/revisions\/6032"}],"wp:attachment":[{"href":"https:\/\/radionorteatacama.cl\/index.php\/wp-json\/wp\/v2\/media?parent=6031"}],"wp:term":[{"taxonomy":"category","embeddable":true,"href":"https:\/\/radionorteatacama.cl\/index.php\/wp-json\/wp\/v2\/categories?post=6031"},{"taxonomy":"post_tag","embeddable":true,"href":"https:\/\/radionorteatacama.cl\/index.php\/wp-json\/wp\/v2\/tags?post=6031"}],"curies":[{"name":"wp","href":"https:\/\/api.w.org\/{rel}","templated":true}]}}