{"id":5994,"date":"2023-09-07T14:25:09","date_gmt":"2023-09-07T14:25:09","guid":{"rendered":"http:\/\/radionorteatacama.cl\/?p=5994"},"modified":"2023-09-07T14:25:09","modified_gmt":"2023-09-07T14:25:09","slug":"se-realizan-jornadas-de-seguridad-y-salud-ocupacional-para-pequenos-mineros-de-atacama","status":"publish","type":"post","link":"https:\/\/radionorteatacama.cl\/index.php\/2023\/09\/07\/se-realizan-jornadas-de-seguridad-y-salud-ocupacional-para-pequenos-mineros-de-atacama\/","title":{"rendered":"Se realizan jornadas de Seguridad y  Salud Ocupacional para peque\u00f1os  mineros de Atacama"},"content":{"rendered":"<div class='booster-block booster-read-block'>\n                <div class=\"twp-read-time\">\n                \t<i class=\"booster-icon twp-clock\"><\/i> <span>Read Time:<\/span>2 Minute, 51 Second                <\/div>\n\n            <\/div><p>\u2022Peque\u00f1os mineros participaron en las jornadas de<br \/>\nsensibilizaci\u00f3n en materia de seguridad y salud<br \/>\nocupacional organizado por el Comit\u00e9 Regional de<br \/>\nSeguridad Minera, Coresemin- Atacama, en conjunto con<br \/>\nSeremi de Miner\u00eda, Enami y empresas proveedoras.<\/p>\n<p>Las jornadas se realizaron el 23<br \/>\nde agosto y 6 de septiembre en oficinas de Enami del Salado y Vallenar,<br \/>\nrespectivamente, y asistieron cerca de medio centenar de mineros, a<br \/>\nlo que el presidente de Coresemin-Atacama, William Henott, destac\u00f3:<br \/>\n\u201cPara nosotros es muy importante haber reinstaurado los encuentros<br \/>\ncon los peque\u00f1os mineros de la regi\u00f3n de Atacama en conjunto con<br \/>\nempresas proveedoras y la palanca importante de la Seremi de Miner\u00eda<br \/>\nen conjunto con Sernageomin que nos han apoyado en todas estas<br \/>\niniciativas, y es importantes porque estamos promoviendo las buenas<br \/>\npr\u00e1cticas en seguridad y en salud y adem\u00e1s les estamos entregando<br \/>\nherramientas a los peque\u00f1os mineros Para que se puedan desenvolver<br \/>\nen el d\u00eda a d\u00eda. Nosotros como Coresemin las vamos a promover para<br \/>\nque perduren en el tiempo\u201d.<br \/>\nPor su parte el Seremi de Miner\u00eda, Carlos Ulloa afirm\u00f3 \u201cNos<br \/>\nencontramos haciendo estas charlas porque tienen que ver con<br \/>\nconcientizar a nuestros trabajadores y trabajadoras en miner\u00eda<br \/>\nrespecto a tomar medidas de seguridad y medidas que protejan la<br \/>\nsalud. Estamos contentos por el estar trabajando en esta iniciativa<br \/>\nporque apunta de, una cultura de reacci\u00f3n frente a accidentes y<br \/>\nenfermedades profesionales, para pasar a una cultura de prevenci\u00f3n.<br \/>\nEsperamos que estas actividades nos ayuden con este prop\u00f3sito y<br \/>\ntambi\u00e9n poder avanzar en la importancia que tiene el sentirse<br \/>\nprotegidos por la ley 16.744 referente a accidentes laborales y<br \/>\nenfermedades profesionales\u201d.<br \/>\nUna de las charlas hizo referencia a la Silicosis y las consecuencias a lo<br \/>\nque la Seremi de Salud, J\u00e9ssica Rojas Gahona afirm\u00f3: \u201cLa silicosis es<br \/>\nuna enfermedad ocupacional grave que afecta principalmente a los<\/p>\n<p>trabajadores expuestos al polvo de s\u00edlice, la que puede causar <\/p>\n<p>afectaci\u00f3n en la capacidad pulmonar e incluso la muerte. Por ello somos<br \/>\nparte de diferentes instancias de educaci\u00f3n e informaci\u00f3n a la<br \/>\ncomunidad, con el objetivo de prevenir esta enfermedad para proteger<br \/>\nla salud de las y los peque\u00f1os mineros y sus familias. En este sentido,<br \/>\ncomo SEREMI de Salud, nos hicimos parte de esta jornada orientada a<br \/>\nasociaciones de peque\u00f1os mineros, con el objetivo de presentar<br \/>\ninformaci\u00f3n estad\u00edstica sobre la silicosis en la regi\u00f3n ya que los datos<br \/>\nque hemos recopilado en la instituci\u00f3n han demostrado que el nivel<br \/>\neducativo de las personas que murieron por silicosis es bajo,<br \/>\npredominando casos en que la escolaridad fue inferior a 8 a\u00f1os o que<br \/>\nno asistieron a la escuela. Esto indica que la educaci\u00f3n es uno de los<br \/>\nfactores que influyen en el riesgo de contraer silicosis\u201d.<br \/>\nPor su parte Veronica Bascu\u00f1an, presidenta de pirquineros de Freirina<br \/>\nmencion\u00f3: \u201cquiero dar las gracias a la Serem\u00eda de Miner\u00eda, a<br \/>\nCoresemin, a Enami por recibirnos y darnos todas estas charlas tan<br \/>\nimportantes sobre seguridad y prevenci\u00f3n de enfermedades<br \/>\nrelacionadas con el rubro de la miner\u00eda y peque\u00f1a miner\u00eda. Esperamos<br \/>\nque esta instancia se repita en las comunas ya que muchas veces por<br \/>\ntemas de tiempo es dif\u00edcil de desplazarse a lugares tan lejanos y poder<br \/>\nestar en estas instancias tan importantes y poder fortalecernos en lo<br \/>\nque es la seguridad y prevenci\u00f3n de enfermedades<a href=\"http:\/\/radionorteatacama.cl\/wp-content\/uploads\/2023\/09\/Cuna-Seremi-de-Mineria-Carlos-Ulloa.aac\">Cu\u00f1a Seremi de Mineria Carlos Ulloa<\/a>.<div style=\"width: 640px;\" class=\"wp-video\"><video class=\"wp-video-shortcode\" id=\"video-5994-1\" width=\"640\" height=\"360\" preload=\"metadata\" controls=\"controls\"><source type=\"video\/mp4\" src=\"http:\/\/radionorteatacama.cl\/wp-content\/uploads\/2023\/09\/Cuna-Veronica-Bascunan-Presidenta-Sindicato-Pirquineros-Freirina.mp4?_=1\" \/><a href=\"http:\/\/radionorteatacama.cl\/wp-content\/uploads\/2023\/09\/Cuna-Veronica-Bascunan-Presidenta-Sindicato-Pirquineros-Freirina.mp4\">http:\/\/radionorteatacama.cl\/wp-content\/uploads\/2023\/09\/Cuna-Veronica-Bascunan-Presidenta-Sindicato-Pirquineros-Freirina.mp4<\/a><\/video><\/div><img loading=\"lazy\" decoding=\"async\" src=\"http:\/\/radionorteatacama.cl\/wp-content\/uploads\/2023\/09\/IMG_9365-300x200.jpg\" alt=\"\" width=\"300\" height=\"200\" class=\"alignnone size-medium wp-image-5998\" srcset=\"https:\/\/radionorteatacama.cl\/wp-content\/uploads\/2023\/09\/IMG_9365-300x200.jpg 300w, https:\/\/radionorteatacama.cl\/wp-content\/uploads\/2023\/09\/IMG_9365-1024x683.jpg 1024w, https:\/\/radionorteatacama.cl\/wp-content\/uploads\/2023\/09\/IMG_9365-768x512.jpg 768w, https:\/\/radionorteatacama.cl\/wp-content\/uploads\/2023\/09\/IMG_9365-1536x1024.jpg 1536w, https:\/\/radionorteatacama.cl\/wp-content\/uploads\/2023\/09\/IMG_9365-2048x1365.jpg 2048w\" sizes=\"auto, (max-width: 300px) 100vw, 300px\" \/><\/p>\n<p><img loading=\"lazy\" decoding=\"async\" src=\"http:\/\/radionorteatacama.cl\/wp-content\/uploads\/2023\/09\/IMG_9337-300x200.jpg\" alt=\"\" width=\"300\" height=\"200\" class=\"alignnone size-medium wp-image-5999\" srcset=\"https:\/\/radionorteatacama.cl\/wp-content\/uploads\/2023\/09\/IMG_9337-300x200.jpg 300w, https:\/\/radionorteatacama.cl\/wp-content\/uploads\/2023\/09\/IMG_9337-1024x683.jpg 1024w, https:\/\/radionorteatacama.cl\/wp-content\/uploads\/2023\/09\/IMG_9337-768x512.jpg 768w, https:\/\/radionorteatacama.cl\/wp-content\/uploads\/2023\/09\/IMG_9337-1536x1024.jpg 1536w, https:\/\/radionorteatacama.cl\/wp-content\/uploads\/2023\/09\/IMG_9337-2048x1365.jpg 2048w\" sizes=\"auto, (max-width: 300px) 100vw, 300px\" \/><\/p>\n        <div class=\"booster-block booster-reactions-block\">\n            <div class=\"twp-reactions-icons\">\n                \n                <div class=\"twp-reacts-wrap\">\n                    <a react-data=\"be-react-1\" post-id=\"5994\" class=\"be-face-icons un-reacted\" href=\"javascript:void(0)\">\n                        <img decoding=\"async\" src=\"https:\/\/radionorteatacama.cl\/wp-content\/plugins\/booster-extension\/\/assets\/icon\/happy.svg\" alt=\"Happy\">\n                    <\/a>\n                    <div class=\"twp-reaction-title\">\n                        Happy                    <\/div>\n                    <div class=\"twp-count-percent\">\n                                                    <span style=\"display: none;\" class=\"twp-react-count\">0<\/span>\n                        \n                                                <span class=\"twp-react-percent\"><span>0<\/span> %<\/span>\n                                            <\/div>\n                <\/div>\n\n                <div class=\"twp-reacts-wrap\">\n                    <a react-data=\"be-react-2\" post-id=\"5994\" class=\"be-face-icons un-reacted\" href=\"javascript:void(0)\">\n                        <img decoding=\"async\" src=\"https:\/\/radionorteatacama.cl\/wp-content\/plugins\/booster-extension\/\/assets\/icon\/sad.svg\" alt=\"Sad\">\n                    <\/a>\n                    <div class=\"twp-reaction-title\">\n                        Sad                    <\/div>\n                    <div class=\"twp-count-percent\">\n                                                    <span style=\"display: none;\" class=\"twp-react-count\">0<\/span>\n                                                                        <span class=\"twp-react-percent\"><span>0<\/span> %<\/span>\n                                            <\/div>\n                <\/div>\n\n                <div class=\"twp-reacts-wrap\">\n                    <a react-data=\"be-react-3\" post-id=\"5994\" class=\"be-face-icons un-reacted\" href=\"javascript:void(0)\">\n                        <img decoding=\"async\" src=\"https:\/\/radionorteatacama.cl\/wp-content\/plugins\/booster-extension\/\/assets\/icon\/excited.svg\" alt=\"Excited\">\n                    <\/a>\n                    <div class=\"twp-reaction-title\">\n                        Excited                    <\/div>\n                    <div class=\"twp-count-percent\">\n                                                    <span style=\"display: none;\" class=\"twp-react-count\">0<\/span>\n                                                                        <span class=\"twp-react-percent\"><span>0<\/span> %<\/span>\n                                            <\/div>\n                <\/div>\n\n                <div class=\"twp-reacts-wrap\">\n                    <a react-data=\"be-react-6\" post-id=\"5994\" class=\"be-face-icons un-reacted\" href=\"javascript:void(0)\">\n                        <img decoding=\"async\" src=\"https:\/\/radionorteatacama.cl\/wp-content\/plugins\/booster-extension\/\/assets\/icon\/sleepy.svg\" alt=\"Sleepy\">\n                    <\/a>\n                    <div class=\"twp-reaction-title\">\n                        Sleepy                    <\/div>\n                    <div class=\"twp-count-percent\">\n                                                    <span style=\"display: none;\" class=\"twp-react-count\">0<\/span>\n                        \n                                                <span class=\"twp-react-percent\"><span>0<\/span> %<\/span>\n                                            <\/div>\n                <\/div>\n\n                <div class=\"twp-reacts-wrap\">\n                    <a react-data=\"be-react-4\" post-id=\"5994\" class=\"be-face-icons un-reacted\" href=\"javascript:void(0)\">\n                        <img decoding=\"async\" src=\"https:\/\/radionorteatacama.cl\/wp-content\/plugins\/booster-extension\/\/assets\/icon\/angry.svg\" alt=\"Angry\">\n                    <\/a>\n                    <div class=\"twp-reaction-title\">Angry<\/div>\n                    <div class=\"twp-count-percent\">\n                                                    <span style=\"display: none;\" class=\"twp-react-count\">0<\/span>\n                                                                        <span class=\"twp-react-percent\"><span>0<\/span> %<\/span>\n                        \n                    <\/div>\n                <\/div>\n\n                <div class=\"twp-reacts-wrap\">\n                    <a react-data=\"be-react-5\" post-id=\"5994\" class=\"be-face-icons un-reacted\" href=\"javascript:void(0)\">\n                        <img decoding=\"async\" src=\"https:\/\/radionorteatacama.cl\/wp-content\/plugins\/booster-extension\/\/assets\/icon\/surprise.svg\" alt=\"Surprise\">\n                    <\/a>\n                    <div class=\"twp-reaction-title\">Surprise<\/div>\n                    <div class=\"twp-count-percent\">\n                                                    <span style=\"display: none;\" class=\"twp-react-count\">0<\/span>\n                                                                        <span class=\"twp-react-percent\"><span>0<\/span> %<\/span>\n                                            <\/div>\n                <\/div>\n\n            <\/div>\n        <\/div>\n\n    ","protected":false},"excerpt":{"rendered":"<p>\u2022Peque\u00f1os mineros participaron en las jornadas de sensibilizaci\u00f3n en materia de seguridad y salud ocupacional organizado por el Comit\u00e9 Regional de Seguridad Minera, Coresemin- Atacama, en conjunto con Seremi de Miner\u00eda, Enami y empresas proveedoras. Las jornadas se realizaron el 23 de agosto y 6 de septiembre en oficinas de Enami del Salado y Vallenar, [&hellip;]<\/p>\n","protected":false},"author":1,"featured_media":0,"comment_status":"open","ping_status":"open","sticky":false,"template":"","format":"standard","meta":{"_joinchat":[],"footnotes":""},"categories":[1],"tags":[],"class_list":["post-5994","post","type-post","status-publish","format-standard","hentry","category-uncategorized"],"jetpack_featured_media_url":"","blog_post_layout_featured_media_urls":{"thumbnail":"","full":""},"categories_names":{"1":{"name":"Uncategorized","link":"https:\/\/radionorteatacama.cl\/index.php\/category\/uncategorized\/"}},"tags_names":[],"comments_number":"0","_links":{"self":[{"href":"https:\/\/radionorteatacama.cl\/index.php\/wp-json\/wp\/v2\/posts\/5994","targetHints":{"allow":["GET"]}}],"collection":[{"href":"https:\/\/radionorteatacama.cl\/index.php\/wp-json\/wp\/v2\/posts"}],"about":[{"href":"https:\/\/radionorteatacama.cl\/index.php\/wp-json\/wp\/v2\/types\/post"}],"author":[{"embeddable":true,"href":"https:\/\/radionorteatacama.cl\/index.php\/wp-json\/wp\/v2\/users\/1"}],"replies":[{"embeddable":true,"href":"https:\/\/radionorteatacama.cl\/index.php\/wp-json\/wp\/v2\/comments?post=5994"}],"version-history":[{"count":1,"href":"https:\/\/radionorteatacama.cl\/index.php\/wp-json\/wp\/v2\/posts\/5994\/revisions"}],"predecessor-version":[{"id":6001,"href":"https:\/\/radionorteatacama.cl\/index.php\/wp-json\/wp\/v2\/posts\/5994\/revisions\/6001"}],"wp:attachment":[{"href":"https:\/\/radionorteatacama.cl\/index.php\/wp-json\/wp\/v2\/media?parent=5994"}],"wp:term":[{"taxonomy":"category","embeddable":true,"href":"https:\/\/radionorteatacama.cl\/index.php\/wp-json\/wp\/v2\/categories?post=5994"},{"taxonomy":"post_tag","embeddable":true,"href":"https:\/\/radionorteatacama.cl\/index.php\/wp-json\/wp\/v2\/tags?post=5994"}],"curies":[{"name":"wp","href":"https:\/\/api.w.org\/{rel}","templated":true}]}}