{"id":5991,"date":"2023-09-06T16:46:07","date_gmt":"2023-09-06T16:46:07","guid":{"rendered":"http:\/\/radionorteatacama.cl\/?p=5991"},"modified":"2023-09-06T16:46:07","modified_gmt":"2023-09-06T16:46:07","slug":"comunidades-rurales-iniciaron-proyecto-sensibilizacion-y-educacion-ambiental-en-vallenar","status":"publish","type":"post","link":"https:\/\/radionorteatacama.cl\/index.php\/2023\/09\/06\/comunidades-rurales-iniciaron-proyecto-sensibilizacion-y-educacion-ambiental-en-vallenar\/","title":{"rendered":"Comunidades Rurales iniciaron proyecto sensibilizaci\u00f3n y educaci\u00f3n ambiental en Vallenar."},"content":{"rendered":"<div class='booster-block booster-read-block'>\n                <div class=\"twp-read-time\">\n                \t<i class=\"booster-icon twp-clock\"><\/i> <span>Read Time:<\/span>2 Minute, 19 Second                <\/div>\n\n            <\/div><p>Comunidades Rurales iniciaron proyecto sensibilizaci\u00f3n y educaci\u00f3n ambiental en Vallenar.<\/p>\n<p>Se trata de hacer un uso eficiente de tecnolog\u00edas alternativas que permitan aprovechar la energ\u00eda solar en actividades diarias del hogar.<\/p>\n<p>Dos comunidades rurales, ubicadas a unos 7 kil\u00f3metros al interior de la ciudad de Vallenar en el sector de La Posada y Las Porotas, fueron beneficiadas para desarrollar en conjunto una iniciativa financiada por el Fondo de Protecci\u00f3n Ambiental FPA, denominado \u201cUnidas por un planeta m\u00e1s sustentable\u201d que tiene un monto adjudicado de 6 millones de pesos.  <\/p>\n<p>El proyecto est\u00e1 orientado a desarrollar un proceso de sensibilizaci\u00f3n y educaci\u00f3n ambiental, que contribuya al cuidado y uso eficiente de los recursos existentes en la localidad de Cha\u00f1ar Blanco de la comuna de Vallenar. Busca lograrlo a trav\u00e9s de la construcci\u00f3n de \u201collas brujas\u201d y el uso eficiente de la energ\u00eda solar a trav\u00e9s de calentamiento de agua en botellas pl\u00e1sticas en actividades de aseo dom\u00e9stico. De esta forma, se contribuir\u00e1 a mejorar la calidad de vida y las condiciones ambientales de la comunidad.<\/p>\n<p>En ese \u00e1mbito la SEREMI del Medio Ambiente, Natalia Penroz coment\u00f3 que \u201cles deseamos el mayor de los \u00e9xitos a las juntas de vecinos y vecinas de ambos sectores. El proyecto permitir\u00e1 y contribuir\u00e1 a mejorar la calidad de vida de las comunidades aportando a disminuir el gasto econ\u00f3mico en los hogares\u201d. El proyecto tambi\u00e9n contempla talleres de autoconstrucci\u00f3n, es decir, cada participante trabaja en equipo con otros para obtener el artefacto en que est\u00e1 trabajando. Los talleres se desarrollar\u00e1n en dos juntas de vecinos y una escuela.  <\/p>\n<p>La iniciativa fue explicada por Juan Ignacio Banda, apoyo t\u00e9cnico del proyecto, expresando que \u201cesta iniciativa fue dise\u00f1ada participativamente por las organizaciones involucradas. Se realizar\u00e1 un proceso educativo, y constructivo que permita utilizar eficientemente las energ\u00edas con las cuales disponemos y que \u00e9stas nos ayuden a cuidar nuestros recursos naturales. Tambi\u00e9n se desarrollar\u00e1 plantaci\u00f3n de al menos 30 \u00e1rboles. Todo acompa\u00f1ado de material educativo relacionado, difusi\u00f3n y visibilizaci\u00f3n de las actividades y logros alcanzados\u201d.<\/p>\n<p>Del Mismo Modo, Gricelda \u00c1lvarez Flores, Presidenta de la Junta de Vecinos La Posada, agreg\u00f3 que \u201cpor primera vez participamos con el Fondo de Protecci\u00f3n Ambiental y ahora trabajamos unidas con la comunidad Las Porotas por el bien del medio ambiente agrupando entre 60 y 70 vecinas y vecinos y estamos felices con el proyecto para seguir aportando hacia la comunidad con un ambiente libre de contaminaci\u00f3n\u201d.  <\/p>\n<p>El Fondo de Protecci\u00f3n Ambiental, financia iniciativas de agrupaciones ciudadanas, escolares y de pueblos originarios, relacionadas mejorar el uso del recurso h\u00eddrico, eficiencia energ\u00e9tica, manejo de residuos, cuidado de la biodiversidad, descontaminaci\u00f3n ambiental y cambio clim\u00e1tico. La convocatoria 2024 est\u00e1 abierta hasta el 26 de septiembre y para acceder a m\u00e1s informaci\u00f3n, te invitamos a revisar la p\u00e1gina fondos.mma.gob.cl<img loading=\"lazy\" decoding=\"async\" src=\"http:\/\/radionorteatacama.cl\/wp-content\/uploads\/2023\/09\/IMG_1581-300x200.jpg\" alt=\"\" width=\"300\" height=\"200\" class=\"alignnone size-medium wp-image-5992\" srcset=\"https:\/\/radionorteatacama.cl\/wp-content\/uploads\/2023\/09\/IMG_1581-300x200.jpg 300w, https:\/\/radionorteatacama.cl\/wp-content\/uploads\/2023\/09\/IMG_1581-1024x683.jpg 1024w, https:\/\/radionorteatacama.cl\/wp-content\/uploads\/2023\/09\/IMG_1581-768x512.jpg 768w, https:\/\/radionorteatacama.cl\/wp-content\/uploads\/2023\/09\/IMG_1581-1536x1024.jpg 1536w, https:\/\/radionorteatacama.cl\/wp-content\/uploads\/2023\/09\/IMG_1581-2048x1365.jpg 2048w\" sizes=\"auto, (max-width: 300px) 100vw, 300px\" \/><\/p>\n        <div class=\"booster-block booster-reactions-block\">\n            <div class=\"twp-reactions-icons\">\n                \n                <div class=\"twp-reacts-wrap\">\n                    <a react-data=\"be-react-1\" post-id=\"5991\" class=\"be-face-icons un-reacted\" href=\"javascript:void(0)\">\n                        <img decoding=\"async\" src=\"https:\/\/radionorteatacama.cl\/wp-content\/plugins\/booster-extension\/\/assets\/icon\/happy.svg\" alt=\"Happy\">\n                    <\/a>\n                    <div class=\"twp-reaction-title\">\n                        Happy                    <\/div>\n                    <div class=\"twp-count-percent\">\n                                                    <span style=\"display: none;\" class=\"twp-react-count\">0<\/span>\n                        \n                                                <span class=\"twp-react-percent\"><span>0<\/span> %<\/span>\n                                            <\/div>\n                <\/div>\n\n                <div class=\"twp-reacts-wrap\">\n                    <a react-data=\"be-react-2\" post-id=\"5991\" class=\"be-face-icons un-reacted\" href=\"javascript:void(0)\">\n                        <img decoding=\"async\" src=\"https:\/\/radionorteatacama.cl\/wp-content\/plugins\/booster-extension\/\/assets\/icon\/sad.svg\" alt=\"Sad\">\n                    <\/a>\n                    <div class=\"twp-reaction-title\">\n                        Sad                    <\/div>\n                    <div class=\"twp-count-percent\">\n                                                    <span style=\"display: none;\" class=\"twp-react-count\">0<\/span>\n                                                                        <span class=\"twp-react-percent\"><span>0<\/span> %<\/span>\n                                            <\/div>\n                <\/div>\n\n                <div class=\"twp-reacts-wrap\">\n                    <a react-data=\"be-react-3\" post-id=\"5991\" class=\"be-face-icons un-reacted\" href=\"javascript:void(0)\">\n                        <img decoding=\"async\" src=\"https:\/\/radionorteatacama.cl\/wp-content\/plugins\/booster-extension\/\/assets\/icon\/excited.svg\" alt=\"Excited\">\n                    <\/a>\n                    <div class=\"twp-reaction-title\">\n                        Excited                    <\/div>\n                    <div class=\"twp-count-percent\">\n                                                    <span style=\"display: none;\" class=\"twp-react-count\">0<\/span>\n                                                                        <span class=\"twp-react-percent\"><span>0<\/span> %<\/span>\n                                            <\/div>\n                <\/div>\n\n                <div class=\"twp-reacts-wrap\">\n                    <a react-data=\"be-react-6\" post-id=\"5991\" class=\"be-face-icons un-reacted\" href=\"javascript:void(0)\">\n                        <img decoding=\"async\" src=\"https:\/\/radionorteatacama.cl\/wp-content\/plugins\/booster-extension\/\/assets\/icon\/sleepy.svg\" alt=\"Sleepy\">\n                    <\/a>\n                    <div class=\"twp-reaction-title\">\n                        Sleepy                    <\/div>\n                    <div class=\"twp-count-percent\">\n                                                    <span style=\"display: none;\" class=\"twp-react-count\">0<\/span>\n                        \n                                                <span class=\"twp-react-percent\"><span>0<\/span> %<\/span>\n                                            <\/div>\n                <\/div>\n\n                <div class=\"twp-reacts-wrap\">\n                    <a react-data=\"be-react-4\" post-id=\"5991\" class=\"be-face-icons un-reacted\" href=\"javascript:void(0)\">\n                        <img decoding=\"async\" src=\"https:\/\/radionorteatacama.cl\/wp-content\/plugins\/booster-extension\/\/assets\/icon\/angry.svg\" alt=\"Angry\">\n                    <\/a>\n                    <div class=\"twp-reaction-title\">Angry<\/div>\n                    <div class=\"twp-count-percent\">\n                                                    <span style=\"display: none;\" class=\"twp-react-count\">0<\/span>\n                                                                        <span class=\"twp-react-percent\"><span>0<\/span> %<\/span>\n                        \n                    <\/div>\n                <\/div>\n\n                <div class=\"twp-reacts-wrap\">\n                    <a react-data=\"be-react-5\" post-id=\"5991\" class=\"be-face-icons un-reacted\" href=\"javascript:void(0)\">\n                        <img decoding=\"async\" src=\"https:\/\/radionorteatacama.cl\/wp-content\/plugins\/booster-extension\/\/assets\/icon\/surprise.svg\" alt=\"Surprise\">\n                    <\/a>\n                    <div class=\"twp-reaction-title\">Surprise<\/div>\n                    <div class=\"twp-count-percent\">\n                                                    <span style=\"display: none;\" class=\"twp-react-count\">0<\/span>\n                                                                        <span class=\"twp-react-percent\"><span>0<\/span> %<\/span>\n                                            <\/div>\n                <\/div>\n\n            <\/div>\n        <\/div>\n\n    ","protected":false},"excerpt":{"rendered":"<p>Comunidades Rurales iniciaron proyecto sensibilizaci\u00f3n y educaci\u00f3n ambiental en Vallenar. Se trata de hacer un uso eficiente de tecnolog\u00edas alternativas que permitan aprovechar la energ\u00eda solar en actividades diarias del hogar. Dos comunidades rurales, ubicadas a unos 7 kil\u00f3metros al interior de la ciudad de Vallenar en el sector de La Posada y Las Porotas, [&hellip;]<\/p>\n","protected":false},"author":1,"featured_media":0,"comment_status":"open","ping_status":"open","sticky":false,"template":"","format":"standard","meta":{"_joinchat":[],"footnotes":""},"categories":[1],"tags":[],"class_list":["post-5991","post","type-post","status-publish","format-standard","hentry","category-uncategorized"],"jetpack_featured_media_url":"","blog_post_layout_featured_media_urls":{"thumbnail":"","full":""},"categories_names":{"1":{"name":"Uncategorized","link":"https:\/\/radionorteatacama.cl\/index.php\/category\/uncategorized\/"}},"tags_names":[],"comments_number":"0","_links":{"self":[{"href":"https:\/\/radionorteatacama.cl\/index.php\/wp-json\/wp\/v2\/posts\/5991","targetHints":{"allow":["GET"]}}],"collection":[{"href":"https:\/\/radionorteatacama.cl\/index.php\/wp-json\/wp\/v2\/posts"}],"about":[{"href":"https:\/\/radionorteatacama.cl\/index.php\/wp-json\/wp\/v2\/types\/post"}],"author":[{"embeddable":true,"href":"https:\/\/radionorteatacama.cl\/index.php\/wp-json\/wp\/v2\/users\/1"}],"replies":[{"embeddable":true,"href":"https:\/\/radionorteatacama.cl\/index.php\/wp-json\/wp\/v2\/comments?post=5991"}],"version-history":[{"count":1,"href":"https:\/\/radionorteatacama.cl\/index.php\/wp-json\/wp\/v2\/posts\/5991\/revisions"}],"predecessor-version":[{"id":5993,"href":"https:\/\/radionorteatacama.cl\/index.php\/wp-json\/wp\/v2\/posts\/5991\/revisions\/5993"}],"wp:attachment":[{"href":"https:\/\/radionorteatacama.cl\/index.php\/wp-json\/wp\/v2\/media?parent=5991"}],"wp:term":[{"taxonomy":"category","embeddable":true,"href":"https:\/\/radionorteatacama.cl\/index.php\/wp-json\/wp\/v2\/categories?post=5991"},{"taxonomy":"post_tag","embeddable":true,"href":"https:\/\/radionorteatacama.cl\/index.php\/wp-json\/wp\/v2\/tags?post=5991"}],"curies":[{"name":"wp","href":"https:\/\/api.w.org\/{rel}","templated":true}]}}