{"id":5988,"date":"2023-09-06T12:28:52","date_gmt":"2023-09-06T12:28:52","guid":{"rendered":"http:\/\/radionorteatacama.cl\/?p=5988"},"modified":"2023-09-06T12:28:52","modified_gmt":"2023-09-06T12:28:52","slug":"ilustre-municipalidad-caldera-4","status":"publish","type":"post","link":"https:\/\/radionorteatacama.cl\/index.php\/2023\/09\/06\/ilustre-municipalidad-caldera-4\/","title":{"rendered":"Ilustre Municipalidad Caldera"},"content":{"rendered":"<div class='booster-block booster-read-block'>\n                <div class=\"twp-read-time\">\n                \t<i class=\"booster-icon twp-clock\"><\/i> <span>Read Time:<\/span>1 Minute, 33 Second                <\/div>\n\n            <\/div><p><img loading=\"lazy\" decoding=\"async\" src=\"http:\/\/radionorteatacama.cl\/wp-content\/uploads\/2023\/09\/1694003269553-300x169.jpg\" alt=\"\" width=\"300\" height=\"169\" class=\"alignnone size-medium wp-image-5989\" srcset=\"https:\/\/radionorteatacama.cl\/wp-content\/uploads\/2023\/09\/1694003269553-300x169.jpg 300w, https:\/\/radionorteatacama.cl\/wp-content\/uploads\/2023\/09\/1694003269553.jpg 720w\" sizes=\"auto, (max-width: 300px) 100vw, 300px\" \/><\/p>\n<p>GOBIERNO CONTEMPLA CONCESI\u00d3N DEL AEROPUERTO REGIONAL DE ATACAMA PARA EL \u00daLTIMO TRIMESTRE DEL 2023.<\/p>\n<p>Esta obra considera la ampliaci\u00f3n y mejoramiento del Edificio Terminal de Pasajeros, pasando desde los 2.952 metros cuadrados (m2) actuales a m\u00e1s de 18.000 m2. Junto a ello se considera la construcci\u00f3n de cuatro puentes de embarque, la ampliaci\u00f3n y modificaci\u00f3n de la vialidad vehicular y peatonal de circulaci\u00f3n interior del Aeropuerto; la ampliaci\u00f3n y redistribuci\u00f3n del \u00e1rea de estacionamientos vehiculares, la construcci\u00f3n de Instalaciones Aeron\u00e1uticas y la construcci\u00f3n de obras en el sector del \u00e1rea de movimiento de aviones.<\/p>\n<p>Durante su visita a la Regi\u00f3n de Atacama el Subsecretario de Obras P\u00fablicas, Jos\u00e9 Andr\u00e9s Herrera, se\u00f1al\u00f3 que \u201cla Direcci\u00f3n General de Concesiones tiene programado licitar tres aeropuertos este a\u00f1o, el de La Araucan\u00eda en agosto y los de la Red Norte, Desierto de Atacama y Andr\u00e9s Sabella, en el \u00faltimo trimestre del 2023, con una inversi\u00f3n programada de casi 153 mil millones de pesos\u201d.<\/p>\n<p>El Aeropuerto Regional se encuentra ubicado en la comuna de Caldera, a 50 km al noroeste de la ciudad de Copiap\u00f3, por la ruta 5 y s\u00f3lo a 20 kil\u00f3metros de la ciudad de Caldera y el balneario de Bah\u00eda Inglesa, en la regi\u00f3n de Atacama.<\/p>\n<p>El proyecto de la nueva concesi\u00f3n que considera la Ampliaci\u00f3n y Mejoramiento del Aeropuerto Desierto de Atacama, contempla la construcci\u00f3n de un edificio sustentable, con patios interiores de luz, para aprovechar de mejor manera la luz natural, paisajismo con naturaleza end\u00e9mica, dise\u00f1o de arquitectura concordante con el entorno des\u00e9rtico y dunas, muros expositivos con identidad regional de la cultura ancestral de la regi\u00f3n de Atacama, dise\u00f1o con criterio de equidad de g\u00e9nero y accesibilidad universal, \u00e1reas de negocio, esparcimiento, juegos infantiles, \u00e1reas para el desarrollo inmobiliario con visi\u00f3n de futuro, habilitaci\u00f3n de \u00e1reas para SAG, PDI y Aduanas, ante eventuales vuelos internacionales.<\/p>\n        <div class=\"booster-block booster-reactions-block\">\n            <div class=\"twp-reactions-icons\">\n                \n                <div class=\"twp-reacts-wrap\">\n                    <a react-data=\"be-react-1\" post-id=\"5988\" class=\"be-face-icons un-reacted\" href=\"javascript:void(0)\">\n                        <img decoding=\"async\" src=\"https:\/\/radionorteatacama.cl\/wp-content\/plugins\/booster-extension\/\/assets\/icon\/happy.svg\" alt=\"Happy\">\n                    <\/a>\n                    <div class=\"twp-reaction-title\">\n                        Happy                    <\/div>\n                    <div class=\"twp-count-percent\">\n                                                    <span style=\"display: none;\" class=\"twp-react-count\">0<\/span>\n                        \n                                                <span class=\"twp-react-percent\"><span>0<\/span> %<\/span>\n                                            <\/div>\n                <\/div>\n\n                <div class=\"twp-reacts-wrap\">\n                    <a react-data=\"be-react-2\" post-id=\"5988\" class=\"be-face-icons un-reacted\" href=\"javascript:void(0)\">\n                        <img decoding=\"async\" src=\"https:\/\/radionorteatacama.cl\/wp-content\/plugins\/booster-extension\/\/assets\/icon\/sad.svg\" alt=\"Sad\">\n                    <\/a>\n                    <div class=\"twp-reaction-title\">\n                        Sad                    <\/div>\n                    <div class=\"twp-count-percent\">\n                                                    <span style=\"display: none;\" class=\"twp-react-count\">0<\/span>\n                                                                        <span class=\"twp-react-percent\"><span>0<\/span> %<\/span>\n                                            <\/div>\n                <\/div>\n\n                <div class=\"twp-reacts-wrap\">\n                    <a react-data=\"be-react-3\" post-id=\"5988\" class=\"be-face-icons un-reacted\" href=\"javascript:void(0)\">\n                        <img decoding=\"async\" src=\"https:\/\/radionorteatacama.cl\/wp-content\/plugins\/booster-extension\/\/assets\/icon\/excited.svg\" alt=\"Excited\">\n                    <\/a>\n                    <div class=\"twp-reaction-title\">\n                        Excited                    <\/div>\n                    <div class=\"twp-count-percent\">\n                                                    <span style=\"display: none;\" class=\"twp-react-count\">0<\/span>\n                                                                        <span class=\"twp-react-percent\"><span>0<\/span> %<\/span>\n                                            <\/div>\n                <\/div>\n\n                <div class=\"twp-reacts-wrap\">\n                    <a react-data=\"be-react-6\" post-id=\"5988\" class=\"be-face-icons un-reacted\" href=\"javascript:void(0)\">\n                        <img decoding=\"async\" src=\"https:\/\/radionorteatacama.cl\/wp-content\/plugins\/booster-extension\/\/assets\/icon\/sleepy.svg\" alt=\"Sleepy\">\n                    <\/a>\n                    <div class=\"twp-reaction-title\">\n                        Sleepy                    <\/div>\n                    <div class=\"twp-count-percent\">\n                                                    <span style=\"display: none;\" class=\"twp-react-count\">0<\/span>\n                        \n                                                <span class=\"twp-react-percent\"><span>0<\/span> %<\/span>\n                                            <\/div>\n                <\/div>\n\n                <div class=\"twp-reacts-wrap\">\n                    <a react-data=\"be-react-4\" post-id=\"5988\" class=\"be-face-icons un-reacted\" href=\"javascript:void(0)\">\n                        <img decoding=\"async\" src=\"https:\/\/radionorteatacama.cl\/wp-content\/plugins\/booster-extension\/\/assets\/icon\/angry.svg\" alt=\"Angry\">\n                    <\/a>\n                    <div class=\"twp-reaction-title\">Angry<\/div>\n                    <div class=\"twp-count-percent\">\n                                                    <span style=\"display: none;\" class=\"twp-react-count\">0<\/span>\n                                                                        <span class=\"twp-react-percent\"><span>0<\/span> %<\/span>\n                        \n                    <\/div>\n                <\/div>\n\n                <div class=\"twp-reacts-wrap\">\n                    <a react-data=\"be-react-5\" post-id=\"5988\" class=\"be-face-icons un-reacted\" href=\"javascript:void(0)\">\n                        <img decoding=\"async\" src=\"https:\/\/radionorteatacama.cl\/wp-content\/plugins\/booster-extension\/\/assets\/icon\/surprise.svg\" alt=\"Surprise\">\n                    <\/a>\n                    <div class=\"twp-reaction-title\">Surprise<\/div>\n                    <div class=\"twp-count-percent\">\n                                                    <span style=\"display: none;\" class=\"twp-react-count\">0<\/span>\n                                                                        <span class=\"twp-react-percent\"><span>0<\/span> %<\/span>\n                                            <\/div>\n                <\/div>\n\n            <\/div>\n        <\/div>\n\n    ","protected":false},"excerpt":{"rendered":"<p>GOBIERNO CONTEMPLA CONCESI\u00d3N DEL AEROPUERTO REGIONAL DE ATACAMA PARA EL \u00daLTIMO TRIMESTRE DEL 2023. Esta obra considera la ampliaci\u00f3n y mejoramiento del Edificio Terminal de Pasajeros, pasando desde los 2.952 metros cuadrados (m2) actuales a m\u00e1s de 18.000 m2. Junto a ello se considera la construcci\u00f3n de cuatro puentes de embarque, la ampliaci\u00f3n y modificaci\u00f3n [&hellip;]<\/p>\n","protected":false},"author":1,"featured_media":0,"comment_status":"open","ping_status":"open","sticky":false,"template":"","format":"standard","meta":{"_joinchat":[],"footnotes":""},"categories":[1],"tags":[],"class_list":["post-5988","post","type-post","status-publish","format-standard","hentry","category-uncategorized"],"jetpack_featured_media_url":"","blog_post_layout_featured_media_urls":{"thumbnail":"","full":""},"categories_names":{"1":{"name":"Uncategorized","link":"https:\/\/radionorteatacama.cl\/index.php\/category\/uncategorized\/"}},"tags_names":[],"comments_number":"0","_links":{"self":[{"href":"https:\/\/radionorteatacama.cl\/index.php\/wp-json\/wp\/v2\/posts\/5988","targetHints":{"allow":["GET"]}}],"collection":[{"href":"https:\/\/radionorteatacama.cl\/index.php\/wp-json\/wp\/v2\/posts"}],"about":[{"href":"https:\/\/radionorteatacama.cl\/index.php\/wp-json\/wp\/v2\/types\/post"}],"author":[{"embeddable":true,"href":"https:\/\/radionorteatacama.cl\/index.php\/wp-json\/wp\/v2\/users\/1"}],"replies":[{"embeddable":true,"href":"https:\/\/radionorteatacama.cl\/index.php\/wp-json\/wp\/v2\/comments?post=5988"}],"version-history":[{"count":1,"href":"https:\/\/radionorteatacama.cl\/index.php\/wp-json\/wp\/v2\/posts\/5988\/revisions"}],"predecessor-version":[{"id":5990,"href":"https:\/\/radionorteatacama.cl\/index.php\/wp-json\/wp\/v2\/posts\/5988\/revisions\/5990"}],"wp:attachment":[{"href":"https:\/\/radionorteatacama.cl\/index.php\/wp-json\/wp\/v2\/media?parent=5988"}],"wp:term":[{"taxonomy":"category","embeddable":true,"href":"https:\/\/radionorteatacama.cl\/index.php\/wp-json\/wp\/v2\/categories?post=5988"},{"taxonomy":"post_tag","embeddable":true,"href":"https:\/\/radionorteatacama.cl\/index.php\/wp-json\/wp\/v2\/tags?post=5988"}],"curies":[{"name":"wp","href":"https:\/\/api.w.org\/{rel}","templated":true}]}}