{"id":5970,"date":"2023-09-06T12:11:27","date_gmt":"2023-09-06T12:11:27","guid":{"rendered":"http:\/\/radionorteatacama.cl\/?p=5970"},"modified":"2023-09-06T12:11:27","modified_gmt":"2023-09-06T12:11:27","slug":"comunidad-indigena-diaguita-chiguinto-inicio-proyecto-fpa-en-alto-del-carmen","status":"publish","type":"post","link":"https:\/\/radionorteatacama.cl\/index.php\/2023\/09\/06\/comunidad-indigena-diaguita-chiguinto-inicio-proyecto-fpa-en-alto-del-carmen\/","title":{"rendered":"Comunidad Ind\u00edgena Diaguita Chig\u00fcinto inici\u00f3 Proyecto FPA en Alto del Carmen"},"content":{"rendered":"<div class='booster-block booster-read-block'>\n                <div class=\"twp-read-time\">\n                \t<i class=\"booster-icon twp-clock\"><\/i> <span>Read Time:<\/span>4 Minute, 45 Second                <\/div>\n\n            <\/div><p>Comunidad Ind\u00edgena Diaguita Chig\u00fcinto inici\u00f3 Proyecto FPA en Alto del Carmen<br \/>\nEl proyecto contempla la instalaci\u00f3n de termos solares, para generar agua caliente con el uso de energ\u00eda renovable, lo que beneficiar\u00e1 a cerca de una treintena de vecinos y vecinas en esa localidad.<br \/>\nFelices y contentos estaban los habitantes de la Comunidad Ind\u00edgena Diaguita Chig\u00fcinto, con el lanzamiento del proyecto financiado por el Fondo de Protecci\u00f3n Ambiental (FPA) que se va a desarrollar en la localidad del mismo nombre en la comuna de Alto del Carmen, y que permitir\u00e1 disponer de agua caliente durante todo el a\u00f1o. Esta instalaci\u00f3n, ser\u00e1 complementada con talleres de Educaci\u00f3n Ambiental y de uso y mantenci\u00f3n de los equipos instalados.<br \/>\nEn la ceremonia de lanzamiento, la comunidad diaguita celebr\u00f3 junto a la SEREMI del Medio Ambiente, Natalia Penroz, el Alcalde de la Comuna, Cristian Olivares, el profesional encargado de FPA, Carlos Olivares, funcionarios municipales y vecinas y vecinos beneficiados con la iniciativa.<br \/>\nEn la actividad, la Seremi del Medio Ambiente, Natalia Penroz destac\u00f3 que \u201ceste proyecto que financia el Fondo de Protecci\u00f3n Ambiental, es una iniciativa que permite disponer de termos solares para integrantes de la Comunidad Ind\u00edgena Diaguita de Chig\u00fcinto en Alto del Carmen, lo que nos parece relevante porque viene a buscar soluciones sustentables para el uso dom\u00e9stico de agua calentada con energ\u00eda solar, que es una energ\u00eda renovable abundante en nuestra regi\u00f3n y as\u00ed podemos dejar de utilizar otras formas de energ\u00eda que generan alg\u00fan tipo de contaminaci\u00f3n, como gas o le\u00f1a\u201d.<br \/>\nErika Cort\u00e9s, presidenta de la Comunidad Ind\u00edgena Diaguita, afirm\u00f3 que \u201cpara nosotros es muy gratificante haber obtenido este proyecto para poder implementarlo con nuestra comunidad. Fue postulado en varias veces anteriores y ahora logramos nuestro objetivo de contar con estos sistemas termo solares, en las viviendas de los socios que fueron favorecidos y promover as\u00ed el uso de energ\u00edas limpias y renovables. Los termos solares nos permitir\u00e1n hacer un importante ahorro energ\u00e9tico y econ\u00f3mico. As\u00ed no gastamos gas, ni quemamos le\u00f1a de \u00e1rboles nativos para calentar el agua de la ducha, ahorramos el gas donde cocinamos nuestros alimentos y a la vez no contaminaremos el aire\u201d.<br \/>\nCristian Olivares, Alcalde de la Comuna de Alto del Carmen, se\u00f1al\u00f3 que \u201cpara nosotros es s\u00faper importante contar con este beneficio se hace uso de mejor forma las energ\u00edas del sol y tambi\u00e9n<\/p>\n<p>1 \/ 2<\/p>\n<p>Copiap\u00f3, 01 de septiembre del 2023<br \/>\nComunidad Ind\u00edgena Diaguita Chig\u00fcinto inici\u00f3 Proyecto FPA en Alto del Carmen<br \/>\nEl proyecto contempla la instalaci\u00f3n de termos solares, para generar agua caliente con el uso de energ\u00eda renovable, lo que beneficiar\u00e1 a cerca de una treintena de vecinos y vecinas en esa localidad.<br \/>\nFelices y contentos estaban los habitantes de la Comunidad Ind\u00edgena Diaguita Chig\u00fcinto, con el lanzamiento del proyecto financiado por el Fondo de Protecci\u00f3n Ambiental (FPA) que se va a desarrollar en la localidad del mismo nombre en la comuna de Alto del Carmen, y que permitir\u00e1 disponer de agua caliente durante todo el a\u00f1o. Esta instalaci\u00f3n, ser\u00e1 complementada con talleres de Educaci\u00f3n Ambiental y de uso y mantenci\u00f3n de los equipos instalados.<br \/>\nEn la ceremonia de lanzamiento, la comunidad diaguita celebr\u00f3 junto a la SEREMI del Medio Ambiente, Natalia Penroz, el Alcalde de la Comuna, Cristian Olivares, el profesional encargado de FPA, Carlos Olivares, funcionarios municipales y vecinas y vecinos beneficiados con la iniciativa.<br \/>\nEn la actividad, la Seremi del Medio Ambiente, Natalia Penroz destac\u00f3 que \u201ceste proyecto que financia el Fondo de Protecci\u00f3n Ambiental, es una iniciativa que permite disponer de termos solares para integrantes de la Comunidad Ind\u00edgena Diaguita de Chig\u00fcinto en Alto del Carmen, lo que nos parece relevante porque viene a buscar soluciones sustentables para el uso dom\u00e9stico de agua calentada con energ\u00eda solar, que es una energ\u00eda renovable abundante en nuestra regi\u00f3n y as\u00ed podemos dejar de utilizar otras formas de energ\u00eda que generan alg\u00fan tipo de contaminaci\u00f3n, como gas o le\u00f1a\u201d.<br \/>\nErika Cort\u00e9s, presidenta de la Comunidad Ind\u00edgena Diaguita, afirm\u00f3 que \u201cpara nosotros es muy gratificante haber obtenido este proyecto para poder implementarlo con nuestra comunidad. Fue postulado en varias veces anteriores y ahora logramos nuestro objetivo de contar con estos sistemas termo solares, en las viviendas de los socios que fueron favorecidos y promover as\u00ed el uso de energ\u00edas limpias y renovables. Los termos solares nos permitir\u00e1n hacer un importante ahorro energ\u00e9tico y econ\u00f3mico. As\u00ed no gastamos gas, ni quemamos le\u00f1a de \u00e1rboles nativos para calentar el agua de la ducha, ahorramos el gas donde cocinamos nuestros alimentos y a la vez no contaminaremos el aire\u201d.<br \/>\nCristian Olivares, Alcalde de la Comuna de Alto del Carmen, se\u00f1al\u00f3 que \u201cpara nosotros es s\u00faper importante contar con este beneficio se hace uso de mejor forma las energ\u00edas del sol y tambi\u00e9n<br \/>\n2 \/ 2<br \/>\nayuda para que las comunidades ind\u00edgenas tengan un mejor desarrollo econ\u00f3mico y esto ayuda bastante con los termo solares. En nuestra comuna se han desarrollado bastantes proyectos financiados por el Fondo de Protecci\u00f3n Ambiental y la idea es que contin\u00faen postulando todas las comunidades ind\u00edgenas de la Comuna de Alto del Carmen.<br \/>\nMuchos de los proyectos financiados por el Fondo de Protecci\u00f3n Ambiental generan impactos positivos en esta lucha que estamos dando para detener el calentamiento global. La reutilizaci\u00f3n de aguas grises, instalaci\u00f3n de paneles fotovoltaicos o en la instalaci\u00f3n de termo solares, por ejemplo, nos ayudan a mitigar sus impactos, y lo m\u00e1s importante, van generando conciencia en la construcci\u00f3n de una \u201ccultura ambiental ciudadana\u201d.<br \/>\nSi usted o su instituci\u00f3n desea m\u00e1s informaci\u00f3n para los Proyectos Sustentables Ciudadanos, Proyectos Sustentables en Establecimientos Educacionales y Proyectos Sustentables para Pueblos Ind\u00edgenas, este \u00faltimo dirigido exclusivamente a comunidades y asociaciones ind\u00edgenas, reconocidas por CONADI, visite el sitio web https:\/\/fondos.mma.gob.cl.  <img loading=\"lazy\" decoding=\"async\" src=\"http:\/\/radionorteatacama.cl\/wp-content\/uploads\/2023\/09\/IMG_1454-300x200.jpg\" alt=\"\" width=\"300\" height=\"200\" class=\"alignnone size-medium wp-image-5971\" srcset=\"https:\/\/radionorteatacama.cl\/wp-content\/uploads\/2023\/09\/IMG_1454-300x200.jpg 300w, https:\/\/radionorteatacama.cl\/wp-content\/uploads\/2023\/09\/IMG_1454-1024x683.jpg 1024w, https:\/\/radionorteatacama.cl\/wp-content\/uploads\/2023\/09\/IMG_1454-768x512.jpg 768w, https:\/\/radionorteatacama.cl\/wp-content\/uploads\/2023\/09\/IMG_1454-1536x1024.jpg 1536w, https:\/\/radionorteatacama.cl\/wp-content\/uploads\/2023\/09\/IMG_1454-2048x1365.jpg 2048w\" sizes=\"auto, (max-width: 300px) 100vw, 300px\" \/><\/p>\n        <div class=\"booster-block booster-reactions-block\">\n            <div class=\"twp-reactions-icons\">\n                \n                <div class=\"twp-reacts-wrap\">\n                    <a react-data=\"be-react-1\" post-id=\"5970\" class=\"be-face-icons un-reacted\" href=\"javascript:void(0)\">\n                        <img decoding=\"async\" src=\"https:\/\/radionorteatacama.cl\/wp-content\/plugins\/booster-extension\/\/assets\/icon\/happy.svg\" alt=\"Happy\">\n                    <\/a>\n                    <div class=\"twp-reaction-title\">\n                        Happy                    <\/div>\n                    <div class=\"twp-count-percent\">\n                                                    <span style=\"display: none;\" class=\"twp-react-count\">0<\/span>\n                        \n                                                <span class=\"twp-react-percent\"><span>0<\/span> %<\/span>\n                                            <\/div>\n                <\/div>\n\n                <div class=\"twp-reacts-wrap\">\n                    <a react-data=\"be-react-2\" post-id=\"5970\" class=\"be-face-icons un-reacted\" href=\"javascript:void(0)\">\n                        <img decoding=\"async\" src=\"https:\/\/radionorteatacama.cl\/wp-content\/plugins\/booster-extension\/\/assets\/icon\/sad.svg\" alt=\"Sad\">\n                    <\/a>\n                    <div class=\"twp-reaction-title\">\n                        Sad                    <\/div>\n                    <div class=\"twp-count-percent\">\n                                                    <span style=\"display: none;\" class=\"twp-react-count\">0<\/span>\n                                                                        <span class=\"twp-react-percent\"><span>0<\/span> %<\/span>\n                                            <\/div>\n                <\/div>\n\n                <div class=\"twp-reacts-wrap\">\n                    <a react-data=\"be-react-3\" post-id=\"5970\" class=\"be-face-icons un-reacted\" href=\"javascript:void(0)\">\n                        <img decoding=\"async\" src=\"https:\/\/radionorteatacama.cl\/wp-content\/plugins\/booster-extension\/\/assets\/icon\/excited.svg\" alt=\"Excited\">\n                    <\/a>\n                    <div class=\"twp-reaction-title\">\n                        Excited                    <\/div>\n                    <div class=\"twp-count-percent\">\n                                                    <span style=\"display: none;\" class=\"twp-react-count\">0<\/span>\n                                                                        <span class=\"twp-react-percent\"><span>0<\/span> %<\/span>\n                                            <\/div>\n                <\/div>\n\n                <div class=\"twp-reacts-wrap\">\n                    <a react-data=\"be-react-6\" post-id=\"5970\" class=\"be-face-icons un-reacted\" href=\"javascript:void(0)\">\n                        <img decoding=\"async\" src=\"https:\/\/radionorteatacama.cl\/wp-content\/plugins\/booster-extension\/\/assets\/icon\/sleepy.svg\" alt=\"Sleepy\">\n                    <\/a>\n                    <div class=\"twp-reaction-title\">\n                        Sleepy                    <\/div>\n                    <div class=\"twp-count-percent\">\n                                                    <span style=\"display: none;\" class=\"twp-react-count\">0<\/span>\n                        \n                                                <span class=\"twp-react-percent\"><span>0<\/span> %<\/span>\n                                            <\/div>\n                <\/div>\n\n                <div class=\"twp-reacts-wrap\">\n                    <a react-data=\"be-react-4\" post-id=\"5970\" class=\"be-face-icons un-reacted\" href=\"javascript:void(0)\">\n                        <img decoding=\"async\" src=\"https:\/\/radionorteatacama.cl\/wp-content\/plugins\/booster-extension\/\/assets\/icon\/angry.svg\" alt=\"Angry\">\n                    <\/a>\n                    <div class=\"twp-reaction-title\">Angry<\/div>\n                    <div class=\"twp-count-percent\">\n                                                    <span style=\"display: none;\" class=\"twp-react-count\">0<\/span>\n                                                                        <span class=\"twp-react-percent\"><span>0<\/span> %<\/span>\n                        \n                    <\/div>\n                <\/div>\n\n                <div class=\"twp-reacts-wrap\">\n                    <a react-data=\"be-react-5\" post-id=\"5970\" class=\"be-face-icons un-reacted\" href=\"javascript:void(0)\">\n                        <img decoding=\"async\" src=\"https:\/\/radionorteatacama.cl\/wp-content\/plugins\/booster-extension\/\/assets\/icon\/surprise.svg\" alt=\"Surprise\">\n                    <\/a>\n                    <div class=\"twp-reaction-title\">Surprise<\/div>\n                    <div class=\"twp-count-percent\">\n                                                    <span style=\"display: none;\" class=\"twp-react-count\">0<\/span>\n                                                                        <span class=\"twp-react-percent\"><span>0<\/span> %<\/span>\n                                            <\/div>\n                <\/div>\n\n            <\/div>\n        <\/div>\n\n    ","protected":false},"excerpt":{"rendered":"<p>Comunidad Ind\u00edgena Diaguita Chig\u00fcinto inici\u00f3 Proyecto FPA en Alto del Carmen El proyecto contempla la instalaci\u00f3n de termos solares, para generar agua caliente con el uso de energ\u00eda renovable, lo que beneficiar\u00e1 a cerca de una treintena de vecinos y vecinas en esa localidad. Felices y contentos estaban los habitantes de la Comunidad Ind\u00edgena Diaguita [&hellip;]<\/p>\n","protected":false},"author":1,"featured_media":0,"comment_status":"open","ping_status":"open","sticky":false,"template":"","format":"standard","meta":{"_joinchat":[],"footnotes":""},"categories":[16,17,64,65,66,1,18],"tags":[],"class_list":["post-5970","post","type-post","status-publish","format-standard","hentry","category-announcements","category-education","category-markup","category-post-formats","category-template-2","category-uncategorized","category-web-design"],"jetpack_featured_media_url":"","blog_post_layout_featured_media_urls":{"thumbnail":"","full":""},"categories_names":{"16":{"name":"Announcements","link":"https:\/\/radionorteatacama.cl\/index.php\/category\/announcements\/"},"17":{"name":"Education","link":"https:\/\/radionorteatacama.cl\/index.php\/category\/education\/"},"64":{"name":"Markup","link":"https:\/\/radionorteatacama.cl\/index.php\/category\/markup\/"},"65":{"name":"Post Formats","link":"https:\/\/radionorteatacama.cl\/index.php\/category\/post-formats\/"},"66":{"name":"Template","link":"https:\/\/radionorteatacama.cl\/index.php\/category\/template-2\/"},"1":{"name":"Uncategorized","link":"https:\/\/radionorteatacama.cl\/index.php\/category\/uncategorized\/"},"18":{"name":"Web Design","link":"https:\/\/radionorteatacama.cl\/index.php\/category\/web-design\/"}},"tags_names":[],"comments_number":"0","_links":{"self":[{"href":"https:\/\/radionorteatacama.cl\/index.php\/wp-json\/wp\/v2\/posts\/5970","targetHints":{"allow":["GET"]}}],"collection":[{"href":"https:\/\/radionorteatacama.cl\/index.php\/wp-json\/wp\/v2\/posts"}],"about":[{"href":"https:\/\/radionorteatacama.cl\/index.php\/wp-json\/wp\/v2\/types\/post"}],"author":[{"embeddable":true,"href":"https:\/\/radionorteatacama.cl\/index.php\/wp-json\/wp\/v2\/users\/1"}],"replies":[{"embeddable":true,"href":"https:\/\/radionorteatacama.cl\/index.php\/wp-json\/wp\/v2\/comments?post=5970"}],"version-history":[{"count":1,"href":"https:\/\/radionorteatacama.cl\/index.php\/wp-json\/wp\/v2\/posts\/5970\/revisions"}],"predecessor-version":[{"id":5972,"href":"https:\/\/radionorteatacama.cl\/index.php\/wp-json\/wp\/v2\/posts\/5970\/revisions\/5972"}],"wp:attachment":[{"href":"https:\/\/radionorteatacama.cl\/index.php\/wp-json\/wp\/v2\/media?parent=5970"}],"wp:term":[{"taxonomy":"category","embeddable":true,"href":"https:\/\/radionorteatacama.cl\/index.php\/wp-json\/wp\/v2\/categories?post=5970"},{"taxonomy":"post_tag","embeddable":true,"href":"https:\/\/radionorteatacama.cl\/index.php\/wp-json\/wp\/v2\/tags?post=5970"}],"curies":[{"name":"wp","href":"https:\/\/api.w.org\/{rel}","templated":true}]}}