{"id":5939,"date":"2023-08-25T03:02:03","date_gmt":"2023-08-25T03:02:03","guid":{"rendered":"http:\/\/radionorteatacama.cl\/?p=5939"},"modified":"2023-08-25T03:02:03","modified_gmt":"2023-08-25T03:02:03","slug":"segundo-congreso-de-la-mineria-region-de-atacama","status":"publish","type":"post","link":"https:\/\/radionorteatacama.cl\/index.php\/2023\/08\/25\/segundo-congreso-de-la-mineria-region-de-atacama\/","title":{"rendered":"SEGUNDO CONGRESO DE LA MINER\u00cdA REGI\u00d3N DE ATACAMA"},"content":{"rendered":"<div class='booster-block booster-read-block'>\n                <div class=\"twp-read-time\">\n                \t<i class=\"booster-icon twp-clock\"><\/i> <span>Read Time:<\/span>1 Minute, 57 Second                <\/div>\n\n            <\/div><p>Miguel Vargas Correa, Gobernador Regional de<br \/>\nAtacama, junto a las Asociaciones Mineras,<br \/>\nSindicatos Mineros y Sindicatos de ENAMI de la<br \/>\nregi\u00f3n, saludan atentamente a Ud. y tienen el<br \/>\nagrado de invitarle a participar del \u201cSegundo<br \/>\nCongreso de la Miner\u00eda de Atacama\u201d, instancia que<br \/>\nconvocar\u00e1 a los principales actores del sector<br \/>\nminero, con el objetivo de discutir y elaborar una<br \/>\npropuesta para el desarrollo de la peque\u00f1a y<br \/>\nmediana miner\u00eda de la regi\u00f3n, el presente y futuro<br \/>\nde la fundici\u00f3n Hern\u00e1n Videla Lira y la relaci\u00f3n<br \/>\ntrascendente que debe jugar la Empresa Nacional de<br \/>\nMiner\u00eda (ENAMI) en la regi\u00f3n de Atacama.<br \/>\nDicha actividad se realizar\u00e1 el viernes 25 de agosto,<br \/>\ndesde las 09:00 horas, en el Hotel Las Pircas,<br \/>\nubicado en Avenida Copayapu 95, Copiap\u00f3.<br \/>\nEsperamos contar con su valiosa presencia que dar\u00e1<br \/>\nmayor realce a esta actividad<\/p>\n<p>PROGRAMA<br \/>\nHORARIO ACTIVIDADES<br \/>\n09:00 Acreditaciones participantes<br \/>\n09:15 Saludo de bienvenida<br \/>\nPresentaci\u00f3n: Coro de C\u00e1mara de Copiap\u00f3<br \/>\n09:25 Discurso inaugural Gobernador Regional Sr. Miguel Vargas Correa<br \/>\n09:35 Ponencia Vicepresidente de ENAMI Sr. Iv\u00e1n Mlynarz Puig \u201cProyecto<br \/>\nde Modernizaci\u00f3n de ENAMI\u201d<br \/>\n09:50<br \/>\nPrimer panel: Senadores y Senadora de la Rep\u00fablica de Chile.<br \/>\nTema: Desarrollo, rol y vinculaci\u00f3n de ENAMI en la regi\u00f3n de Atacama<br \/>\ny en el pa\u00eds<br \/>\n10:30 Consultas asistentes y v\u00eda web<br \/>\nCOFFE BREAK<br \/>\n11:30<br \/>\nSegundo panel: Diputados y Diputadas de la Rep\u00fablica de Chile.<br \/>\nTema: Desarrollo, rol y vinculaci\u00f3n de ENAMI en la regi\u00f3n de Atacama<br \/>\ny en el pa\u00eds<br \/>\n12:20 Consultas asistentes y v\u00eda web<br \/>\nALMUERZO<br \/>\n15:00<br \/>\nPonencia Sr. Jorge Troncoso \u201cOportunidades del plan de<br \/>\ndescontaminaci\u00f3n Copiap\u00f3-Tierra Amarilla, para el desarrollo de una<br \/>\nminer\u00eda Sustentable\u201d<br \/>\n15:15<br \/>\nTercer panel:<br \/>\n\u2013 Presidente de la Sociedad Nacional de Miner\u00eda \u2013SONAMI,<br \/>\nSr. Jorge Riesco Valdivieso.<br \/>\n\u2013 Representante de las Asociaciones Mineras de la Regi\u00f3n de Atacama,<br \/>\nSr. Joel Carrizo.<br \/>\n\u2013 Presidente del Sindicato N\u00b01 Fundaci\u00f3n Hern\u00e1n Videla Lira,<br \/>\nSr. Eduardo de la Barrera.<br \/>\n\u2013 Presidente de la Asociaci\u00f3n Minera de Copiap\u00f3,<br \/>\nSr. Eduardo Catalano.<br \/>\n\u2013 Dirigente Nacional de la Confederaci\u00f3n Minera de Chile,<br \/>\nSr. Jorge Flores Naveas.<br \/>\nTema: Impacto en la peque\u00f1a y mediana miner\u00eda del proyecto de<br \/>\nmodernizaci\u00f3n de la Fundici\u00f3n Hern\u00e1n Videla Lira.<br \/>\n15:55 Palabras de la Ministra de miner\u00eda Sra. Aurora Williams Baussa<br \/>\n16:10 Lectura de Conclusiones y firma del acuerdo final del Segundo<br \/>\nCongreso de la miner\u00eda de la regi\u00f3n de Atacama<\/p>\n        <div class=\"booster-block booster-reactions-block\">\n            <div class=\"twp-reactions-icons\">\n                \n                <div class=\"twp-reacts-wrap\">\n                    <a react-data=\"be-react-1\" post-id=\"5939\" class=\"be-face-icons un-reacted\" href=\"javascript:void(0)\">\n                        <img decoding=\"async\" src=\"https:\/\/radionorteatacama.cl\/wp-content\/plugins\/booster-extension\/\/assets\/icon\/happy.svg\" alt=\"Happy\">\n                    <\/a>\n                    <div class=\"twp-reaction-title\">\n                        Happy                    <\/div>\n                    <div class=\"twp-count-percent\">\n                                                    <span style=\"display: none;\" class=\"twp-react-count\">0<\/span>\n                        \n                                                <span class=\"twp-react-percent\"><span>0<\/span> %<\/span>\n                                            <\/div>\n                <\/div>\n\n                <div class=\"twp-reacts-wrap\">\n                    <a react-data=\"be-react-2\" post-id=\"5939\" class=\"be-face-icons un-reacted\" href=\"javascript:void(0)\">\n                        <img decoding=\"async\" src=\"https:\/\/radionorteatacama.cl\/wp-content\/plugins\/booster-extension\/\/assets\/icon\/sad.svg\" alt=\"Sad\">\n                    <\/a>\n                    <div class=\"twp-reaction-title\">\n                        Sad                    <\/div>\n                    <div class=\"twp-count-percent\">\n                                                    <span style=\"display: none;\" class=\"twp-react-count\">0<\/span>\n                                                                        <span class=\"twp-react-percent\"><span>0<\/span> %<\/span>\n                                            <\/div>\n                <\/div>\n\n                <div class=\"twp-reacts-wrap\">\n                    <a react-data=\"be-react-3\" post-id=\"5939\" class=\"be-face-icons un-reacted\" href=\"javascript:void(0)\">\n                        <img decoding=\"async\" src=\"https:\/\/radionorteatacama.cl\/wp-content\/plugins\/booster-extension\/\/assets\/icon\/excited.svg\" alt=\"Excited\">\n                    <\/a>\n                    <div class=\"twp-reaction-title\">\n                        Excited                    <\/div>\n                    <div class=\"twp-count-percent\">\n                                                    <span style=\"display: none;\" class=\"twp-react-count\">0<\/span>\n                                                                        <span class=\"twp-react-percent\"><span>0<\/span> %<\/span>\n                                            <\/div>\n                <\/div>\n\n                <div class=\"twp-reacts-wrap\">\n                    <a react-data=\"be-react-6\" post-id=\"5939\" class=\"be-face-icons un-reacted\" href=\"javascript:void(0)\">\n                        <img decoding=\"async\" src=\"https:\/\/radionorteatacama.cl\/wp-content\/plugins\/booster-extension\/\/assets\/icon\/sleepy.svg\" alt=\"Sleepy\">\n                    <\/a>\n                    <div class=\"twp-reaction-title\">\n                        Sleepy                    <\/div>\n                    <div class=\"twp-count-percent\">\n                                                    <span style=\"display: none;\" class=\"twp-react-count\">0<\/span>\n                        \n                                                <span class=\"twp-react-percent\"><span>0<\/span> %<\/span>\n                                            <\/div>\n                <\/div>\n\n                <div class=\"twp-reacts-wrap\">\n                    <a react-data=\"be-react-4\" post-id=\"5939\" class=\"be-face-icons un-reacted\" href=\"javascript:void(0)\">\n                        <img decoding=\"async\" src=\"https:\/\/radionorteatacama.cl\/wp-content\/plugins\/booster-extension\/\/assets\/icon\/angry.svg\" alt=\"Angry\">\n                    <\/a>\n                    <div class=\"twp-reaction-title\">Angry<\/div>\n                    <div class=\"twp-count-percent\">\n                                                    <span style=\"display: none;\" class=\"twp-react-count\">0<\/span>\n                                                                        <span class=\"twp-react-percent\"><span>0<\/span> %<\/span>\n                        \n                    <\/div>\n                <\/div>\n\n                <div class=\"twp-reacts-wrap\">\n                    <a react-data=\"be-react-5\" post-id=\"5939\" class=\"be-face-icons un-reacted\" href=\"javascript:void(0)\">\n                        <img decoding=\"async\" src=\"https:\/\/radionorteatacama.cl\/wp-content\/plugins\/booster-extension\/\/assets\/icon\/surprise.svg\" alt=\"Surprise\">\n                    <\/a>\n                    <div class=\"twp-reaction-title\">Surprise<\/div>\n                    <div class=\"twp-count-percent\">\n                                                    <span style=\"display: none;\" class=\"twp-react-count\">0<\/span>\n                                                                        <span class=\"twp-react-percent\"><span>0<\/span> %<\/span>\n                                            <\/div>\n                <\/div>\n\n            <\/div>\n        <\/div>\n\n    ","protected":false},"excerpt":{"rendered":"<p>Miguel Vargas Correa, Gobernador Regional de Atacama, junto a las Asociaciones Mineras, Sindicatos Mineros y Sindicatos de ENAMI de la regi\u00f3n, saludan atentamente a Ud. y tienen el agrado de invitarle a participar del \u201cSegundo Congreso de la Miner\u00eda de Atacama\u201d, instancia que convocar\u00e1 a los principales actores del sector minero, con el objetivo de [&hellip;]<\/p>\n","protected":false},"author":1,"featured_media":0,"comment_status":"open","ping_status":"open","sticky":false,"template":"","format":"standard","meta":{"_joinchat":[],"footnotes":""},"categories":[1],"tags":[],"class_list":["post-5939","post","type-post","status-publish","format-standard","hentry","category-uncategorized"],"jetpack_featured_media_url":"","blog_post_layout_featured_media_urls":{"thumbnail":"","full":""},"categories_names":{"1":{"name":"Uncategorized","link":"https:\/\/radionorteatacama.cl\/index.php\/category\/uncategorized\/"}},"tags_names":[],"comments_number":"0","_links":{"self":[{"href":"https:\/\/radionorteatacama.cl\/index.php\/wp-json\/wp\/v2\/posts\/5939","targetHints":{"allow":["GET"]}}],"collection":[{"href":"https:\/\/radionorteatacama.cl\/index.php\/wp-json\/wp\/v2\/posts"}],"about":[{"href":"https:\/\/radionorteatacama.cl\/index.php\/wp-json\/wp\/v2\/types\/post"}],"author":[{"embeddable":true,"href":"https:\/\/radionorteatacama.cl\/index.php\/wp-json\/wp\/v2\/users\/1"}],"replies":[{"embeddable":true,"href":"https:\/\/radionorteatacama.cl\/index.php\/wp-json\/wp\/v2\/comments?post=5939"}],"version-history":[{"count":1,"href":"https:\/\/radionorteatacama.cl\/index.php\/wp-json\/wp\/v2\/posts\/5939\/revisions"}],"predecessor-version":[{"id":5940,"href":"https:\/\/radionorteatacama.cl\/index.php\/wp-json\/wp\/v2\/posts\/5939\/revisions\/5940"}],"wp:attachment":[{"href":"https:\/\/radionorteatacama.cl\/index.php\/wp-json\/wp\/v2\/media?parent=5939"}],"wp:term":[{"taxonomy":"category","embeddable":true,"href":"https:\/\/radionorteatacama.cl\/index.php\/wp-json\/wp\/v2\/categories?post=5939"},{"taxonomy":"post_tag","embeddable":true,"href":"https:\/\/radionorteatacama.cl\/index.php\/wp-json\/wp\/v2\/tags?post=5939"}],"curies":[{"name":"wp","href":"https:\/\/api.w.org\/{rel}","templated":true}]}}