{"id":5936,"date":"2023-08-25T02:38:13","date_gmt":"2023-08-25T02:38:13","guid":{"rendered":"http:\/\/radionorteatacama.cl\/?p=5936"},"modified":"2023-08-25T02:38:13","modified_gmt":"2023-08-25T02:38:13","slug":"pacto-fiscal-ministro-marcel-encabezo-primera-reunion-ampliada-con-representantes-de-los-partidos-politicos","status":"publish","type":"post","link":"https:\/\/radionorteatacama.cl\/index.php\/2023\/08\/25\/pacto-fiscal-ministro-marcel-encabezo-primera-reunion-ampliada-con-representantes-de-los-partidos-politicos\/","title":{"rendered":"Pacto Fiscal: Ministro Marcel encabez\u00f3 primera reuni\u00f3n ampliada con representantes de los partidos pol\u00edticos"},"content":{"rendered":"<div class='booster-block booster-read-block'>\n                <div class=\"twp-read-time\">\n                \t<i class=\"booster-icon twp-clock\"><\/i> <span>Read Time:<\/span>3 Minute, 25 Second                <\/div>\n\n            <\/div><p>El encuentro cont\u00f3 con la participaci\u00f3n de 34 representantes de 18 partidos pol\u00edticos.<br \/>\n\uf0b7 El ministro de Hacienda destac\u00f3: \u201cEn general, en lo que hemos coincidido todos es que ac\u00e1 hay una<br \/>\ngran oportunidad para lograr un acuerdo amplio en torno a cosas que son prioritarias para el pa\u00eds y<br \/>\nque el mayor beneficiario de lo que podamos hacer es la ciudadan\u00eda\u201d.<br \/>\nSantiago, 24 de agosto de 2023.- En el marco de las conversaciones para alcanzar un Pacto Fiscal, el ministro<br \/>\nde Hacienda, Mario Marcel, se reuni\u00f3 con un grupo transversal de 34 representantes de 18 partidos pol\u00edticos<br \/>\ndistintos para comenzar un trabajo de an\u00e1lisis de las medidas y evaluar la posibilidad de lograr puntos de<br \/>\nacuerdo. El ministro fue acompa\u00f1ado por la subsecretaria Heidi Berner y la directora de Presupuestos, Javiera<br \/>\nMart\u00ednez.<br \/>\nLa instancia se llev\u00f3 a cabo en el Ministerio de Hacienda y se extendi\u00f3 por cerca de dos horas.<br \/>\nAsistieron parlamentarios, presidentes de partido y asesores de acuerdo a lo que cada tienda pol\u00edtica<br \/>\ndetermin\u00f3 como representante para este di\u00e1logo. Por el Partido Dem\u00f3cratas, asistieron la diputada Joanna<br \/>\nP\u00e9rez y el asesor Fuad Chahin; por el Partido de la Gente, la diputada Karen Medina y los asesores Emilio<br \/>\nPe\u00f1a, Elizabeth Rodr\u00edguez y Denisse Catal\u00e1n; por Amarillos su presidente, Sergio Micco y el asesor Ren\u00e9<br \/>\nCortazar; por Avancemos Chile el asesor Jaime Beltr\u00e1n; por el Partido Socialcristiano la diputada, Sara<br \/>\nConcha y el asesor Luyen Chea; por Ev\u00f3poli su presidenta, Gloria Hutt y secretario general, Juan Carlos<br \/>\nUrz\u00faa; por Renovaci\u00f3n Nacional los asesores, Sebasti\u00e1n Amado y Daniel Mu\u00f1oz; por la Uni\u00f3n Dem\u00f3crata<br \/>\nIndependiente las asesoras Carolina Fuenzalida y B\u00e1rbara Bayolo. Por Revoluci\u00f3n Democr\u00e1tica estuvo su<br \/>\npresidente, el senador Juan Ignacio Latorre y la asesora, Roc\u00edo Fond\u00f3; por Convergencia Social, la diputada<br \/>\nGael Yeomans; por Comunes asisti\u00f3 su presidente, Marco Velarde y el asesor Carlos Brice\u00f1o; por Federaci\u00f3n<br \/>\nRegionalista Verde Social, particip\u00f3 el asesor Sebasti\u00e1n Le\u00f3n; por el Partido Comunista, el senador Daniel<br \/>\nN\u00fa\u00f1ez y el diputado Boris Barrera; por Acci\u00f3n Humanista los asesores Jord\u00e1n Gajardo y Florencia Sol\u00eds; por el<br \/>\nPartido Por la Democracia, su presidenta Natalia Piergientilli, los diputados H\u00e9ctor Ulloa y Helia Molina; por<br \/>\nel Partido Socialista, el diputado Jaime Naranjo y el asesor Gonzalo Urrutia; por el Partido Liberal su<br \/>\npresidente, Juan Carlos Urz\u00faa; por el Partido Radical el secretario general, Juan Carlos Paillalef. La<br \/>\nDemocracia Cristiana se excus\u00f3 de asistir por razones de agenda, manifestando su compromiso de participar<br \/>\nen las pr\u00f3ximas reuniones.<br \/>\nEl ministro sostuvo que los temas centrales de esta discusi\u00f3n fueron reformas del Estado en cuanto a<br \/>\neficiencia, transparencia y probidad, e impulso al crecimiento, puntos que van a ser parte de las<br \/>\nconversaciones en las pr\u00f3ximas reuniones. Sobre esta primera instancia, el secretario de Estado valor\u00f3 la<br \/>\npositiva reacci\u00f3n de los partidos: \u201cEn general, en lo que hemos coincidido todos es que ac\u00e1 hay una gran<br \/>\noportunidad para lograr un acuerdo amplio en torno a cosas que son prioritarias para el pa\u00eds ya que el<br \/>\nmayor beneficiario de lo que podamos hacer es la ciudadan\u00eda\u201d.<br \/>\nEl ministro Marcel propuso una modalidad de trabajo que consiste en reuniones tem\u00e1ticas para profundizar<br \/>\nen cada punto de la propuesta del Gobierno: prioridades de gasto p\u00fablico, modernizaci\u00f3n del Estado,<br \/>\nimpulso al crecimiento, iniciativas tributarias, seguimiento y evaluaci\u00f3n, y principios para un sistema<br \/>\ntributario moderno. Destac\u00f3 que hubo consenso en la metodolog\u00eda: \u201cDir\u00eda que como m\u00e9todo de trabajo<br \/>\nhubo amplio acuerdo con el esquema que est\u00e1 propuesto. A medida que vayamos discutiendo los temas y<br \/>\nvayamos registrando estas coincidencias y estas diferencias, vamos a ir recopilando todos los elementos<br \/>\nhasta llegar a una propuesta final. Y por lo tanto este no ser\u00e1 un proceso en el cual vayamos a ir<br \/>\nidentificando acuerdos formales en cada reuni\u00f3n, sino que m\u00e1s bien vamos a ir registrando las coincidencias <\/p>\n<p>para finalmente llegar a un acuerdo pol\u00edtico que pueda ser validado y respaldado por todos los participantes<br \/>\nque quieran concurrir a \u00e9l\u201d.<br \/>\nDurante las pr\u00f3ximas semanas se continuar\u00e1 con reuniones tem\u00e1ticas como parte del proceso de di\u00e1logo<br \/>\nque defini\u00f3 el Gobierno hasta septiembre, para posteriormente definir los pasos a seguir para el avance del<br \/>\nPacto Fisca<img loading=\"lazy\" decoding=\"async\" src=\"http:\/\/radionorteatacama.cl\/wp-content\/uploads\/2023\/08\/53138755932_ee832d2a1e_o-300x200.jpg\" alt=\"\" width=\"300\" height=\"200\" class=\"alignnone size-medium wp-image-5937\" srcset=\"https:\/\/radionorteatacama.cl\/wp-content\/uploads\/2023\/08\/53138755932_ee832d2a1e_o-300x200.jpg 300w, https:\/\/radionorteatacama.cl\/wp-content\/uploads\/2023\/08\/53138755932_ee832d2a1e_o-1024x683.jpg 1024w, https:\/\/radionorteatacama.cl\/wp-content\/uploads\/2023\/08\/53138755932_ee832d2a1e_o-768x512.jpg 768w, https:\/\/radionorteatacama.cl\/wp-content\/uploads\/2023\/08\/53138755932_ee832d2a1e_o-1536x1024.jpg 1536w, https:\/\/radionorteatacama.cl\/wp-content\/uploads\/2023\/08\/53138755932_ee832d2a1e_o-2048x1365.jpg 2048w\" sizes=\"auto, (max-width: 300px) 100vw, 300px\" \/><\/p>\n        <div class=\"booster-block booster-reactions-block\">\n            <div class=\"twp-reactions-icons\">\n                \n                <div class=\"twp-reacts-wrap\">\n                    <a react-data=\"be-react-1\" post-id=\"5936\" class=\"be-face-icons un-reacted\" href=\"javascript:void(0)\">\n                        <img decoding=\"async\" src=\"https:\/\/radionorteatacama.cl\/wp-content\/plugins\/booster-extension\/\/assets\/icon\/happy.svg\" alt=\"Happy\">\n                    <\/a>\n                    <div class=\"twp-reaction-title\">\n                        Happy                    <\/div>\n                    <div class=\"twp-count-percent\">\n                                                    <span style=\"display: none;\" class=\"twp-react-count\">0<\/span>\n                        \n                                                <span class=\"twp-react-percent\"><span>0<\/span> %<\/span>\n                                            <\/div>\n                <\/div>\n\n                <div class=\"twp-reacts-wrap\">\n                    <a react-data=\"be-react-2\" post-id=\"5936\" class=\"be-face-icons un-reacted\" href=\"javascript:void(0)\">\n                        <img decoding=\"async\" src=\"https:\/\/radionorteatacama.cl\/wp-content\/plugins\/booster-extension\/\/assets\/icon\/sad.svg\" alt=\"Sad\">\n                    <\/a>\n                    <div class=\"twp-reaction-title\">\n                        Sad                    <\/div>\n                    <div class=\"twp-count-percent\">\n                                                    <span style=\"display: none;\" class=\"twp-react-count\">0<\/span>\n                                                                        <span class=\"twp-react-percent\"><span>0<\/span> %<\/span>\n                                            <\/div>\n                <\/div>\n\n                <div class=\"twp-reacts-wrap\">\n                    <a react-data=\"be-react-3\" post-id=\"5936\" class=\"be-face-icons un-reacted\" href=\"javascript:void(0)\">\n                        <img decoding=\"async\" src=\"https:\/\/radionorteatacama.cl\/wp-content\/plugins\/booster-extension\/\/assets\/icon\/excited.svg\" alt=\"Excited\">\n                    <\/a>\n                    <div class=\"twp-reaction-title\">\n                        Excited                    <\/div>\n                    <div class=\"twp-count-percent\">\n                                                    <span style=\"display: none;\" class=\"twp-react-count\">0<\/span>\n                                                                        <span class=\"twp-react-percent\"><span>0<\/span> %<\/span>\n                                            <\/div>\n                <\/div>\n\n                <div class=\"twp-reacts-wrap\">\n                    <a react-data=\"be-react-6\" post-id=\"5936\" class=\"be-face-icons un-reacted\" href=\"javascript:void(0)\">\n                        <img decoding=\"async\" src=\"https:\/\/radionorteatacama.cl\/wp-content\/plugins\/booster-extension\/\/assets\/icon\/sleepy.svg\" alt=\"Sleepy\">\n                    <\/a>\n                    <div class=\"twp-reaction-title\">\n                        Sleepy                    <\/div>\n                    <div class=\"twp-count-percent\">\n                                                    <span style=\"display: none;\" class=\"twp-react-count\">0<\/span>\n                        \n                                                <span class=\"twp-react-percent\"><span>0<\/span> %<\/span>\n                                            <\/div>\n                <\/div>\n\n                <div class=\"twp-reacts-wrap\">\n                    <a react-data=\"be-react-4\" post-id=\"5936\" class=\"be-face-icons un-reacted\" href=\"javascript:void(0)\">\n                        <img decoding=\"async\" src=\"https:\/\/radionorteatacama.cl\/wp-content\/plugins\/booster-extension\/\/assets\/icon\/angry.svg\" alt=\"Angry\">\n                    <\/a>\n                    <div class=\"twp-reaction-title\">Angry<\/div>\n                    <div class=\"twp-count-percent\">\n                                                    <span style=\"display: none;\" class=\"twp-react-count\">0<\/span>\n                                                                        <span class=\"twp-react-percent\"><span>0<\/span> %<\/span>\n                        \n                    <\/div>\n                <\/div>\n\n                <div class=\"twp-reacts-wrap\">\n                    <a react-data=\"be-react-5\" post-id=\"5936\" class=\"be-face-icons un-reacted\" href=\"javascript:void(0)\">\n                        <img decoding=\"async\" src=\"https:\/\/radionorteatacama.cl\/wp-content\/plugins\/booster-extension\/\/assets\/icon\/surprise.svg\" alt=\"Surprise\">\n                    <\/a>\n                    <div class=\"twp-reaction-title\">Surprise<\/div>\n                    <div class=\"twp-count-percent\">\n                                                    <span style=\"display: none;\" class=\"twp-react-count\">0<\/span>\n                                                                        <span class=\"twp-react-percent\"><span>0<\/span> %<\/span>\n                                            <\/div>\n                <\/div>\n\n            <\/div>\n        <\/div>\n\n    ","protected":false},"excerpt":{"rendered":"<p>El encuentro cont\u00f3 con la participaci\u00f3n de 34 representantes de 18 partidos pol\u00edticos. \uf0b7 El ministro de Hacienda destac\u00f3: \u201cEn general, en lo que hemos coincidido todos es que ac\u00e1 hay una gran oportunidad para lograr un acuerdo amplio en torno a cosas que son prioritarias para el pa\u00eds y que el mayor beneficiario de [&hellip;]<\/p>\n","protected":false},"author":1,"featured_media":0,"comment_status":"open","ping_status":"open","sticky":false,"template":"","format":"standard","meta":{"_joinchat":{"telephone":"+56958795919"},"footnotes":""},"categories":[1],"tags":[],"class_list":["post-5936","post","type-post","status-publish","format-standard","hentry","category-uncategorized"],"jetpack_featured_media_url":"","blog_post_layout_featured_media_urls":{"thumbnail":"","full":""},"categories_names":{"1":{"name":"Uncategorized","link":"https:\/\/radionorteatacama.cl\/index.php\/category\/uncategorized\/"}},"tags_names":[],"comments_number":"0","_links":{"self":[{"href":"https:\/\/radionorteatacama.cl\/index.php\/wp-json\/wp\/v2\/posts\/5936","targetHints":{"allow":["GET"]}}],"collection":[{"href":"https:\/\/radionorteatacama.cl\/index.php\/wp-json\/wp\/v2\/posts"}],"about":[{"href":"https:\/\/radionorteatacama.cl\/index.php\/wp-json\/wp\/v2\/types\/post"}],"author":[{"embeddable":true,"href":"https:\/\/radionorteatacama.cl\/index.php\/wp-json\/wp\/v2\/users\/1"}],"replies":[{"embeddable":true,"href":"https:\/\/radionorteatacama.cl\/index.php\/wp-json\/wp\/v2\/comments?post=5936"}],"version-history":[{"count":1,"href":"https:\/\/radionorteatacama.cl\/index.php\/wp-json\/wp\/v2\/posts\/5936\/revisions"}],"predecessor-version":[{"id":5938,"href":"https:\/\/radionorteatacama.cl\/index.php\/wp-json\/wp\/v2\/posts\/5936\/revisions\/5938"}],"wp:attachment":[{"href":"https:\/\/radionorteatacama.cl\/index.php\/wp-json\/wp\/v2\/media?parent=5936"}],"wp:term":[{"taxonomy":"category","embeddable":true,"href":"https:\/\/radionorteatacama.cl\/index.php\/wp-json\/wp\/v2\/categories?post=5936"},{"taxonomy":"post_tag","embeddable":true,"href":"https:\/\/radionorteatacama.cl\/index.php\/wp-json\/wp\/v2\/tags?post=5936"}],"curies":[{"name":"wp","href":"https:\/\/api.w.org\/{rel}","templated":true}]}}