{"id":5829,"date":"2023-05-30T05:04:27","date_gmt":"2023-05-30T05:04:27","guid":{"rendered":"http:\/\/radionorteatacama.cl\/?p=5829"},"modified":"2023-05-30T05:04:28","modified_gmt":"2023-05-30T05:04:28","slug":"en-el-dia-de-los-patrimonios-bienes-nacionales-invita-a-recorrer-y-disfrutar-las-rutas-patrimoniales-de-atacama","status":"publish","type":"post","link":"https:\/\/radionorteatacama.cl\/index.php\/2023\/05\/30\/en-el-dia-de-los-patrimonios-bienes-nacionales-invita-a-recorrer-y-disfrutar-las-rutas-patrimoniales-de-atacama\/","title":{"rendered":"EN EL D\u00cdA DE LOS PATRIMONIOS: BIENES NACIONALES INVITA A RECORRER Y DISFRUTAR LAS RUTAS PATRIMONIALES DE ATACAMA"},"content":{"rendered":"<div class='booster-block booster-read-block'>\n                <div class=\"twp-read-time\">\n                \t<i class=\"booster-icon twp-clock\"><\/i> <span>Read Time:<\/span>2 Minute, 41 Second                <\/div>\n\n            <\/div><p>En el marco del D\u00eda de los Patrimonios, que se celebra este 27 y 28 de mayo en todo el territorio nacional, la Seremi de Bienes Nacionales de Atacama, M\u00f3nica Mar\u00edn, invit\u00f3 a toda la comunidad atacame\u00f1a y visitantes, a conocer y recorrer las cuatro Rutas Patrimoniales disponibles en la regi\u00f3n.<br \/>\n\u201cEn la Regi\u00f3n de Atacama disponemos de rutas culturales y naturales, debidamente catastradas y geo-localizadas, con el objetivo de dar valor a una serie de inmuebles y terrenos fiscales habilitados como patrimonio, aportando al turismo regional y nacional, a la reactivaci\u00f3n econ\u00f3mica, y al desarrollo local\u201d, argument\u00f3 la autoridad.<br \/>\nMar\u00edn agreg\u00f3 que \u201cqueremos acercar el territorio a la ciudadan\u00eda, con recorridos gratuitos de lugares con historia, que aportan a la cultura, los DDHH, al turismo sustentable y al desarrollo local, y que pueden ser una herramienta importante para la reactivaci\u00f3n econ\u00f3mica de las regiones\u201d.<br \/>\nLa informaci\u00f3n completa, mediante audio-gu\u00edas, mapas, georreferencias, topo-gu\u00edas descargables, y postales, es accesible ingresando en el sitio web https:\/\/rutas.bienes.cl\/<br \/>\nRuta Patrimonial Litoral de Atacama<br \/>\nLa primera de estas, es la Ruta Patrimonial \u201cLitoral de Atacama\u201d, la que posee 31 hitos, en un circuito que alcanza los 311 km, entre extensas playas, balnearios y destacados atractivos geol\u00f3gicos como el Santuario de la Naturaleza Granito Orbicular, la Quebrada El Le\u00f3n y el Parque Paleontol\u00f3gico Los Dedos. El recorrido se inicia en el Parque Nacional Pan de Az\u00facar, continuando por el borde costero, enlazando Playa Portofino, Bah\u00eda inglesa, y descubriendo la flora y fauna de los humedales. Es recomendada para todas las edades.<br \/>\nRuta Patrimonial Derrotero de Atacama<br \/>\nLa Ruta Patrimonial \u201cDerrotero de Atacama\u201d se inicia y termina en la ciudad de Copiap\u00f3, y es una interesante alternativa de conocimiento para ingresar a los dominios de calderas altipl\u00e1nicas, siguiendo las antiguas huellas de exploradores, por las angostas quebradas de Paipote, visitando los salares de Maricunga y Pedernales, sobre los 3,500 MSNM. Esta ruta es tanto un desaf\u00edo de las alturas andinas como una oportunidad de observar la m\u00e1s variada gama de sublimes paisajes del altiplano m\u00e1s austral del continente sudamericano.<br \/>\nRuta Patrimonial Valles de Atacama<br \/>\nOtra Ruta Patrimonial es la de los \u201cValles de Atacama\u201d, la cual constituye una interesante alternativa para conocer ecosistemas \u00fanicos de la franja costera de la Regi\u00f3n de Atacama. Aqu\u00ed es posible iniciar rodeando el Morro por la costa a trav\u00e9s de una suave caminata recreando la vida de nuestros antepasados, los Changos; o planificar un atractivo recorrido en bicicleta, disfrutando de panor\u00e1micas extraordinarias. La Ruta se ha organizado en cuatro tramos, cada uno con un eje tem\u00e1tico principal.<br \/>\nRuta Patrimonial Fiestas Tradicionales y Populares de Atacama<br \/>\nFinalmente, la Ruta Patrimonial de las \u201cFiestas Tradicionales y Populares de Atacama\u201d, comprende seis poblados donde se realizan festividades en distintas \u00e9pocas del a\u00f1o. En Cha\u00f1aral y Caldera, se realizan las fiestas de la Inmaculada Concepci\u00f3n y de San Pedro. En el valle interior, las fiestas de La Tirana Chica, en Diego de Almagro, y la fiesta de la Virgen de la Candelaria, en Copiap\u00f3. En Alto del Carmen, suceden las fiestas de la Virgen del Tr\u00e1nsito en el poblado del mismo nombre, y en San F\u00e9lix la fiesta de Nuestra se\u00f1ora de la Merced.<\/p>\n        <div class=\"booster-block booster-reactions-block\">\n            <div class=\"twp-reactions-icons\">\n                \n                <div class=\"twp-reacts-wrap\">\n                    <a react-data=\"be-react-1\" post-id=\"5829\" class=\"be-face-icons un-reacted\" href=\"javascript:void(0)\">\n                        <img decoding=\"async\" src=\"https:\/\/radionorteatacama.cl\/wp-content\/plugins\/booster-extension\/\/assets\/icon\/happy.svg\" alt=\"Happy\">\n                    <\/a>\n                    <div class=\"twp-reaction-title\">\n                        Happy                    <\/div>\n                    <div class=\"twp-count-percent\">\n                                                    <span style=\"display: none;\" class=\"twp-react-count\">0<\/span>\n                        \n                                                <span class=\"twp-react-percent\"><span>0<\/span> %<\/span>\n                                            <\/div>\n                <\/div>\n\n                <div class=\"twp-reacts-wrap\">\n                    <a react-data=\"be-react-2\" post-id=\"5829\" class=\"be-face-icons un-reacted\" href=\"javascript:void(0)\">\n                        <img decoding=\"async\" src=\"https:\/\/radionorteatacama.cl\/wp-content\/plugins\/booster-extension\/\/assets\/icon\/sad.svg\" alt=\"Sad\">\n                    <\/a>\n                    <div class=\"twp-reaction-title\">\n                        Sad                    <\/div>\n                    <div class=\"twp-count-percent\">\n                                                    <span style=\"display: none;\" class=\"twp-react-count\">0<\/span>\n                                                                        <span class=\"twp-react-percent\"><span>0<\/span> %<\/span>\n                                            <\/div>\n                <\/div>\n\n                <div class=\"twp-reacts-wrap\">\n                    <a react-data=\"be-react-3\" post-id=\"5829\" class=\"be-face-icons un-reacted\" href=\"javascript:void(0)\">\n                        <img decoding=\"async\" src=\"https:\/\/radionorteatacama.cl\/wp-content\/plugins\/booster-extension\/\/assets\/icon\/excited.svg\" alt=\"Excited\">\n                    <\/a>\n                    <div class=\"twp-reaction-title\">\n                        Excited                    <\/div>\n                    <div class=\"twp-count-percent\">\n                                                    <span style=\"display: none;\" class=\"twp-react-count\">0<\/span>\n                                                                        <span class=\"twp-react-percent\"><span>0<\/span> %<\/span>\n                                            <\/div>\n                <\/div>\n\n                <div class=\"twp-reacts-wrap\">\n                    <a react-data=\"be-react-6\" post-id=\"5829\" class=\"be-face-icons un-reacted\" href=\"javascript:void(0)\">\n                        <img decoding=\"async\" src=\"https:\/\/radionorteatacama.cl\/wp-content\/plugins\/booster-extension\/\/assets\/icon\/sleepy.svg\" alt=\"Sleepy\">\n                    <\/a>\n                    <div class=\"twp-reaction-title\">\n                        Sleepy                    <\/div>\n                    <div class=\"twp-count-percent\">\n                                                    <span style=\"display: none;\" class=\"twp-react-count\">0<\/span>\n                        \n                                                <span class=\"twp-react-percent\"><span>0<\/span> %<\/span>\n                                            <\/div>\n                <\/div>\n\n                <div class=\"twp-reacts-wrap\">\n                    <a react-data=\"be-react-4\" post-id=\"5829\" class=\"be-face-icons un-reacted\" href=\"javascript:void(0)\">\n                        <img decoding=\"async\" src=\"https:\/\/radionorteatacama.cl\/wp-content\/plugins\/booster-extension\/\/assets\/icon\/angry.svg\" alt=\"Angry\">\n                    <\/a>\n                    <div class=\"twp-reaction-title\">Angry<\/div>\n                    <div class=\"twp-count-percent\">\n                                                    <span style=\"display: none;\" class=\"twp-react-count\">0<\/span>\n                                                                        <span class=\"twp-react-percent\"><span>0<\/span> %<\/span>\n                        \n                    <\/div>\n                <\/div>\n\n                <div class=\"twp-reacts-wrap\">\n                    <a react-data=\"be-react-5\" post-id=\"5829\" class=\"be-face-icons un-reacted\" href=\"javascript:void(0)\">\n                        <img decoding=\"async\" src=\"https:\/\/radionorteatacama.cl\/wp-content\/plugins\/booster-extension\/\/assets\/icon\/surprise.svg\" alt=\"Surprise\">\n                    <\/a>\n                    <div class=\"twp-reaction-title\">Surprise<\/div>\n                    <div class=\"twp-count-percent\">\n                                                    <span style=\"display: none;\" class=\"twp-react-count\">0<\/span>\n                                                                        <span class=\"twp-react-percent\"><span>0<\/span> %<\/span>\n                                            <\/div>\n                <\/div>\n\n            <\/div>\n        <\/div>\n\n    ","protected":false},"excerpt":{"rendered":"<p>En el marco del D\u00eda de los Patrimonios, que se celebra este 27 y 28 de mayo en todo el territorio nacional, la Seremi de Bienes Nacionales de Atacama, M\u00f3nica Mar\u00edn, invit\u00f3 a toda la comunidad atacame\u00f1a y visitantes, a conocer y recorrer las cuatro Rutas Patrimoniales disponibles en la regi\u00f3n. \u201cEn la Regi\u00f3n de [&hellip;]<\/p>\n","protected":false},"author":1,"featured_media":0,"comment_status":"open","ping_status":"open","sticky":false,"template":"","format":"standard","meta":{"_joinchat":[],"footnotes":""},"categories":[1],"tags":[],"class_list":["post-5829","post","type-post","status-publish","format-standard","hentry","category-uncategorized"],"jetpack_featured_media_url":"","blog_post_layout_featured_media_urls":{"thumbnail":"","full":""},"categories_names":{"1":{"name":"Uncategorized","link":"https:\/\/radionorteatacama.cl\/index.php\/category\/uncategorized\/"}},"tags_names":[],"comments_number":"0","_links":{"self":[{"href":"https:\/\/radionorteatacama.cl\/index.php\/wp-json\/wp\/v2\/posts\/5829","targetHints":{"allow":["GET"]}}],"collection":[{"href":"https:\/\/radionorteatacama.cl\/index.php\/wp-json\/wp\/v2\/posts"}],"about":[{"href":"https:\/\/radionorteatacama.cl\/index.php\/wp-json\/wp\/v2\/types\/post"}],"author":[{"embeddable":true,"href":"https:\/\/radionorteatacama.cl\/index.php\/wp-json\/wp\/v2\/users\/1"}],"replies":[{"embeddable":true,"href":"https:\/\/radionorteatacama.cl\/index.php\/wp-json\/wp\/v2\/comments?post=5829"}],"version-history":[{"count":1,"href":"https:\/\/radionorteatacama.cl\/index.php\/wp-json\/wp\/v2\/posts\/5829\/revisions"}],"predecessor-version":[{"id":5830,"href":"https:\/\/radionorteatacama.cl\/index.php\/wp-json\/wp\/v2\/posts\/5829\/revisions\/5830"}],"wp:attachment":[{"href":"https:\/\/radionorteatacama.cl\/index.php\/wp-json\/wp\/v2\/media?parent=5829"}],"wp:term":[{"taxonomy":"category","embeddable":true,"href":"https:\/\/radionorteatacama.cl\/index.php\/wp-json\/wp\/v2\/categories?post=5829"},{"taxonomy":"post_tag","embeddable":true,"href":"https:\/\/radionorteatacama.cl\/index.php\/wp-json\/wp\/v2\/tags?post=5829"}],"curies":[{"name":"wp","href":"https:\/\/api.w.org\/{rel}","templated":true}]}}