{"id":5827,"date":"2023-05-30T04:58:35","date_gmt":"2023-05-30T04:58:35","guid":{"rendered":"http:\/\/radionorteatacama.cl\/?p=5827"},"modified":"2023-05-30T04:58:36","modified_gmt":"2023-05-30T04:58:36","slug":"anuncian-nuevos-servicios-de-transporte-publico-mayor-para-las-comunas-de-caldera-y-vallenar","status":"publish","type":"post","link":"https:\/\/radionorteatacama.cl\/index.php\/2023\/05\/30\/anuncian-nuevos-servicios-de-transporte-publico-mayor-para-las-comunas-de-caldera-y-vallenar\/","title":{"rendered":"Anuncian nuevos servicios de transporte p\u00fablico mayor para las comunas de Caldera y Vallenar"},"content":{"rendered":"<div class='booster-block booster-read-block'>\n                <div class=\"twp-read-time\">\n                \t<i class=\"booster-icon twp-clock\"><\/i> <span>Read Time:<\/span>5 Minute, 47 Second                <\/div>\n\n            <\/div><p>\u00b7 La iniciativa implicar\u00e1 una inversi\u00f3n superior a los 40 mil millones de pesos que ser\u00e1 financiada en un 50% por el Gobierno Regional Atacama y el otro 50% por el Ministerio de Transportes, considerando una proyecci\u00f3n total de 8 a\u00f1os.<\/p>\n<p>Durante la ma\u00f1ana de este lunes el Gobernador de Atacama, Miguel Vargas Correa y el Ministro de Transportes y Telecomunicaciones, Juan Carlos Mu\u00f1oz, dieron a conocer el trabajo colaborativo que se est\u00e1 realizando entre la cartera que \u00e9l dirige y el Gobierno Regional de Atacama, para el financiamiento de nuevos servicios de transporte p\u00fablico mayor para las comunas de Caldera y Vallenar.<\/p>\n<p>Durante el anuncio estuvieron presentes tambi\u00e9n, el Subsecretario de Transportes, Jorge Daza, el Delegado Presidencial Atacama, Cristhian Fuentes, la Seremi de Transportes y Telecomunicaciones, Carla Orrego, el Alcalde de Vallenar, Armando Flores y la Alcaldesa de Caldera, Brunilda Gonz\u00e1lez.<\/p>\n<p>Al respecto, el Gobernador de Atacama, Miguel Vargas, expres\u00f3, \u201cyo lo primero que quiero manifestar es que la semana pasada una persona por las redes sociales me emplazaba, y muy molesta porque dec\u00eda que no est\u00e1bamos haciendo nada para mejorar el transporte p\u00fablico, y yo quiero aprovechar la visita del Ministro, Juan Carlos Mu\u00f1oz, tambi\u00e9n del Subsecretario, y del trabajo que hemos venido realizando aqu\u00ed en Atacama para anunciar que s\u00ed estamos haciendo cosas, lo que pasa es que esto requiere tiempo, requiere planificaci\u00f3n, requiere ponernos bien de acuerdo en todas las instancias; gobiernos comunales, gobierno regional y gobierno central a trav\u00e9s del Ministerio. Y hoy estamos haciendo anuncios bien importantes, lo que acaba de decir el Ministro respecto de los buses el\u00e9ctricos para Copiap\u00f3 eso ya es realidad. Las bases de la licitaci\u00f3n ya est\u00e1n aprobadas en la Contralor\u00eda, y este proceso est\u00e1 avanzando a mucha velocidad y en el corto plazo va a ser realidad para los habitantes de Copiap\u00f3\u201d.<\/p>\n<p>La inversi\u00f3n en estos nuevos transportes mayores para las comunas de Vallenar y Caldera, contemplan una inversi\u00f3n superior a los 40 mil millones de pesos, que ser\u00e1 financiada en un 50% por el Gobierno Regional Atacama y el otro 50% por el Ministerio de Transportes, considerando una proyecci\u00f3n total de 8 a\u00f1os. \u201cLo que estamos acordando tambi\u00e9n con el Ministerio es que el transporte p\u00fablico mayor tambi\u00e9n llegue a otras comunas de Atacama, porque, lo que hemos dicho siempre: Tenemos que predicar con el ejemplo y avanzar en descentralizaci\u00f3n tambi\u00e9n en las otras comunas de la regi\u00f3n. Por eso que es fundamental que ya el proceso est\u00e9 un poco m\u00e1s avanzado en Caldera y esperamos tambi\u00e9n avanzar con celeridad en la comuna de Vallenar\u201d, afirm\u00f3 el Gobernador de Atacama.<\/p>\n<p>El Ministro de Transporte, Juan Carlos Mu\u00f1oz, se\u00f1al\u00f3 que \u201cdentro de lo que hemos estado avanzando en materia de mejor transporte p\u00fablico para todo el pa\u00eds, con un foco especialmente en regiones. Hemos encontrado en el Gobierno Regional un muy buen aliado para poder avanzar juntos en ir financiando parte de la modernizaci\u00f3n que el transporte p\u00fablico requiere (\u2026) En el caso de caldera y hay una participaci\u00f3n ciudadana que concluy\u00f3 y que nos ha permitido poder ir definiendo cu\u00e1les son los servicios que se van necesitando. Estamos pensando en el orden de<\/p>\n<p>7 servicios aproximadamente, lo que va a significar una flota de aproximadamente 12 buses. Estamos avanzando en buses que debiesen ser de un muy buen est\u00e1ndar. Buses que no solamente puedan tener aire acondicionado, wifi, USB, sino que tambi\u00e9n puedan permitirnos, a trav\u00e9s de los GPS, que las personas puedan ocupar una aplicaci\u00f3n para poder saber d\u00f3nde viene el bus, y de esa manera tambi\u00e9n como autoridad, fiscalizar que los recursos que vamos a estar poniendo para que estos servicios se ofrezcan satisfagan las necesidades de los usuarios. No solamente que los recorridos se cumplan, sino tambi\u00e9n los horarios y las frecuencias\u201d.<\/p>\n<p>El Ministro agreg\u00f3 que en el caso de Caldera \u201ctambi\u00e9n hemos avanzado en un par de servicios para transporte escolar que nos van a permitir llegar a zonas que ha estado hist\u00f3ricamente bastante postergadas como el pulpo o Caldera alto (\u2026) Estos servicios van a permitir mover del orden de 180 ni\u00f1os y poder llevarlos a sus colegios cada d\u00eda. En el caso de Vallenar, estamos trabajando con una mirada muy similar, me alegra que est\u00e9 ac\u00e1 tambi\u00e9n el Alcalde, de modo de poder ofrecer mejores servicios de transporte p\u00fablico para una ciudad que enfrenta condiciones de congesti\u00f3n muy elevados\u201d.<\/p>\n<p>La Alcaldesa de Caldera, Brunilda Gonz\u00e1lez, manifest\u00f3 que \u201cdentro de las \u00faltimas encuestas de las necesidades de la poblaci\u00f3n, no solamente est\u00e1n los temas de inseguridad, sino que tambi\u00e9n la manera como nos trasladamos, c\u00f3mo nos transportamos y tambi\u00e9n c\u00f3mo recibimos las telecomunicaciones. Un ministerio importante para nosotros en materia del desarrollo y de la descentralizaci\u00f3n a nivel de comunas, y sobre todo comunas m\u00e1s peque\u00f1as como es el caso de la comuna de Caldera, es el transporte p\u00fablico mayor, que en la comuna de Caldera, una comuna que tiene casi m\u00e1s de 160 a\u00f1os de historia, todav\u00eda no tiene transporte de movilizaci\u00f3n mayor. Por lo tanto, hoy d\u00eda para nosotros esto es un hito hist\u00f3rico. Caldera a partir del a\u00f1o 2024 vecinos y vecinas de nuestra comuna, vamos a tener 12 buses m\u00e1s uno de reserva. Es decir, 13 buses de alto est\u00e1ndar, si bien es cierto no son el\u00e9ctricos c\u00f3mo habr\u00edamos querido, pero sin son buses que hoy d\u00eda van a permitir satisfacer las necesidades de aquellos vecinos y vecinas que por tanto tiempo hemos estado postergados en el radio urbano de Caldera, desde Rodillo hasta el sector de El Morro, incluido el sector tambi\u00e9n de la Nueva Caldera\u201d.<\/p>\n<p>\u201cQueremos agradecer al Gobierno del Presidente Gabriel Boric trav\u00e9s de nuestro ministro, que hoy d\u00eda viene especialmente a nuestra regi\u00f3n a dar esta importante noticia para la comuna de Caldera y tambi\u00e9n para la comuna de Vallenar, y por cierto, tambi\u00e9n a nuestro Gobernador Regional, que es el que pone el 50% de los recursos para que el desarrollo de Atacama sea de manera integral\u201d, ratific\u00f3 la Alcaldesa de Caldera.<\/p>\n<p>El Alcalde de Vallenar, Armando Flores, explic\u00f3 que \u201cuno de los grandes problemas que tiene Vallenar estructural, es la congesti\u00f3n vehicular, tenemos m\u00e1s de 23.000 permisos de circulaci\u00f3n entregados, y en el centro de Vallenar caben alrededor de 4.000 a 5.000 veh\u00edculos. Es decir, hay un problema de fondo, y con este tipo de transporte p\u00fablico mayor, estamos contribuyendo a solucionar este tremendo problema. Pero adem\u00e1s, esto se traduce tambi\u00e9n -y por eso estoy muy agradecido por este proyecto en el que est\u00e1 trabajando en conjunto el Ministerio de Transportes con el Gobernador Regional- porque esto nos va a permitir tambi\u00e9n reducir los costos para las personas. El valor de la movilizaci\u00f3n es muy alto para hoy d\u00eda. El pasaje est\u00e1 cercano a los 600 a 700 pesos y puede ser mucho m\u00e1s cuando se tienen que trasladar a lugares que no est\u00e1n dentro de los recorridos. Por lo tanto, hoy d\u00eda esta es una necesidad imperiosa\u201d.<\/p>\n        <div class=\"booster-block booster-reactions-block\">\n            <div class=\"twp-reactions-icons\">\n                \n                <div class=\"twp-reacts-wrap\">\n                    <a react-data=\"be-react-1\" post-id=\"5827\" class=\"be-face-icons un-reacted\" href=\"javascript:void(0)\">\n                        <img decoding=\"async\" src=\"https:\/\/radionorteatacama.cl\/wp-content\/plugins\/booster-extension\/\/assets\/icon\/happy.svg\" alt=\"Happy\">\n                    <\/a>\n                    <div class=\"twp-reaction-title\">\n                        Happy                    <\/div>\n                    <div class=\"twp-count-percent\">\n                                                    <span style=\"display: none;\" class=\"twp-react-count\">0<\/span>\n                        \n                                                <span class=\"twp-react-percent\"><span>0<\/span> %<\/span>\n                                            <\/div>\n                <\/div>\n\n                <div class=\"twp-reacts-wrap\">\n                    <a react-data=\"be-react-2\" post-id=\"5827\" class=\"be-face-icons un-reacted\" href=\"javascript:void(0)\">\n                        <img decoding=\"async\" src=\"https:\/\/radionorteatacama.cl\/wp-content\/plugins\/booster-extension\/\/assets\/icon\/sad.svg\" alt=\"Sad\">\n                    <\/a>\n                    <div class=\"twp-reaction-title\">\n                        Sad                    <\/div>\n                    <div class=\"twp-count-percent\">\n                                                    <span style=\"display: none;\" class=\"twp-react-count\">0<\/span>\n                                                                        <span class=\"twp-react-percent\"><span>0<\/span> %<\/span>\n                                            <\/div>\n                <\/div>\n\n                <div class=\"twp-reacts-wrap\">\n                    <a react-data=\"be-react-3\" post-id=\"5827\" class=\"be-face-icons un-reacted\" href=\"javascript:void(0)\">\n                        <img decoding=\"async\" src=\"https:\/\/radionorteatacama.cl\/wp-content\/plugins\/booster-extension\/\/assets\/icon\/excited.svg\" alt=\"Excited\">\n                    <\/a>\n                    <div class=\"twp-reaction-title\">\n                        Excited                    <\/div>\n                    <div class=\"twp-count-percent\">\n                                                    <span style=\"display: none;\" class=\"twp-react-count\">0<\/span>\n                                                                        <span class=\"twp-react-percent\"><span>0<\/span> %<\/span>\n                                            <\/div>\n                <\/div>\n\n                <div class=\"twp-reacts-wrap\">\n                    <a react-data=\"be-react-6\" post-id=\"5827\" class=\"be-face-icons un-reacted\" href=\"javascript:void(0)\">\n                        <img decoding=\"async\" src=\"https:\/\/radionorteatacama.cl\/wp-content\/plugins\/booster-extension\/\/assets\/icon\/sleepy.svg\" alt=\"Sleepy\">\n                    <\/a>\n                    <div class=\"twp-reaction-title\">\n                        Sleepy                    <\/div>\n                    <div class=\"twp-count-percent\">\n                                                    <span style=\"display: none;\" class=\"twp-react-count\">0<\/span>\n                        \n                                                <span class=\"twp-react-percent\"><span>0<\/span> %<\/span>\n                                            <\/div>\n                <\/div>\n\n                <div class=\"twp-reacts-wrap\">\n                    <a react-data=\"be-react-4\" post-id=\"5827\" class=\"be-face-icons un-reacted\" href=\"javascript:void(0)\">\n                        <img decoding=\"async\" src=\"https:\/\/radionorteatacama.cl\/wp-content\/plugins\/booster-extension\/\/assets\/icon\/angry.svg\" alt=\"Angry\">\n                    <\/a>\n                    <div class=\"twp-reaction-title\">Angry<\/div>\n                    <div class=\"twp-count-percent\">\n                                                    <span style=\"display: none;\" class=\"twp-react-count\">0<\/span>\n                                                                        <span class=\"twp-react-percent\"><span>0<\/span> %<\/span>\n                        \n                    <\/div>\n                <\/div>\n\n                <div class=\"twp-reacts-wrap\">\n                    <a react-data=\"be-react-5\" post-id=\"5827\" class=\"be-face-icons un-reacted\" href=\"javascript:void(0)\">\n                        <img decoding=\"async\" src=\"https:\/\/radionorteatacama.cl\/wp-content\/plugins\/booster-extension\/\/assets\/icon\/surprise.svg\" alt=\"Surprise\">\n                    <\/a>\n                    <div class=\"twp-reaction-title\">Surprise<\/div>\n                    <div class=\"twp-count-percent\">\n                                                    <span style=\"display: none;\" class=\"twp-react-count\">0<\/span>\n                                                                        <span class=\"twp-react-percent\"><span>0<\/span> %<\/span>\n                                            <\/div>\n                <\/div>\n\n            <\/div>\n        <\/div>\n\n    ","protected":false},"excerpt":{"rendered":"<p>\u00b7 La iniciativa implicar\u00e1 una inversi\u00f3n superior a los 40 mil millones de pesos que ser\u00e1 financiada en un 50% por el Gobierno Regional Atacama y el otro 50% por el Ministerio de Transportes, considerando una proyecci\u00f3n total de 8 a\u00f1os. Durante la ma\u00f1ana de este lunes el Gobernador de Atacama, Miguel Vargas Correa y [&hellip;]<\/p>\n","protected":false},"author":1,"featured_media":0,"comment_status":"open","ping_status":"open","sticky":false,"template":"","format":"standard","meta":{"_joinchat":[],"footnotes":""},"categories":[1],"tags":[],"class_list":["post-5827","post","type-post","status-publish","format-standard","hentry","category-uncategorized"],"jetpack_featured_media_url":"","blog_post_layout_featured_media_urls":{"thumbnail":"","full":""},"categories_names":{"1":{"name":"Uncategorized","link":"https:\/\/radionorteatacama.cl\/index.php\/category\/uncategorized\/"}},"tags_names":[],"comments_number":"0","_links":{"self":[{"href":"https:\/\/radionorteatacama.cl\/index.php\/wp-json\/wp\/v2\/posts\/5827","targetHints":{"allow":["GET"]}}],"collection":[{"href":"https:\/\/radionorteatacama.cl\/index.php\/wp-json\/wp\/v2\/posts"}],"about":[{"href":"https:\/\/radionorteatacama.cl\/index.php\/wp-json\/wp\/v2\/types\/post"}],"author":[{"embeddable":true,"href":"https:\/\/radionorteatacama.cl\/index.php\/wp-json\/wp\/v2\/users\/1"}],"replies":[{"embeddable":true,"href":"https:\/\/radionorteatacama.cl\/index.php\/wp-json\/wp\/v2\/comments?post=5827"}],"version-history":[{"count":1,"href":"https:\/\/radionorteatacama.cl\/index.php\/wp-json\/wp\/v2\/posts\/5827\/revisions"}],"predecessor-version":[{"id":5828,"href":"https:\/\/radionorteatacama.cl\/index.php\/wp-json\/wp\/v2\/posts\/5827\/revisions\/5828"}],"wp:attachment":[{"href":"https:\/\/radionorteatacama.cl\/index.php\/wp-json\/wp\/v2\/media?parent=5827"}],"wp:term":[{"taxonomy":"category","embeddable":true,"href":"https:\/\/radionorteatacama.cl\/index.php\/wp-json\/wp\/v2\/categories?post=5827"},{"taxonomy":"post_tag","embeddable":true,"href":"https:\/\/radionorteatacama.cl\/index.php\/wp-json\/wp\/v2\/tags?post=5827"}],"curies":[{"name":"wp","href":"https:\/\/api.w.org\/{rel}","templated":true}]}}