{"id":5806,"date":"2023-05-23T23:28:02","date_gmt":"2023-05-23T23:28:02","guid":{"rendered":"http:\/\/radionorteatacama.cl\/?p=5806"},"modified":"2023-05-23T23:28:03","modified_gmt":"2023-05-23T23:28:03","slug":"seremi-minvu-invita-a-participacion-ciudadana-sobre-mejoramiento-de-plaza-de-arma","status":"publish","type":"post","link":"https:\/\/radionorteatacama.cl\/index.php\/2023\/05\/23\/seremi-minvu-invita-a-participacion-ciudadana-sobre-mejoramiento-de-plaza-de-arma\/","title":{"rendered":"Seremi Minvu invita a Participaci\u00f3n Ciudadana sobre mejoramiento de Plaza de Arma"},"content":{"rendered":"<div class='booster-block booster-read-block'>\n                <div class=\"twp-read-time\">\n                \t<i class=\"booster-icon twp-clock\"><\/i> <span>Read Time:<\/span>1 Minute, 22 Second                <\/div>\n\n            <\/div><p>Las actividades se realizar\u00e1n hoy y ma\u00f1ana, tanto en el espacio p\u00fablico como en el Centro Cultural Ser Humano, para reunir la mayor cantidad de informaci\u00f3n y opiniones sobre lo que espera la comunidad de este anhelado proyecto.<\/p>\n<p>La Seremi Minvu Atacama, Roc\u00edo D\u00edaz; hizo un especial llamado a las vecinas y vecinos de Copiap\u00f3, para que puedan dejar sus opiniones y comentarios en los stands de Participaci\u00f3n Ciudadana, instalados hoy martes 23 y ma\u00f1ana mi\u00e9rcoles 24 de mayo, desde las 11:00 a las 18:00 horas, en la Plaza de Armas, en el marco del emblem\u00e1tico proyecto de mejoramiento, postulado por la Municipalidad al Programa de Espacios P\u00fablicos del Ministerio de Vivienda y Urbanismo a fines del 2022.<\/p>\n<p>\u201cPara el Gobierno del Presidente Gabriel Boric es muy importante contar con la mayor cantidad de informaci\u00f3n y opiniones de la ciudadan\u00eda. En este contexto es sumamente relevante escucharlos y escucharlas para el mejoramiento de nuestra Plaza de Armas. En enero y febrero comenzamos con las actividades, donde ya pudimos relevar algunos temas muy significativos para la comunidad entre los que se cuenta el uso comercial de la plaza, los \u00e1rboles, la iluminaci\u00f3n y el estado de la fuente de agua, entre otros\u201d, precis\u00f3 la Seremi.<\/p>\n<p>Asimismo, Roc\u00edo D\u00edaz invit\u00f3 a la comunidad a la Primera Jornada de Participaci\u00f3n Ciudadana de este proyecto, que se realizar\u00e1 ma\u00f1ana mi\u00e9rcoles 24 de mayo, a las 18:00 horas, en el Centro Cultural Ser Humano, ubicado en calle Chacabuco N\u00b0 671, entre Rodr\u00edguez e Infante, en Copiap\u00f3; donde se presentar\u00e1 y discutir\u00e1 el proyecto de mejoramiento de este \u201cespacio p\u00fablico por excelencia y el coraz\u00f3n de nuestra ciudad\u201d.<\/p>\n        <div class=\"booster-block booster-reactions-block\">\n            <div class=\"twp-reactions-icons\">\n                \n                <div class=\"twp-reacts-wrap\">\n                    <a react-data=\"be-react-1\" post-id=\"5806\" class=\"be-face-icons un-reacted\" href=\"javascript:void(0)\">\n                        <img decoding=\"async\" src=\"https:\/\/radionorteatacama.cl\/wp-content\/plugins\/booster-extension\/\/assets\/icon\/happy.svg\" alt=\"Happy\">\n                    <\/a>\n                    <div class=\"twp-reaction-title\">\n                        Happy                    <\/div>\n                    <div class=\"twp-count-percent\">\n                                                    <span style=\"display: none;\" class=\"twp-react-count\">0<\/span>\n                        \n                                                <span class=\"twp-react-percent\"><span>0<\/span> %<\/span>\n                                            <\/div>\n                <\/div>\n\n                <div class=\"twp-reacts-wrap\">\n                    <a react-data=\"be-react-2\" post-id=\"5806\" class=\"be-face-icons un-reacted\" href=\"javascript:void(0)\">\n                        <img decoding=\"async\" src=\"https:\/\/radionorteatacama.cl\/wp-content\/plugins\/booster-extension\/\/assets\/icon\/sad.svg\" alt=\"Sad\">\n                    <\/a>\n                    <div class=\"twp-reaction-title\">\n                        Sad                    <\/div>\n                    <div class=\"twp-count-percent\">\n                                                    <span style=\"display: none;\" class=\"twp-react-count\">0<\/span>\n                                                                        <span class=\"twp-react-percent\"><span>0<\/span> %<\/span>\n                                            <\/div>\n                <\/div>\n\n                <div class=\"twp-reacts-wrap\">\n                    <a react-data=\"be-react-3\" post-id=\"5806\" class=\"be-face-icons un-reacted\" href=\"javascript:void(0)\">\n                        <img decoding=\"async\" src=\"https:\/\/radionorteatacama.cl\/wp-content\/plugins\/booster-extension\/\/assets\/icon\/excited.svg\" alt=\"Excited\">\n                    <\/a>\n                    <div class=\"twp-reaction-title\">\n                        Excited                    <\/div>\n                    <div class=\"twp-count-percent\">\n                                                    <span style=\"display: none;\" class=\"twp-react-count\">0<\/span>\n                                                                        <span class=\"twp-react-percent\"><span>0<\/span> %<\/span>\n                                            <\/div>\n                <\/div>\n\n                <div class=\"twp-reacts-wrap\">\n                    <a react-data=\"be-react-6\" post-id=\"5806\" class=\"be-face-icons un-reacted\" href=\"javascript:void(0)\">\n                        <img decoding=\"async\" src=\"https:\/\/radionorteatacama.cl\/wp-content\/plugins\/booster-extension\/\/assets\/icon\/sleepy.svg\" alt=\"Sleepy\">\n                    <\/a>\n                    <div class=\"twp-reaction-title\">\n                        Sleepy                    <\/div>\n                    <div class=\"twp-count-percent\">\n                                                    <span style=\"display: none;\" class=\"twp-react-count\">0<\/span>\n                        \n                                                <span class=\"twp-react-percent\"><span>0<\/span> %<\/span>\n                                            <\/div>\n                <\/div>\n\n                <div class=\"twp-reacts-wrap\">\n                    <a react-data=\"be-react-4\" post-id=\"5806\" class=\"be-face-icons un-reacted\" href=\"javascript:void(0)\">\n                        <img decoding=\"async\" src=\"https:\/\/radionorteatacama.cl\/wp-content\/plugins\/booster-extension\/\/assets\/icon\/angry.svg\" alt=\"Angry\">\n                    <\/a>\n                    <div class=\"twp-reaction-title\">Angry<\/div>\n                    <div class=\"twp-count-percent\">\n                                                    <span style=\"display: none;\" class=\"twp-react-count\">0<\/span>\n                                                                        <span class=\"twp-react-percent\"><span>0<\/span> %<\/span>\n                        \n                    <\/div>\n                <\/div>\n\n                <div class=\"twp-reacts-wrap\">\n                    <a react-data=\"be-react-5\" post-id=\"5806\" class=\"be-face-icons un-reacted\" href=\"javascript:void(0)\">\n                        <img decoding=\"async\" src=\"https:\/\/radionorteatacama.cl\/wp-content\/plugins\/booster-extension\/\/assets\/icon\/surprise.svg\" alt=\"Surprise\">\n                    <\/a>\n                    <div class=\"twp-reaction-title\">Surprise<\/div>\n                    <div class=\"twp-count-percent\">\n                                                    <span style=\"display: none;\" class=\"twp-react-count\">0<\/span>\n                                                                        <span class=\"twp-react-percent\"><span>0<\/span> %<\/span>\n                                            <\/div>\n                <\/div>\n\n            <\/div>\n        <\/div>\n\n    ","protected":false},"excerpt":{"rendered":"<p>Las actividades se realizar\u00e1n hoy y ma\u00f1ana, tanto en el espacio p\u00fablico como en el Centro Cultural Ser Humano, para reunir la mayor cantidad de informaci\u00f3n y opiniones sobre lo que espera la comunidad de este anhelado proyecto. La Seremi Minvu Atacama, Roc\u00edo D\u00edaz; hizo un especial llamado a las vecinas y vecinos de Copiap\u00f3, [&hellip;]<\/p>\n","protected":false},"author":1,"featured_media":0,"comment_status":"open","ping_status":"open","sticky":false,"template":"","format":"standard","meta":{"_joinchat":[],"footnotes":""},"categories":[1],"tags":[],"class_list":["post-5806","post","type-post","status-publish","format-standard","hentry","category-uncategorized"],"jetpack_featured_media_url":"","blog_post_layout_featured_media_urls":{"thumbnail":"","full":""},"categories_names":{"1":{"name":"Uncategorized","link":"https:\/\/radionorteatacama.cl\/index.php\/category\/uncategorized\/"}},"tags_names":[],"comments_number":"0","_links":{"self":[{"href":"https:\/\/radionorteatacama.cl\/index.php\/wp-json\/wp\/v2\/posts\/5806","targetHints":{"allow":["GET"]}}],"collection":[{"href":"https:\/\/radionorteatacama.cl\/index.php\/wp-json\/wp\/v2\/posts"}],"about":[{"href":"https:\/\/radionorteatacama.cl\/index.php\/wp-json\/wp\/v2\/types\/post"}],"author":[{"embeddable":true,"href":"https:\/\/radionorteatacama.cl\/index.php\/wp-json\/wp\/v2\/users\/1"}],"replies":[{"embeddable":true,"href":"https:\/\/radionorteatacama.cl\/index.php\/wp-json\/wp\/v2\/comments?post=5806"}],"version-history":[{"count":1,"href":"https:\/\/radionorteatacama.cl\/index.php\/wp-json\/wp\/v2\/posts\/5806\/revisions"}],"predecessor-version":[{"id":5807,"href":"https:\/\/radionorteatacama.cl\/index.php\/wp-json\/wp\/v2\/posts\/5806\/revisions\/5807"}],"wp:attachment":[{"href":"https:\/\/radionorteatacama.cl\/index.php\/wp-json\/wp\/v2\/media?parent=5806"}],"wp:term":[{"taxonomy":"category","embeddable":true,"href":"https:\/\/radionorteatacama.cl\/index.php\/wp-json\/wp\/v2\/categories?post=5806"},{"taxonomy":"post_tag","embeddable":true,"href":"https:\/\/radionorteatacama.cl\/index.php\/wp-json\/wp\/v2\/tags?post=5806"}],"curies":[{"name":"wp","href":"https:\/\/api.w.org\/{rel}","templated":true}]}}