{"id":5798,"date":"2023-05-23T05:56:18","date_gmt":"2023-05-23T05:56:18","guid":{"rendered":"http:\/\/radionorteatacama.cl\/?p=5798"},"modified":"2023-05-23T05:56:19","modified_gmt":"2023-05-23T05:56:19","slug":"ministro-montes-inaugura-conjuntos-habitacionales-que-beneficia-a-280-familias-de-copiapo","status":"publish","type":"post","link":"https:\/\/radionorteatacama.cl\/index.php\/2023\/05\/23\/ministro-montes-inaugura-conjuntos-habitacionales-que-beneficia-a-280-familias-de-copiapo\/","title":{"rendered":"Ministro Montes inaugura conjuntos habitacionales que beneficia a 280 familias de Copiapo"},"content":{"rendered":"<div class='booster-block booster-read-block'>\n                <div class=\"twp-read-time\">\n                \t<i class=\"booster-icon twp-clock\"><\/i> <span>Read Time:<\/span>2 Minute, 47 Second                <\/div>\n\n            <\/div><p>El titular del Minvu lider\u00f3 esta ma\u00f1ana la entrega de llaves de los proyectos \u201cSol de Palomar I\u201d y \u201cSol de Palomar II\u201d, en el marco del Plan de Emergencia Habitacional impulsado por el gobierno del Presidente Gabriel Boric.<\/p>\n<p>\u00b7 Las soluciones habitacionales fueron construidas en El Palomar, un barrio consolidado de la capital regional y cercano al Parque Urbano Kaukari del Minvu.<\/p>\n<p>El ministro de Vivienda y Urbanismo, Carlos Montes, encabez\u00f3 esta ma\u00f1ana la ceremonia de inauguraci\u00f3n de los conjuntos habitacionales \u201cSol del Palomar I\u201d y \u201cSol del Palomar II\u201d, correspondientes al Programa Fondo Solidario de Elecci\u00f3n de Vivienda (DS49), que beneficia a un total de 280 familias de sectores de menores recursos de la comuna de Copiap\u00f3, regi\u00f3n de Atacama. En la actividad participaron el gobernador Miguel Vargas, la diputada Daniella Cicardini, el diputado Juan Santana, la seremi Minvu Roc\u00edo D\u00edaz, el director del Serviu Atacama Rodrigo Maturana; y las familias beneficiadas.<\/p>\n<p>El ministro Montes expres\u00f3 su alegr\u00eda por las familias que recibieron sus departamentos, relevando las caracter\u00edsticas de estos. \u201cSon viviendas muy valiosas, el tama\u00f1o es de 61 metros cuadrados, con un dise\u00f1o bastante atractivo y \u00e1reas comunes. As\u00ed que estamos muy contentos de lo que aqu\u00ed se est\u00e1 logrando, que es parte del Plan de Emergencia Habitacional que ha planteado el Presidente Gabriel Boric, y esperamos cumplir la meta, en esta regi\u00f3n y en el pa\u00eds\u201d.<\/p>\n<p>Por su parte, el gobernador Miguel Vargas se\u00f1al\u00f3 que \u201cestamos muy felices por las 280 familias de Atacama que reciben sus departamentos, logrando el sue\u00f1o de la casa propia. Es el anhelo de muchas familias de la regi\u00f3n, todav\u00eda tenemos un d\u00e9ficit habitacional y tenemos que trabajar muy de la mano con el Serviu, los comit\u00e9s, las empresas y entidades patrocinantes para que los proyectos puedan salir adelante\u201d.<\/p>\n<p>Los conjuntos habitacionales \u201cSol de Palomar I\u201d y \u201cSol de Palomar II\u201d est\u00e1n compuestos por 140 departamentos cada uno, ubicados en siete bloques de cinco pisos. Los departamentos cuentan con una superficie de 60,25 m2, con 3 dormitorios, 1 ba\u00f1o, living-comedor, cocina y logia. Asimismo, los proyectos incluyen \u00e1reas verdes con sombreaderos y sala multiuso equipada.<\/p>\n<p>Minvu presenta el proyecto Integrado Borde Kaukari<\/p>\n<p>Posteriormente, el ministro Carlos Montes y autoridades regionales del Minvu presentaron el \u201cProyecto Integrado Borde Kaukari\u201d, en el marco del plan Ciudades Justas, iniciativa que entrega los lineamientos y principios para el futuro desarrollo de los proyectos habitacionales que se emplazar\u00e1n en terrenos adquiridos por el Serviu, localizados alrededor del Parque Urbano Kaukari Minvu en Copiap\u00f3.<\/p>\n<p>El Proyecto Integrado Borde Kaukari busca aprovechar la ubicaci\u00f3n de estos terrenos para propiciar la integraci\u00f3n social mediante los distintos programas del ministerio, acogiendo a familias de menores recursos y de sectores medios en barrios con excelente conectividad a servicios y equipamientos asociados al parque. Adem\u00e1s, se propone incorporar \u00e1reas para el cuidado y el comercio, resguardar suelo para equipamiento cultural y vincular el espacio p\u00fablico con los antejardines de los proyectos habitacionales, mejorando as\u00ed la accesibilidad al Parque Kaukari desde la ciudad.<\/p>\n<p>Este proyecto se enmarca en el Plan Ciudades Justas, iniciativa del Minvu que tiene por objetivo recuperar el rol p\u00fablico del Estado en la creaci\u00f3n de valor de las ciudades, innovando al incorporar dise\u00f1os y modelos de gesti\u00f3n sostenibles, que promuevan una econom\u00eda m\u00e1s justa e igualitaria, reconociendo y redistribuyendo la carga laboral productiva y reproductiva.<\/p>\n        <div class=\"booster-block booster-reactions-block\">\n            <div class=\"twp-reactions-icons\">\n                \n                <div class=\"twp-reacts-wrap\">\n                    <a react-data=\"be-react-1\" post-id=\"5798\" class=\"be-face-icons un-reacted\" href=\"javascript:void(0)\">\n                        <img decoding=\"async\" src=\"https:\/\/radionorteatacama.cl\/wp-content\/plugins\/booster-extension\/\/assets\/icon\/happy.svg\" alt=\"Happy\">\n                    <\/a>\n                    <div class=\"twp-reaction-title\">\n                        Happy                    <\/div>\n                    <div class=\"twp-count-percent\">\n                                                    <span style=\"display: none;\" class=\"twp-react-count\">0<\/span>\n                        \n                                                <span class=\"twp-react-percent\"><span>0<\/span> %<\/span>\n                                            <\/div>\n                <\/div>\n\n                <div class=\"twp-reacts-wrap\">\n                    <a react-data=\"be-react-2\" post-id=\"5798\" class=\"be-face-icons un-reacted\" href=\"javascript:void(0)\">\n                        <img decoding=\"async\" src=\"https:\/\/radionorteatacama.cl\/wp-content\/plugins\/booster-extension\/\/assets\/icon\/sad.svg\" alt=\"Sad\">\n                    <\/a>\n                    <div class=\"twp-reaction-title\">\n                        Sad                    <\/div>\n                    <div class=\"twp-count-percent\">\n                                                    <span style=\"display: none;\" class=\"twp-react-count\">0<\/span>\n                                                                        <span class=\"twp-react-percent\"><span>0<\/span> %<\/span>\n                                            <\/div>\n                <\/div>\n\n                <div class=\"twp-reacts-wrap\">\n                    <a react-data=\"be-react-3\" post-id=\"5798\" class=\"be-face-icons un-reacted\" href=\"javascript:void(0)\">\n                        <img decoding=\"async\" src=\"https:\/\/radionorteatacama.cl\/wp-content\/plugins\/booster-extension\/\/assets\/icon\/excited.svg\" alt=\"Excited\">\n                    <\/a>\n                    <div class=\"twp-reaction-title\">\n                        Excited                    <\/div>\n                    <div class=\"twp-count-percent\">\n                                                    <span style=\"display: none;\" class=\"twp-react-count\">0<\/span>\n                                                                        <span class=\"twp-react-percent\"><span>0<\/span> %<\/span>\n                                            <\/div>\n                <\/div>\n\n                <div class=\"twp-reacts-wrap\">\n                    <a react-data=\"be-react-6\" post-id=\"5798\" class=\"be-face-icons un-reacted\" href=\"javascript:void(0)\">\n                        <img decoding=\"async\" src=\"https:\/\/radionorteatacama.cl\/wp-content\/plugins\/booster-extension\/\/assets\/icon\/sleepy.svg\" alt=\"Sleepy\">\n                    <\/a>\n                    <div class=\"twp-reaction-title\">\n                        Sleepy                    <\/div>\n                    <div class=\"twp-count-percent\">\n                                                    <span style=\"display: none;\" class=\"twp-react-count\">0<\/span>\n                        \n                                                <span class=\"twp-react-percent\"><span>0<\/span> %<\/span>\n                                            <\/div>\n                <\/div>\n\n                <div class=\"twp-reacts-wrap\">\n                    <a react-data=\"be-react-4\" post-id=\"5798\" class=\"be-face-icons un-reacted\" href=\"javascript:void(0)\">\n                        <img decoding=\"async\" src=\"https:\/\/radionorteatacama.cl\/wp-content\/plugins\/booster-extension\/\/assets\/icon\/angry.svg\" alt=\"Angry\">\n                    <\/a>\n                    <div class=\"twp-reaction-title\">Angry<\/div>\n                    <div class=\"twp-count-percent\">\n                                                    <span style=\"display: none;\" class=\"twp-react-count\">0<\/span>\n                                                                        <span class=\"twp-react-percent\"><span>0<\/span> %<\/span>\n                        \n                    <\/div>\n                <\/div>\n\n                <div class=\"twp-reacts-wrap\">\n                    <a react-data=\"be-react-5\" post-id=\"5798\" class=\"be-face-icons un-reacted\" href=\"javascript:void(0)\">\n                        <img decoding=\"async\" src=\"https:\/\/radionorteatacama.cl\/wp-content\/plugins\/booster-extension\/\/assets\/icon\/surprise.svg\" alt=\"Surprise\">\n                    <\/a>\n                    <div class=\"twp-reaction-title\">Surprise<\/div>\n                    <div class=\"twp-count-percent\">\n                                                    <span style=\"display: none;\" class=\"twp-react-count\">0<\/span>\n                                                                        <span class=\"twp-react-percent\"><span>0<\/span> %<\/span>\n                                            <\/div>\n                <\/div>\n\n            <\/div>\n        <\/div>\n\n    ","protected":false},"excerpt":{"rendered":"<p>El titular del Minvu lider\u00f3 esta ma\u00f1ana la entrega de llaves de los proyectos \u201cSol de Palomar I\u201d y \u201cSol de Palomar II\u201d, en el marco del Plan de Emergencia Habitacional impulsado por el gobierno del Presidente Gabriel Boric. \u00b7 Las soluciones habitacionales fueron construidas en El Palomar, un barrio consolidado de la capital regional [&hellip;]<\/p>\n","protected":false},"author":1,"featured_media":0,"comment_status":"open","ping_status":"open","sticky":false,"template":"","format":"standard","meta":{"_joinchat":[],"footnotes":""},"categories":[1],"tags":[],"class_list":["post-5798","post","type-post","status-publish","format-standard","hentry","category-uncategorized"],"jetpack_featured_media_url":"","blog_post_layout_featured_media_urls":{"thumbnail":"","full":""},"categories_names":{"1":{"name":"Uncategorized","link":"https:\/\/radionorteatacama.cl\/index.php\/category\/uncategorized\/"}},"tags_names":[],"comments_number":"0","_links":{"self":[{"href":"https:\/\/radionorteatacama.cl\/index.php\/wp-json\/wp\/v2\/posts\/5798","targetHints":{"allow":["GET"]}}],"collection":[{"href":"https:\/\/radionorteatacama.cl\/index.php\/wp-json\/wp\/v2\/posts"}],"about":[{"href":"https:\/\/radionorteatacama.cl\/index.php\/wp-json\/wp\/v2\/types\/post"}],"author":[{"embeddable":true,"href":"https:\/\/radionorteatacama.cl\/index.php\/wp-json\/wp\/v2\/users\/1"}],"replies":[{"embeddable":true,"href":"https:\/\/radionorteatacama.cl\/index.php\/wp-json\/wp\/v2\/comments?post=5798"}],"version-history":[{"count":1,"href":"https:\/\/radionorteatacama.cl\/index.php\/wp-json\/wp\/v2\/posts\/5798\/revisions"}],"predecessor-version":[{"id":5799,"href":"https:\/\/radionorteatacama.cl\/index.php\/wp-json\/wp\/v2\/posts\/5798\/revisions\/5799"}],"wp:attachment":[{"href":"https:\/\/radionorteatacama.cl\/index.php\/wp-json\/wp\/v2\/media?parent=5798"}],"wp:term":[{"taxonomy":"category","embeddable":true,"href":"https:\/\/radionorteatacama.cl\/index.php\/wp-json\/wp\/v2\/categories?post=5798"},{"taxonomy":"post_tag","embeddable":true,"href":"https:\/\/radionorteatacama.cl\/index.php\/wp-json\/wp\/v2\/tags?post=5798"}],"curies":[{"name":"wp","href":"https:\/\/api.w.org\/{rel}","templated":true}]}}