{"id":5796,"date":"2023-05-23T05:54:23","date_gmt":"2023-05-23T05:54:23","guid":{"rendered":"http:\/\/radionorteatacama.cl\/?p=5796"},"modified":"2023-05-23T05:54:24","modified_gmt":"2023-05-23T05:54:24","slug":"seremi-del-medio-ambiente-realizo-cuenta-publica-participativa-en-vallenar","status":"publish","type":"post","link":"https:\/\/radionorteatacama.cl\/index.php\/2023\/05\/23\/seremi-del-medio-ambiente-realizo-cuenta-publica-participativa-en-vallenar\/","title":{"rendered":"SEREMI del Medio Ambiente realiz\u00f3 cuenta p\u00fablica participativa en Vallenar."},"content":{"rendered":"<div class='booster-block booster-read-block'>\n                <div class=\"twp-read-time\">\n                \t<i class=\"booster-icon twp-clock\"><\/i> <span>Read Time:<\/span>4 Minute, 54 Second                <\/div>\n\n            <\/div><p>En el Centro Tecnol\u00f3gico Ambiental CTA, en Vallenar, la institucionalidad ambiental regional present\u00f3 el Informe de gesti\u00f3n 2022 y los hitos para este a\u00f1o.<\/p>\n<p>La comuna de Vallenar fue el lugar escogido, espec\u00edficamente el Centro Tecnol\u00f3gico Ambiental, por la SEREMI del Medio Ambiente, Natalia Penroz Junto a la Directora del Servicio de Evaluaci\u00f3n Ambiental, Ver\u00f3nica Ossand\u00f3n y el Jefe Regional de la Superintendencia del Medio Ambiente, Felipe S\u00e1nchez, para presentar lo se\u00f1alado en la Ley 20.500 sobre participaci\u00f3n ciudadana en la gesti\u00f3n p\u00fablica.<\/p>\n<p>El objetivo de la cuenta p\u00fablica participativa fue informar a la ciudadan\u00eda sobre la gesti\u00f3n realizada, para recoger opiniones, comentarios, inquietudes y sugerencias sobre la misma, promoviendo el control ciudadano y la corresponsabilidad social.<\/p>\n<p>Con la presencia del Delegado Presidencial de la Provincia del Huasco, Rodrigo Loyola, representantes del Consejo Consultivo del Medio Ambiente, Organizaciones Sociales, Ind\u00edgenas, e Invitados Especiales de la Provincia del Huasco, la SEREMI del Medio Ambiente, Natalia Penroz, encabez\u00f3 la ceremonia de la Cuenta P\u00fablica Participativa 2023, oportunidad en la que realiz\u00f3 un detallado balance de los principales logros e hitos alcanzados por la Seremi durante el a\u00f1o 2022.<\/p>\n<p>Transici\u00f3n Socioecol\u00f3gica Justa:<\/p>\n<p>La SEREMI afirm\u00f3 que nuestro compromiso sigue siendo ser el primero gobierno ecol\u00f3gico, construyendo un nuevo modelo de desarrollo, dando \u00e9nfasis en: Transici\u00f3n socioecol\u00f3gica justa como visi\u00f3n de nuestro quehacer, dentro y fuera del MMA. Transversalizaci\u00f3n y planificaci\u00f3n del enfoque ecol\u00f3gico en el funcionamiento del Gobierno y Estado a trav\u00e9s de una s\u00f3lida coordinaci\u00f3n interministerial.<\/p>\n<p>\u201cAmpliar la representaci\u00f3n de los actores del Consejo para la Recuperaci\u00f3n Ambiental y Social CRAS en la comuna de Huasco. Inclusivo, plural y representativo de la diversidad social y territorial actual de Huasco, como el primer paso para poder actualizar el intrumento, que son las medidas definidas para apodar la problem\u00e1tica socioambiental\u201d, se\u00f1al\u00f3.<\/p>\n<p>La SEREMI Penroz destac\u00f3 adem\u00e1s que se ha iniciado el proceso de co-creaci\u00f3n de los Consejos de Cuenca Piloto, junto a los gobernadores y gobernadoras regionales, con el fin de propiciar la participaci\u00f3n de los actores clave en la planificaci\u00f3n del recurso h\u00eddrico para mejorar la gobernanza de las aguas.<\/p>\n<p>Cambio Clim\u00e1tico:<\/p>\n<p>En esta l\u00ednea la autoridad ambiental acot\u00f3 que \u201cen Chile cuatro regiones han iniciado de forma adelantada la elaboraci\u00f3n de los planes de acci\u00f3n regional, siendo Atacama una de ellas. Esta propuesta se desarroll\u00f3 con el apoyo del Comit\u00e9 Regional de Cambio Clim\u00e1tico y tuvo un proceso de consulta ciudadana durante el a\u00f1o 2022, donde las observaciones levantadas en este proceso se han incluido en el documento final, la cual ya fue aprobada por los Consejeros Regionales durante el a\u00f1o 2023\u201d.<\/p>\n<p>Recursos Naturales, Biodiversidad y \u00c1reas Protegidas:<\/p>\n<p>En marzo 2023 se dio fin al Proceso de Consulta Ind\u00edgena sobre el Anteproyecto de las Normas Secundarias de Calidad Ambiental para la protecci\u00f3n de las aguas continentales superficiales de la cuenca del R\u00edo Huasco, por lo que con los acuerdos realizados con las comunidades ind\u00edgenas, se est\u00e1 elaborando el proyecto definitivo de la norma.<\/p>\n<p>El a\u00f1o 2022 se oficializ\u00f3 la declaratorio del Santuario de la Naturaleza desembocadura del r\u00edo Copiap\u00f3, que se suma a los santuario de Carrizal Bajo y Totoral costero.<\/p>\n<p>Desde el a\u00f1os 2022 se esta trabajando junto a la Regi\u00f3n de Coquimbo en solicitar la declaratoria del \u00c1rea Marina Costera Protegida de M\u00faltiples Usos Archipi\u00e9lago de Humboldt, que ser\u00eda la primera \u00e1reas de estas caracter\u00edsticas birregional. Esta solicitud ya fue enviada al Ministerio del Medio Ambiente y esta pronta a ser votada en el Consejo de Ministros para la Sustentabilidad y Cambio Clim\u00e1tico.<\/p>\n<p>Fue anunciado por el presidente Gabriel Boric Font, la creaci\u00f3n del Parque Nacional Desierto Florido, llevando adelante todo el proceso de tramitaci\u00f3n el cual obtuvo la aprobaci\u00f3n del Consejo de Ministros en diciembre de 2022 y actualmente se encuentra en sus \u00faltimas etapas de promulgaci\u00f3n.<\/p>\n<p>Calidad de Aire:<\/p>\n<p>En esta l\u00ednea la SEREMI destac\u00f3 que el a\u00f1o 2022 comenz\u00f3 la elaboraci\u00f3n del esperado Plan de Descontaminaci\u00f3n por MP10 de Copiap\u00f3 y Tierra Amarilla, donde ya se conform\u00f3 su Comit\u00e9 Operativo y se est\u00e1 conformando el Comit\u00e9 Operativo Ampliado, ampliando la participaci\u00f3n de la ciudadan\u00eda. Esta planificado poder culminar el anteproyecto de este plan durante el presente a\u00f1o, para luego someterlo a consulta p\u00fablica.<\/p>\n<p>Adem\u00e1s, destac\u00f3 el compromiso establecido por la ministra Maisa Rojas en su visita a Cha\u00f1aral, de establecer una estaci\u00f3n monitora de calidad del aire, lo cual se concretar\u00e1 durante este primer semestre.<\/p>\n<p>Por \u00faltimo, mencion\u00f3 que se esta llevando adelante un estudio que evaluar\u00e1 la efectividad del Plan de Prevenci\u00f3n de Huasco, con el fin de actualizar esta instrumento durante este a\u00f1o 2023.<\/p>\n<p>Econom\u00eda Circular y Gesti\u00f3n de Residuos:<\/p>\n<p>En nuestra calidad de liderazgo de la Secretar\u00eda Ejecutiva de Residuos, junto a diversos servicios, se est\u00e1 apoyando a los municipios de nuestra regi\u00f3n en llevar adelante el Plan de Acci\u00f3n Regional<\/p>\n<p>de Residuos, que plantea medidas para abordar los residuos org\u00e1nicos y la construcci\u00f3n de rellenos sanitarios, entre otros.<\/p>\n<p>Evaluaci\u00f3n Ambiental:<\/p>\n<p>Durante la presentaci\u00f3n tambi\u00e9n expuso la directora regional del Servicio de Evaluaci\u00f3n Ambiental Ver\u00f3nica Ossand\u00f3n, quien destac\u00f3 los principales hitos del periodo 2022, con los 18 proyectos ingresados al SEIA, los 25 proyectos calificados, por un monto de Inversi\u00f3n de casi 1.500 millones de d\u00f3lares en la regi\u00f3n, donde la delantera la lleva el sector energ\u00e9ticos, seguido por el minero.<\/p>\n<p>Superintendencia del Medio Ambiente:<\/p>\n<p>En el \u00e1mbito de fiscalizaciones, el jefe regional de la SMA, Felipe S\u00e1nchez agreg\u00f3 que en la regi\u00f3n se llevaron a cabo 75 procesos de fiscalizaci\u00f3n a 75 unidades fiscalizables, donde destaca la participaci\u00f3n de la comunidad, debido a las 154 denuncias recibidas en 2022, que direccionan las acciones de fiscalizaci\u00f3n.<\/p>\n<p>La actividad cerr\u00f3 con las consultas realizadas por los asistentes. La informaci\u00f3n presentada en cada cuenta p\u00fablica de la institucionalidad ambiental de todo el pa\u00eds, puede ser revisada en la p\u00e1gina web cuentasp\u00fablicas.mma.gob.cl donde tambi\u00e9n se podr\u00e1n realizar observaciones o sugerencias.<\/p>\n        <div class=\"booster-block booster-reactions-block\">\n            <div class=\"twp-reactions-icons\">\n                \n                <div class=\"twp-reacts-wrap\">\n                    <a react-data=\"be-react-1\" post-id=\"5796\" class=\"be-face-icons un-reacted\" href=\"javascript:void(0)\">\n                        <img decoding=\"async\" src=\"https:\/\/radionorteatacama.cl\/wp-content\/plugins\/booster-extension\/\/assets\/icon\/happy.svg\" alt=\"Happy\">\n                    <\/a>\n                    <div class=\"twp-reaction-title\">\n                        Happy                    <\/div>\n                    <div class=\"twp-count-percent\">\n                                                    <span style=\"display: none;\" class=\"twp-react-count\">0<\/span>\n                        \n                                                <span class=\"twp-react-percent\"><span>0<\/span> %<\/span>\n                                            <\/div>\n                <\/div>\n\n                <div class=\"twp-reacts-wrap\">\n                    <a react-data=\"be-react-2\" post-id=\"5796\" class=\"be-face-icons un-reacted\" href=\"javascript:void(0)\">\n                        <img decoding=\"async\" src=\"https:\/\/radionorteatacama.cl\/wp-content\/plugins\/booster-extension\/\/assets\/icon\/sad.svg\" alt=\"Sad\">\n                    <\/a>\n                    <div class=\"twp-reaction-title\">\n                        Sad                    <\/div>\n                    <div class=\"twp-count-percent\">\n                                                    <span style=\"display: none;\" class=\"twp-react-count\">0<\/span>\n                                                                        <span class=\"twp-react-percent\"><span>0<\/span> %<\/span>\n                                            <\/div>\n                <\/div>\n\n                <div class=\"twp-reacts-wrap\">\n                    <a react-data=\"be-react-3\" post-id=\"5796\" class=\"be-face-icons un-reacted\" href=\"javascript:void(0)\">\n                        <img decoding=\"async\" src=\"https:\/\/radionorteatacama.cl\/wp-content\/plugins\/booster-extension\/\/assets\/icon\/excited.svg\" alt=\"Excited\">\n                    <\/a>\n                    <div class=\"twp-reaction-title\">\n                        Excited                    <\/div>\n                    <div class=\"twp-count-percent\">\n                                                    <span style=\"display: none;\" class=\"twp-react-count\">0<\/span>\n                                                                        <span class=\"twp-react-percent\"><span>0<\/span> %<\/span>\n                                            <\/div>\n                <\/div>\n\n                <div class=\"twp-reacts-wrap\">\n                    <a react-data=\"be-react-6\" post-id=\"5796\" class=\"be-face-icons un-reacted\" href=\"javascript:void(0)\">\n                        <img decoding=\"async\" src=\"https:\/\/radionorteatacama.cl\/wp-content\/plugins\/booster-extension\/\/assets\/icon\/sleepy.svg\" alt=\"Sleepy\">\n                    <\/a>\n                    <div class=\"twp-reaction-title\">\n                        Sleepy                    <\/div>\n                    <div class=\"twp-count-percent\">\n                                                    <span style=\"display: none;\" class=\"twp-react-count\">0<\/span>\n                        \n                                                <span class=\"twp-react-percent\"><span>0<\/span> %<\/span>\n                                            <\/div>\n                <\/div>\n\n                <div class=\"twp-reacts-wrap\">\n                    <a react-data=\"be-react-4\" post-id=\"5796\" class=\"be-face-icons un-reacted\" href=\"javascript:void(0)\">\n                        <img decoding=\"async\" src=\"https:\/\/radionorteatacama.cl\/wp-content\/plugins\/booster-extension\/\/assets\/icon\/angry.svg\" alt=\"Angry\">\n                    <\/a>\n                    <div class=\"twp-reaction-title\">Angry<\/div>\n                    <div class=\"twp-count-percent\">\n                                                    <span style=\"display: none;\" class=\"twp-react-count\">0<\/span>\n                                                                        <span class=\"twp-react-percent\"><span>0<\/span> %<\/span>\n                        \n                    <\/div>\n                <\/div>\n\n                <div class=\"twp-reacts-wrap\">\n                    <a react-data=\"be-react-5\" post-id=\"5796\" class=\"be-face-icons un-reacted\" href=\"javascript:void(0)\">\n                        <img decoding=\"async\" src=\"https:\/\/radionorteatacama.cl\/wp-content\/plugins\/booster-extension\/\/assets\/icon\/surprise.svg\" alt=\"Surprise\">\n                    <\/a>\n                    <div class=\"twp-reaction-title\">Surprise<\/div>\n                    <div class=\"twp-count-percent\">\n                                                    <span style=\"display: none;\" class=\"twp-react-count\">0<\/span>\n                                                                        <span class=\"twp-react-percent\"><span>0<\/span> %<\/span>\n                                            <\/div>\n                <\/div>\n\n            <\/div>\n        <\/div>\n\n    ","protected":false},"excerpt":{"rendered":"<p>En el Centro Tecnol\u00f3gico Ambiental CTA, en Vallenar, la institucionalidad ambiental regional present\u00f3 el Informe de gesti\u00f3n 2022 y los hitos para este a\u00f1o. La comuna de Vallenar fue el lugar escogido, espec\u00edficamente el Centro Tecnol\u00f3gico Ambiental, por la SEREMI del Medio Ambiente, Natalia Penroz Junto a la Directora del Servicio de Evaluaci\u00f3n Ambiental, Ver\u00f3nica [&hellip;]<\/p>\n","protected":false},"author":1,"featured_media":0,"comment_status":"open","ping_status":"open","sticky":false,"template":"","format":"standard","meta":{"_joinchat":[],"footnotes":""},"categories":[1],"tags":[],"class_list":["post-5796","post","type-post","status-publish","format-standard","hentry","category-uncategorized"],"jetpack_featured_media_url":"","blog_post_layout_featured_media_urls":{"thumbnail":"","full":""},"categories_names":{"1":{"name":"Uncategorized","link":"https:\/\/radionorteatacama.cl\/index.php\/category\/uncategorized\/"}},"tags_names":[],"comments_number":"0","_links":{"self":[{"href":"https:\/\/radionorteatacama.cl\/index.php\/wp-json\/wp\/v2\/posts\/5796","targetHints":{"allow":["GET"]}}],"collection":[{"href":"https:\/\/radionorteatacama.cl\/index.php\/wp-json\/wp\/v2\/posts"}],"about":[{"href":"https:\/\/radionorteatacama.cl\/index.php\/wp-json\/wp\/v2\/types\/post"}],"author":[{"embeddable":true,"href":"https:\/\/radionorteatacama.cl\/index.php\/wp-json\/wp\/v2\/users\/1"}],"replies":[{"embeddable":true,"href":"https:\/\/radionorteatacama.cl\/index.php\/wp-json\/wp\/v2\/comments?post=5796"}],"version-history":[{"count":1,"href":"https:\/\/radionorteatacama.cl\/index.php\/wp-json\/wp\/v2\/posts\/5796\/revisions"}],"predecessor-version":[{"id":5797,"href":"https:\/\/radionorteatacama.cl\/index.php\/wp-json\/wp\/v2\/posts\/5796\/revisions\/5797"}],"wp:attachment":[{"href":"https:\/\/radionorteatacama.cl\/index.php\/wp-json\/wp\/v2\/media?parent=5796"}],"wp:term":[{"taxonomy":"category","embeddable":true,"href":"https:\/\/radionorteatacama.cl\/index.php\/wp-json\/wp\/v2\/categories?post=5796"},{"taxonomy":"post_tag","embeddable":true,"href":"https:\/\/radionorteatacama.cl\/index.php\/wp-json\/wp\/v2\/tags?post=5796"}],"curies":[{"name":"wp","href":"https:\/\/api.w.org\/{rel}","templated":true}]}}