{"id":5794,"date":"2023-05-23T05:51:38","date_gmt":"2023-05-23T05:51:38","guid":{"rendered":"http:\/\/radionorteatacama.cl\/?p=5794"},"modified":"2023-05-23T05:51:39","modified_gmt":"2023-05-23T05:51:39","slug":"seremi-de-economia-makarena-arias-vargas-y-supermercado-tottus-inauguran-cuatro-tiendas-para-emprendimientos-en-vallenar","status":"publish","type":"post","link":"https:\/\/radionorteatacama.cl\/index.php\/2023\/05\/23\/seremi-de-economia-makarena-arias-vargas-y-supermercado-tottus-inauguran-cuatro-tiendas-para-emprendimientos-en-vallenar\/","title":{"rendered":"Seremi de Econom\u00eda, Makarena Arias Vargas y Supermercado Tottus, inauguran cuatro tiendas para emprendimientos en Vallenar"},"content":{"rendered":"<div class='booster-block booster-read-block'>\n                <div class=\"twp-read-time\">\n                \t<i class=\"booster-icon twp-clock\"><\/i> <span>Read Time:<\/span>2 Minute, 51 Second                <\/div>\n\n            <\/div><p>La autoridad regional de Econom\u00eda lider\u00f3 el lanzamiento de los nuevos espacios para emprendimientos \u201cPyme Atacame\u00f1a\u201d, espacio dirigido especialmente para el desarrollo de este tipo de negocios en el supermercado Tottus de Vallenar.<\/p>\n<p>La Seremi de Econom\u00eda, Fomento y Turismo, Makarena Arias, estuvo en la comuna de Vallenar inaugurando las Tiendas Pyme Atacame\u00f1a en el Supermercado Tottus de Vallenar. Esta visita tiene por objetivo generar el lanzamiento de 4 tiendas \u201cPyme Atacame\u00f1a\u201d que cont\u00f3 con la presencia de diversas autoridades regionales, adem\u00e1s de dar a conocer las diversas iniciativas de apoyo a las empresas de menor tama\u00f1o.<\/p>\n<p>Tras un trabajo liderado por la Seremi de Econom\u00eda, Makarena Arias Vargas, donde sostuvo reuniones de coordinaci\u00f3n junto al gerente regional del supermercado tottus, Pablo Vergara, la Seremi de Econom\u00eda se dirigi\u00f3 a las inmediaciones del supermercado tottus de Vallenar, donde realiz\u00f3 el lanzamiento de cuatro nuevos espacios dirigido al emprendimiento \u201cPyme Atacame\u00f1a\u201d. Instancia colaborativa donde treinta y tres MiPymes locales de Vallenar pueden ofrecer sus productos en el supermercado tottus durante tres meses. Dicho periodo se renovar\u00e1 peri\u00f3dicamente para que otros negocios puedan posicionarse.<\/p>\n<p>Respecto a la inauguraci\u00f3n de este espacio, la secretaria regional ministerial de econom\u00eda valor\u00f3 la instancia, destacando las oportunidades que pueden acceder los emprendedores y emprendedoras participantes. \u201cLa alianza<\/p>\n<p>publico privada es muy importante. Ya que fortalece al supermercado, pero tambi\u00e9n fortalece a las y los emprendedores. Nuestro sello desde la SEREMI de Econom\u00eda, Fomento y Turismo es generar estos espacios de conexi\u00f3n y articulaci\u00f3n entre empresas m\u00e1s grandes y peque\u00f1as, o emprendedores o empresas m\u00e1s grandes, es algo que le falta a nuestro pa\u00eds y queremos generar estos espacios e instancias en toda la regi\u00f3n. Hacemos el llamado a que visiten estas cuatro tiendas ubicadas en tottus de Vallenar donde podr\u00e1n encontrar una gran variedad de productos locales. Vamos a continuar realizando estos espacios y apoyo para que nuestras Pymes de la regi\u00f3n puedan desarrollarse a plenitud\u201d, explic\u00f3.<\/p>\n<p>Al respecto, el gerente regional de Tottus Vallenar, Pablo Vergara, coment\u00f3; \u201cEn Tottus estamos orgullos de impulsar y acompa\u00f1ar el desarrollo comercial de emprendedores locales. Por eso, nos hace sentido ser parte de Pyme Atacame\u00f1a, junto a la SEREMI de Econom\u00eda, Fomento y Turismo de la Regi\u00f3n, Makarena Arias. Nos alegra recibir en nuestros espacios productos hechos por manos trabajadoras de la zona y ser un aporte para la promoci\u00f3n de estos. Como compa\u00f1\u00eda tenemos un compromiso con los emprendedores, con ayuda a destacar la identidad local y contribuir al desarrollo de nuestras comunidades, poniendo a su disposici\u00f3n diferentes alternativas de apoyo\u201d indic\u00f3.<\/p>\n<p>Algunos de los productos y servicios que las tiendas Pyme Atacame\u00f1a ofrecen son: artesan\u00eda, art\u00edculos de decoraci\u00f3n, joyas, tejidos, ropa, accesorios manualidades, cuadros pintados, pisco, cerveza, pajarete, aromaterapia y fisoterapia usando medicina hierbal, entre otros.<\/p>\n<p>\u201cNuestro compromiso como gobierno es seguir potenciando estas alianzas p\u00fablico y privada, con el desarrollo de las mipymes que potencien en el futuro la provincia del Huasco como un destino tur\u00edstico relevante. Que esta inauguraci\u00f3n sea una instancia para posicionar y visibilizar el talento, el trabajo e innovaci\u00f3n de las y los emprendedores. Invitamos a todos y todas los Atacame\u00f1os que visiten Pyme Atacame\u00f1a en el Supermercado Tottus de Vallenar, que estar\u00e1n hasta el 19 de Agosto, donde podr\u00e1n encontrar productos elaborados con mucho cari\u00f1o, emprendedores y emprendedoras que a trav\u00e9s de sus productos transmiten a la comunidad emociones, calidad y dedicaci\u00f3n\u201d coment\u00f3 la Seremi de Econom\u00eda, Fomento y Turismo Makarena Arias Vargas.<\/p>\n        <div class=\"booster-block booster-reactions-block\">\n            <div class=\"twp-reactions-icons\">\n                \n                <div class=\"twp-reacts-wrap\">\n                    <a react-data=\"be-react-1\" post-id=\"5794\" class=\"be-face-icons un-reacted\" href=\"javascript:void(0)\">\n                        <img decoding=\"async\" src=\"https:\/\/radionorteatacama.cl\/wp-content\/plugins\/booster-extension\/\/assets\/icon\/happy.svg\" alt=\"Happy\">\n                    <\/a>\n                    <div class=\"twp-reaction-title\">\n                        Happy                    <\/div>\n                    <div class=\"twp-count-percent\">\n                                                    <span style=\"display: none;\" class=\"twp-react-count\">0<\/span>\n                        \n                                                <span class=\"twp-react-percent\"><span>0<\/span> %<\/span>\n                                            <\/div>\n                <\/div>\n\n                <div class=\"twp-reacts-wrap\">\n                    <a react-data=\"be-react-2\" post-id=\"5794\" class=\"be-face-icons un-reacted\" href=\"javascript:void(0)\">\n                        <img decoding=\"async\" src=\"https:\/\/radionorteatacama.cl\/wp-content\/plugins\/booster-extension\/\/assets\/icon\/sad.svg\" alt=\"Sad\">\n                    <\/a>\n                    <div class=\"twp-reaction-title\">\n                        Sad                    <\/div>\n                    <div class=\"twp-count-percent\">\n                                                    <span style=\"display: none;\" class=\"twp-react-count\">0<\/span>\n                                                                        <span class=\"twp-react-percent\"><span>0<\/span> %<\/span>\n                                            <\/div>\n                <\/div>\n\n                <div class=\"twp-reacts-wrap\">\n                    <a react-data=\"be-react-3\" post-id=\"5794\" class=\"be-face-icons un-reacted\" href=\"javascript:void(0)\">\n                        <img decoding=\"async\" src=\"https:\/\/radionorteatacama.cl\/wp-content\/plugins\/booster-extension\/\/assets\/icon\/excited.svg\" alt=\"Excited\">\n                    <\/a>\n                    <div class=\"twp-reaction-title\">\n                        Excited                    <\/div>\n                    <div class=\"twp-count-percent\">\n                                                    <span style=\"display: none;\" class=\"twp-react-count\">0<\/span>\n                                                                        <span class=\"twp-react-percent\"><span>0<\/span> %<\/span>\n                                            <\/div>\n                <\/div>\n\n                <div class=\"twp-reacts-wrap\">\n                    <a react-data=\"be-react-6\" post-id=\"5794\" class=\"be-face-icons un-reacted\" href=\"javascript:void(0)\">\n                        <img decoding=\"async\" src=\"https:\/\/radionorteatacama.cl\/wp-content\/plugins\/booster-extension\/\/assets\/icon\/sleepy.svg\" alt=\"Sleepy\">\n                    <\/a>\n                    <div class=\"twp-reaction-title\">\n                        Sleepy                    <\/div>\n                    <div class=\"twp-count-percent\">\n                                                    <span style=\"display: none;\" class=\"twp-react-count\">0<\/span>\n                        \n                                                <span class=\"twp-react-percent\"><span>0<\/span> %<\/span>\n                                            <\/div>\n                <\/div>\n\n                <div class=\"twp-reacts-wrap\">\n                    <a react-data=\"be-react-4\" post-id=\"5794\" class=\"be-face-icons un-reacted\" href=\"javascript:void(0)\">\n                        <img decoding=\"async\" src=\"https:\/\/radionorteatacama.cl\/wp-content\/plugins\/booster-extension\/\/assets\/icon\/angry.svg\" alt=\"Angry\">\n                    <\/a>\n                    <div class=\"twp-reaction-title\">Angry<\/div>\n                    <div class=\"twp-count-percent\">\n                                                    <span style=\"display: none;\" class=\"twp-react-count\">0<\/span>\n                                                                        <span class=\"twp-react-percent\"><span>0<\/span> %<\/span>\n                        \n                    <\/div>\n                <\/div>\n\n                <div class=\"twp-reacts-wrap\">\n                    <a react-data=\"be-react-5\" post-id=\"5794\" class=\"be-face-icons un-reacted\" href=\"javascript:void(0)\">\n                        <img decoding=\"async\" src=\"https:\/\/radionorteatacama.cl\/wp-content\/plugins\/booster-extension\/\/assets\/icon\/surprise.svg\" alt=\"Surprise\">\n                    <\/a>\n                    <div class=\"twp-reaction-title\">Surprise<\/div>\n                    <div class=\"twp-count-percent\">\n                                                    <span style=\"display: none;\" class=\"twp-react-count\">0<\/span>\n                                                                        <span class=\"twp-react-percent\"><span>0<\/span> %<\/span>\n                                            <\/div>\n                <\/div>\n\n            <\/div>\n        <\/div>\n\n    ","protected":false},"excerpt":{"rendered":"<p>La autoridad regional de Econom\u00eda lider\u00f3 el lanzamiento de los nuevos espacios para emprendimientos \u201cPyme Atacame\u00f1a\u201d, espacio dirigido especialmente para el desarrollo de este tipo de negocios en el supermercado Tottus de Vallenar. La Seremi de Econom\u00eda, Fomento y Turismo, Makarena Arias, estuvo en la comuna de Vallenar inaugurando las Tiendas Pyme Atacame\u00f1a en el [&hellip;]<\/p>\n","protected":false},"author":1,"featured_media":0,"comment_status":"open","ping_status":"open","sticky":false,"template":"","format":"standard","meta":{"_joinchat":[],"footnotes":""},"categories":[1],"tags":[],"class_list":["post-5794","post","type-post","status-publish","format-standard","hentry","category-uncategorized"],"jetpack_featured_media_url":"","blog_post_layout_featured_media_urls":{"thumbnail":"","full":""},"categories_names":{"1":{"name":"Uncategorized","link":"https:\/\/radionorteatacama.cl\/index.php\/category\/uncategorized\/"}},"tags_names":[],"comments_number":"0","_links":{"self":[{"href":"https:\/\/radionorteatacama.cl\/index.php\/wp-json\/wp\/v2\/posts\/5794","targetHints":{"allow":["GET"]}}],"collection":[{"href":"https:\/\/radionorteatacama.cl\/index.php\/wp-json\/wp\/v2\/posts"}],"about":[{"href":"https:\/\/radionorteatacama.cl\/index.php\/wp-json\/wp\/v2\/types\/post"}],"author":[{"embeddable":true,"href":"https:\/\/radionorteatacama.cl\/index.php\/wp-json\/wp\/v2\/users\/1"}],"replies":[{"embeddable":true,"href":"https:\/\/radionorteatacama.cl\/index.php\/wp-json\/wp\/v2\/comments?post=5794"}],"version-history":[{"count":1,"href":"https:\/\/radionorteatacama.cl\/index.php\/wp-json\/wp\/v2\/posts\/5794\/revisions"}],"predecessor-version":[{"id":5795,"href":"https:\/\/radionorteatacama.cl\/index.php\/wp-json\/wp\/v2\/posts\/5794\/revisions\/5795"}],"wp:attachment":[{"href":"https:\/\/radionorteatacama.cl\/index.php\/wp-json\/wp\/v2\/media?parent=5794"}],"wp:term":[{"taxonomy":"category","embeddable":true,"href":"https:\/\/radionorteatacama.cl\/index.php\/wp-json\/wp\/v2\/categories?post=5794"},{"taxonomy":"post_tag","embeddable":true,"href":"https:\/\/radionorteatacama.cl\/index.php\/wp-json\/wp\/v2\/tags?post=5794"}],"curies":[{"name":"wp","href":"https:\/\/api.w.org\/{rel}","templated":true}]}}