{"id":5245,"date":"2023-03-31T06:51:15","date_gmt":"2023-03-31T06:51:15","guid":{"rendered":"http:\/\/radionorteatacama.cl\/?p=5245"},"modified":"2023-03-31T06:51:16","modified_gmt":"2023-03-31T06:51:16","slug":"noticias-nacional","status":"publish","type":"post","link":"https:\/\/radionorteatacama.cl\/index.php\/2023\/03\/31\/noticias-nacional\/","title":{"rendered":"Noticias Nacional"},"content":{"rendered":"<div class='booster-block booster-read-block'>\n                <div class=\"twp-read-time\">\n                \t<i class=\"booster-icon twp-clock\"><\/i> <span>Read Time:<\/span>1 Minute, 16 Second                <\/div>\n\n            <\/div>\n<h2 class=\"wp-block-heading\">Conductor huy\u00f3 a pie: Carabinero fue atropellado en Ercilla por auto que ten\u00eda encargo por robo<\/h2>\n\n\n\n<p>La noche de este jueves, un funcionario de\u00a0<a href=\"https:\/\/www.meganoticias.cl\/temas\/carabineros\/\" target=\"_blank\" rel=\"noreferrer noopener\">Carabineros\u00a0<\/a>fue atropellado en medio de una fiscalizaci\u00f3n en Ercilla,\u00a0<a href=\"https:\/\/www.meganoticias.cl\/temas\/region-de-la-araucania\/\" rel=\"noreferrer noopener\" target=\"_blank\">regi\u00f3n de La Araucan\u00eda<\/a>.<\/p>\n\n\n\n<p>El hecho se dio mientras efectivos policiales se encontraban en la<strong>\u00a0Ruta 5 Sur, sector Cruce Quechereguas<\/strong>\u00a0en un operativo, tras ser llamados por un veh\u00edculo que se encontraba estacionado y que\u00a0<strong>ten\u00eda encargo por robo.<\/strong><\/p>\n\n\n\n<p>arabineros dispar\u00f3 al veh\u00edculo<br>El autom\u00f3vil se encontraba sin ocupantes en su interior, sin embargo, una camioneta apareci\u00f3 sorpresivamente a gran velocidad y choc\u00f3 a un sargento, provocando que este impacte contra un auto blindado ubicado en el lugar.<\/p>\n\n\n\n<p>\u201cInmediatamente, el personal hace uso de su armamento de servicio, provocando que choque contra un veh\u00edculo blindado, d\u00e1ndose a la fuga el conductor hacia las zonas boscosas\u201d, se\u00f1al\u00f3 el General Cristian Mansilla.<\/p>\n\n\n\n<p>El responsable huy\u00f3 a pie<br>Los disparos perpetrados por los oficiales impidieron que la camioneta siguiera avanzando y el autor del hecho huy\u00f3 a pie por el bosque.<\/p>\n\n\n\n<p>Cabe destacar que, tanto el veh\u00edculo que estaba detenido en la carretera como el que atropell\u00f3 al carabinero, ten\u00edan encargo por robo.<\/p>\n\n\n\n<p>En cuanto al sargento afectado, este se encuentra en el Hospital de Victoria, donde se le est\u00e1n realizando diversos ex\u00e1menes m\u00e9dicos para constatar su estado de salud.<\/p>\n\n\n\n<p>Tanto OS-9 y Labocar de Carabineros, se encuentran desplegados en el lugar realizando las diligencias respectivas. Adem\u00e1s, se conform\u00f3 un equipo multidisciplinario para dar con los autores del hecho.<\/p>\n        <div class=\"booster-block booster-reactions-block\">\n            <div class=\"twp-reactions-icons\">\n                \n                <div class=\"twp-reacts-wrap\">\n                    <a react-data=\"be-react-1\" post-id=\"5245\" class=\"be-face-icons un-reacted\" href=\"javascript:void(0)\">\n                        <img decoding=\"async\" src=\"https:\/\/radionorteatacama.cl\/wp-content\/plugins\/booster-extension\/\/assets\/icon\/happy.svg\" alt=\"Happy\">\n                    <\/a>\n                    <div class=\"twp-reaction-title\">\n                        Happy                    <\/div>\n                    <div class=\"twp-count-percent\">\n                                                    <span style=\"display: none;\" class=\"twp-react-count\">0<\/span>\n                        \n                                                <span class=\"twp-react-percent\"><span>0<\/span> %<\/span>\n                                            <\/div>\n                <\/div>\n\n                <div class=\"twp-reacts-wrap\">\n                    <a react-data=\"be-react-2\" post-id=\"5245\" class=\"be-face-icons un-reacted\" href=\"javascript:void(0)\">\n                        <img decoding=\"async\" src=\"https:\/\/radionorteatacama.cl\/wp-content\/plugins\/booster-extension\/\/assets\/icon\/sad.svg\" alt=\"Sad\">\n                    <\/a>\n                    <div class=\"twp-reaction-title\">\n                        Sad                    <\/div>\n                    <div class=\"twp-count-percent\">\n                                                    <span style=\"display: none;\" class=\"twp-react-count\">0<\/span>\n                                                                        <span class=\"twp-react-percent\"><span>0<\/span> %<\/span>\n                                            <\/div>\n                <\/div>\n\n                <div class=\"twp-reacts-wrap\">\n                    <a react-data=\"be-react-3\" post-id=\"5245\" class=\"be-face-icons un-reacted\" href=\"javascript:void(0)\">\n                        <img decoding=\"async\" src=\"https:\/\/radionorteatacama.cl\/wp-content\/plugins\/booster-extension\/\/assets\/icon\/excited.svg\" alt=\"Excited\">\n                    <\/a>\n                    <div class=\"twp-reaction-title\">\n                        Excited                    <\/div>\n                    <div class=\"twp-count-percent\">\n                                                    <span style=\"display: none;\" class=\"twp-react-count\">0<\/span>\n                                                                        <span class=\"twp-react-percent\"><span>0<\/span> %<\/span>\n                                            <\/div>\n                <\/div>\n\n                <div class=\"twp-reacts-wrap\">\n                    <a react-data=\"be-react-6\" post-id=\"5245\" class=\"be-face-icons un-reacted\" href=\"javascript:void(0)\">\n                        <img decoding=\"async\" src=\"https:\/\/radionorteatacama.cl\/wp-content\/plugins\/booster-extension\/\/assets\/icon\/sleepy.svg\" alt=\"Sleepy\">\n                    <\/a>\n                    <div class=\"twp-reaction-title\">\n                        Sleepy                    <\/div>\n                    <div class=\"twp-count-percent\">\n                                                    <span style=\"display: none;\" class=\"twp-react-count\">0<\/span>\n                        \n                                                <span class=\"twp-react-percent\"><span>0<\/span> %<\/span>\n                                            <\/div>\n                <\/div>\n\n                <div class=\"twp-reacts-wrap\">\n                    <a react-data=\"be-react-4\" post-id=\"5245\" class=\"be-face-icons un-reacted\" href=\"javascript:void(0)\">\n                        <img decoding=\"async\" src=\"https:\/\/radionorteatacama.cl\/wp-content\/plugins\/booster-extension\/\/assets\/icon\/angry.svg\" alt=\"Angry\">\n                    <\/a>\n                    <div class=\"twp-reaction-title\">Angry<\/div>\n                    <div class=\"twp-count-percent\">\n                                                    <span style=\"display: none;\" class=\"twp-react-count\">0<\/span>\n                                                                        <span class=\"twp-react-percent\"><span>0<\/span> %<\/span>\n                        \n                    <\/div>\n                <\/div>\n\n                <div class=\"twp-reacts-wrap\">\n                    <a react-data=\"be-react-5\" post-id=\"5245\" class=\"be-face-icons un-reacted\" href=\"javascript:void(0)\">\n                        <img decoding=\"async\" src=\"https:\/\/radionorteatacama.cl\/wp-content\/plugins\/booster-extension\/\/assets\/icon\/surprise.svg\" alt=\"Surprise\">\n                    <\/a>\n                    <div class=\"twp-reaction-title\">Surprise<\/div>\n                    <div class=\"twp-count-percent\">\n                                                    <span style=\"display: none;\" class=\"twp-react-count\">0<\/span>\n                                                                        <span class=\"twp-react-percent\"><span>0<\/span> %<\/span>\n                                            <\/div>\n                <\/div>\n\n            <\/div>\n        <\/div>\n\n    ","protected":false},"excerpt":{"rendered":"<p>Conductor huy\u00f3 a pie: Carabinero fue atropellado en Ercilla por auto que ten\u00eda encargo por robo La noche de este jueves, un funcionario de\u00a0Carabineros\u00a0fue atropellado en medio de una fiscalizaci\u00f3n en Ercilla,\u00a0regi\u00f3n de La Araucan\u00eda. El hecho se dio mientras efectivos policiales se encontraban en la\u00a0Ruta 5 Sur, sector Cruce Quechereguas\u00a0en un operativo, tras ser [&hellip;]<\/p>\n","protected":false},"author":1,"featured_media":0,"comment_status":"open","ping_status":"open","sticky":false,"template":"","format":"standard","meta":{"_joinchat":[],"footnotes":""},"categories":[1],"tags":[],"class_list":["post-5245","post","type-post","status-publish","format-standard","hentry","category-uncategorized"],"jetpack_featured_media_url":"","blog_post_layout_featured_media_urls":{"thumbnail":"","full":""},"categories_names":{"1":{"name":"Uncategorized","link":"https:\/\/radionorteatacama.cl\/index.php\/category\/uncategorized\/"}},"tags_names":[],"comments_number":"0","_links":{"self":[{"href":"https:\/\/radionorteatacama.cl\/index.php\/wp-json\/wp\/v2\/posts\/5245","targetHints":{"allow":["GET"]}}],"collection":[{"href":"https:\/\/radionorteatacama.cl\/index.php\/wp-json\/wp\/v2\/posts"}],"about":[{"href":"https:\/\/radionorteatacama.cl\/index.php\/wp-json\/wp\/v2\/types\/post"}],"author":[{"embeddable":true,"href":"https:\/\/radionorteatacama.cl\/index.php\/wp-json\/wp\/v2\/users\/1"}],"replies":[{"embeddable":true,"href":"https:\/\/radionorteatacama.cl\/index.php\/wp-json\/wp\/v2\/comments?post=5245"}],"version-history":[{"count":1,"href":"https:\/\/radionorteatacama.cl\/index.php\/wp-json\/wp\/v2\/posts\/5245\/revisions"}],"predecessor-version":[{"id":5246,"href":"https:\/\/radionorteatacama.cl\/index.php\/wp-json\/wp\/v2\/posts\/5245\/revisions\/5246"}],"wp:attachment":[{"href":"https:\/\/radionorteatacama.cl\/index.php\/wp-json\/wp\/v2\/media?parent=5245"}],"wp:term":[{"taxonomy":"category","embeddable":true,"href":"https:\/\/radionorteatacama.cl\/index.php\/wp-json\/wp\/v2\/categories?post=5245"},{"taxonomy":"post_tag","embeddable":true,"href":"https:\/\/radionorteatacama.cl\/index.php\/wp-json\/wp\/v2\/tags?post=5245"}],"curies":[{"name":"wp","href":"https:\/\/api.w.org\/{rel}","templated":true}]}}