{"id":5215,"date":"2023-03-28T05:21:51","date_gmt":"2023-03-28T05:21:51","guid":{"rendered":"http:\/\/radionorteatacama.cl\/?p=5215"},"modified":"2023-03-28T05:22:25","modified_gmt":"2023-03-28T05:22:25","slug":"seremi-de-salud-y-seremi-de-gobierno-se-reunen-para-coordinar-acciones-conjuntas","status":"publish","type":"post","link":"https:\/\/radionorteatacama.cl\/index.php\/2023\/03\/28\/seremi-de-salud-y-seremi-de-gobierno-se-reunen-para-coordinar-acciones-conjuntas\/","title":{"rendered":"Seremi de Salud y Seremi de Gobierno se re\u00fanen para coordinar acciones conjuntas"},"content":{"rendered":"<div class='booster-block booster-read-block'>\n                <div class=\"twp-read-time\">\n                \t<i class=\"booster-icon twp-clock\"><\/i> <span>Read Time:<\/span>2 Minute, 5 Second                <\/div>\n\n            <\/div>\n<p>Las autoridades regionales de salud y gobierno se reunieron para compartir acciones conjuntas de difusi\u00f3n en torno a tem\u00e1ticas de salud p\u00fablica, entre ellas la campa\u00f1a de vacunaci\u00f3n para aumentar la poblaci\u00f3n inmunizada con la vacuna bivalente.<\/p>\n\n\n\n<figure class=\"wp-block-image size-large is-resized\"><img loading=\"lazy\" decoding=\"async\" src=\"http:\/\/radionorteatacama.cl\/wp-content\/uploads\/2023\/03\/WhatsApp-Image-2023-03-27-at-5.03.01-PM-1024x768.jpeg\" alt=\"\" class=\"wp-image-5217\" width=\"610\" height=\"458\" srcset=\"https:\/\/radionorteatacama.cl\/wp-content\/uploads\/2023\/03\/WhatsApp-Image-2023-03-27-at-5.03.01-PM-1024x768.jpeg 1024w, https:\/\/radionorteatacama.cl\/wp-content\/uploads\/2023\/03\/WhatsApp-Image-2023-03-27-at-5.03.01-PM-300x225.jpeg 300w, https:\/\/radionorteatacama.cl\/wp-content\/uploads\/2023\/03\/WhatsApp-Image-2023-03-27-at-5.03.01-PM-768x576.jpeg 768w, https:\/\/radionorteatacama.cl\/wp-content\/uploads\/2023\/03\/WhatsApp-Image-2023-03-27-at-5.03.01-PM-1536x1152.jpeg 1536w, https:\/\/radionorteatacama.cl\/wp-content\/uploads\/2023\/03\/WhatsApp-Image-2023-03-27-at-5.03.01-PM.jpeg 1600w\" sizes=\"auto, (max-width: 610px) 100vw, 610px\" \/><\/figure>\n\n\n\n<p>En dependencias de la Seremi de Salud de Atacama se reunieron la autoridad regional de salud Jessica Rojas y la seremi vocera de gobierno Sof\u00eda Vargas Roberts. Ambas integrantes del gabinete regional acordaron mantener un trabajo conjunto en la difusi\u00f3n de pol\u00edticas de salud p\u00fablica en la Regi\u00f3n.<\/p>\n\n\n\n<p>La seremi de Gobierno valor\u00f3 la instancia se\u00f1alando relevar y destacar la gesti\u00f3n que ha realizado la seremi de salud en la regi\u00f3n de Atacama por la reducci\u00f3n de las listas de espera. \u201cEs importante la reducci\u00f3n de las listas de espera para intervenciones m\u00e9dicas, las cuales han descendido de entre un 60 a 80 por ciento en las atenciones especiales y las cirug\u00edas respectivamente. M\u00e1s de mil pacientes en el 2022 pudieron acceder a atenci\u00f3n despu\u00e9s de mucho tiempo, lo cual es uno de los ejes del Gobierno\u201d.<\/p>\n\n\n\n<p>A su vez, la seremi de salud Jessica Rojas, valor\u00f3 el encuentro y puso \u00e9nfasis en el trabajo necesario para difundir campa\u00f1as que impulsa el Gobierno en el \u00e1rea de salud. \u201cNos reunimos con la Seremi de gobierno, Sof\u00eda Vargas, con la finalidad de abordar tem\u00e1ticas de inter\u00e9s en materia de salud para nuestra poblaci\u00f3n, entre ello, una de las prioridades es poder seguir aumentando las coberturas de vacunaci\u00f3n en Atacama, teniendo presente que la pandemia no ha terminado, y es muy importante que todas las personas se encuentren al d\u00eda con su vacunaci\u00f3n\u201d, se\u00f1al\u00f3 la seremi Jessica Rojas.<\/p>\n\n\n\n<p>La autoridad adem\u00e1s se refiri\u00f3 a la aplicaci\u00f3n de la ley TEA. \u201cOtro de los temas que abordamos fue la recientemente promulgada Ley TEA. En esta materia revisamos aspectos de su implementaci\u00f3n en nuestra regi\u00f3n. Sabemos que ser\u00e1 un trabajo arduo, donde requerimos el apoyo de las autoridades municipales, regionales, y tambi\u00e9n de la sociedad civil vinculadas a TEA para apoyar esta ejecuci\u00f3n. Asimismo, como Seremi de Salud, en esta reuni\u00f3n, nos hemos comprometido a realizar una jornada tendiente al fortalecimiento y mejora en la atenci\u00f3n y buen trato al usuario, en los establecimientos de Atenci\u00f3n Primaria de Salud (APS)\u201d, manifest\u00f3 tras la cita la autoridad en salud.<\/p>\n\n\n\n<p>De esta forma ambas carteras buscan potenciar la difusi\u00f3n de trabajos en salud p\u00fablica que realiza el Gobierno y que en Atacama han contribuido a bajar la cantidad de personas que se encuentran esperando procedimientos m\u00e9dicos.<\/p>\n        <div class=\"booster-block booster-reactions-block\">\n            <div class=\"twp-reactions-icons\">\n                \n                <div class=\"twp-reacts-wrap\">\n                    <a react-data=\"be-react-1\" post-id=\"5215\" class=\"be-face-icons un-reacted\" href=\"javascript:void(0)\">\n                        <img decoding=\"async\" src=\"https:\/\/radionorteatacama.cl\/wp-content\/plugins\/booster-extension\/\/assets\/icon\/happy.svg\" alt=\"Happy\">\n                    <\/a>\n                    <div class=\"twp-reaction-title\">\n                        Happy                    <\/div>\n                    <div class=\"twp-count-percent\">\n                                                    <span style=\"display: none;\" class=\"twp-react-count\">0<\/span>\n                        \n                                                <span class=\"twp-react-percent\"><span>0<\/span> %<\/span>\n                                            <\/div>\n                <\/div>\n\n                <div class=\"twp-reacts-wrap\">\n                    <a react-data=\"be-react-2\" post-id=\"5215\" class=\"be-face-icons un-reacted\" href=\"javascript:void(0)\">\n                        <img decoding=\"async\" src=\"https:\/\/radionorteatacama.cl\/wp-content\/plugins\/booster-extension\/\/assets\/icon\/sad.svg\" alt=\"Sad\">\n                    <\/a>\n                    <div class=\"twp-reaction-title\">\n                        Sad                    <\/div>\n                    <div class=\"twp-count-percent\">\n                                                    <span style=\"display: none;\" class=\"twp-react-count\">0<\/span>\n                                                                        <span class=\"twp-react-percent\"><span>0<\/span> %<\/span>\n                                            <\/div>\n                <\/div>\n\n                <div class=\"twp-reacts-wrap\">\n                    <a react-data=\"be-react-3\" post-id=\"5215\" class=\"be-face-icons un-reacted\" href=\"javascript:void(0)\">\n                        <img decoding=\"async\" src=\"https:\/\/radionorteatacama.cl\/wp-content\/plugins\/booster-extension\/\/assets\/icon\/excited.svg\" alt=\"Excited\">\n                    <\/a>\n                    <div class=\"twp-reaction-title\">\n                        Excited                    <\/div>\n                    <div class=\"twp-count-percent\">\n                                                    <span style=\"display: none;\" class=\"twp-react-count\">0<\/span>\n                                                                        <span class=\"twp-react-percent\"><span>0<\/span> %<\/span>\n                                            <\/div>\n                <\/div>\n\n                <div class=\"twp-reacts-wrap\">\n                    <a react-data=\"be-react-6\" post-id=\"5215\" class=\"be-face-icons un-reacted\" href=\"javascript:void(0)\">\n                        <img decoding=\"async\" src=\"https:\/\/radionorteatacama.cl\/wp-content\/plugins\/booster-extension\/\/assets\/icon\/sleepy.svg\" alt=\"Sleepy\">\n                    <\/a>\n                    <div class=\"twp-reaction-title\">\n                        Sleepy                    <\/div>\n                    <div class=\"twp-count-percent\">\n                                                    <span style=\"display: none;\" class=\"twp-react-count\">0<\/span>\n                        \n                                                <span class=\"twp-react-percent\"><span>0<\/span> %<\/span>\n                                            <\/div>\n                <\/div>\n\n                <div class=\"twp-reacts-wrap\">\n                    <a react-data=\"be-react-4\" post-id=\"5215\" class=\"be-face-icons un-reacted\" href=\"javascript:void(0)\">\n                        <img decoding=\"async\" src=\"https:\/\/radionorteatacama.cl\/wp-content\/plugins\/booster-extension\/\/assets\/icon\/angry.svg\" alt=\"Angry\">\n                    <\/a>\n                    <div class=\"twp-reaction-title\">Angry<\/div>\n                    <div class=\"twp-count-percent\">\n                                                    <span style=\"display: none;\" class=\"twp-react-count\">0<\/span>\n                                                                        <span class=\"twp-react-percent\"><span>0<\/span> %<\/span>\n                        \n                    <\/div>\n                <\/div>\n\n                <div class=\"twp-reacts-wrap\">\n                    <a react-data=\"be-react-5\" post-id=\"5215\" class=\"be-face-icons un-reacted\" href=\"javascript:void(0)\">\n                        <img decoding=\"async\" src=\"https:\/\/radionorteatacama.cl\/wp-content\/plugins\/booster-extension\/\/assets\/icon\/surprise.svg\" alt=\"Surprise\">\n                    <\/a>\n                    <div class=\"twp-reaction-title\">Surprise<\/div>\n                    <div class=\"twp-count-percent\">\n                                                    <span style=\"display: none;\" class=\"twp-react-count\">0<\/span>\n                                                                        <span class=\"twp-react-percent\"><span>0<\/span> %<\/span>\n                                            <\/div>\n                <\/div>\n\n            <\/div>\n        <\/div>\n\n    ","protected":false},"excerpt":{"rendered":"<p>Las autoridades regionales de salud y gobierno se reunieron para compartir acciones conjuntas de difusi\u00f3n en torno a tem\u00e1ticas de salud p\u00fablica, entre ellas la campa\u00f1a de vacunaci\u00f3n para aumentar la poblaci\u00f3n inmunizada con la vacuna bivalente. En dependencias de la Seremi de Salud de Atacama se reunieron la autoridad regional de salud Jessica Rojas [&hellip;]<\/p>\n","protected":false},"author":1,"featured_media":0,"comment_status":"open","ping_status":"open","sticky":false,"template":"","format":"standard","meta":{"_joinchat":[],"footnotes":""},"categories":[1],"tags":[],"class_list":["post-5215","post","type-post","status-publish","format-standard","hentry","category-uncategorized"],"jetpack_featured_media_url":"","blog_post_layout_featured_media_urls":{"thumbnail":"","full":""},"categories_names":{"1":{"name":"Uncategorized","link":"https:\/\/radionorteatacama.cl\/index.php\/category\/uncategorized\/"}},"tags_names":[],"comments_number":"0","_links":{"self":[{"href":"https:\/\/radionorteatacama.cl\/index.php\/wp-json\/wp\/v2\/posts\/5215","targetHints":{"allow":["GET"]}}],"collection":[{"href":"https:\/\/radionorteatacama.cl\/index.php\/wp-json\/wp\/v2\/posts"}],"about":[{"href":"https:\/\/radionorteatacama.cl\/index.php\/wp-json\/wp\/v2\/types\/post"}],"author":[{"embeddable":true,"href":"https:\/\/radionorteatacama.cl\/index.php\/wp-json\/wp\/v2\/users\/1"}],"replies":[{"embeddable":true,"href":"https:\/\/radionorteatacama.cl\/index.php\/wp-json\/wp\/v2\/comments?post=5215"}],"version-history":[{"count":2,"href":"https:\/\/radionorteatacama.cl\/index.php\/wp-json\/wp\/v2\/posts\/5215\/revisions"}],"predecessor-version":[{"id":5219,"href":"https:\/\/radionorteatacama.cl\/index.php\/wp-json\/wp\/v2\/posts\/5215\/revisions\/5219"}],"wp:attachment":[{"href":"https:\/\/radionorteatacama.cl\/index.php\/wp-json\/wp\/v2\/media?parent=5215"}],"wp:term":[{"taxonomy":"category","embeddable":true,"href":"https:\/\/radionorteatacama.cl\/index.php\/wp-json\/wp\/v2\/categories?post=5215"},{"taxonomy":"post_tag","embeddable":true,"href":"https:\/\/radionorteatacama.cl\/index.php\/wp-json\/wp\/v2\/tags?post=5215"}],"curies":[{"name":"wp","href":"https:\/\/api.w.org\/{rel}","templated":true}]}}