{"id":5212,"date":"2023-03-28T05:20:48","date_gmt":"2023-03-28T05:20:48","guid":{"rendered":"http:\/\/radionorteatacama.cl\/?p=5212"},"modified":"2023-03-28T05:20:49","modified_gmt":"2023-03-28T05:20:49","slug":"hemos-planteado-que-esto-tiene-que-ir-acompanado-de-acciones-concretas","status":"publish","type":"post","link":"https:\/\/radionorteatacama.cl\/index.php\/2023\/03\/28\/hemos-planteado-que-esto-tiene-que-ir-acompanado-de-acciones-concretas\/","title":{"rendered":"\u201cHemos planteado que esto tiene que ir acompa\u00f1ado de acciones concretas\u201d"},"content":{"rendered":"<div class='booster-block booster-read-block'>\n                <div class=\"twp-read-time\">\n                \t<i class=\"booster-icon twp-clock\"><\/i> <span>Read Time:<\/span>6 Minute, 14 Second                <\/div>\n\n            <\/div>\n<p>\u00b7<\/p>\n\n\n\n<p>Entre los planteamientos destaca la propuesta de creaci\u00f3n de un Fondo de Desarrollo de la Macro Zona Norte que implique recursos adicionales a los que est\u00e1n contemplados en el Fondo Nacional de Desarrollo Regional.<\/p>\n\n\n\n<figure class=\"wp-block-image size-full\"><img loading=\"lazy\" decoding=\"async\" width=\"1024\" height=\"748\" src=\"http:\/\/radionorteatacama.cl\/wp-content\/uploads\/2023\/03\/Foto1.jpeg\" alt=\"\" class=\"wp-image-5213\" srcset=\"https:\/\/radionorteatacama.cl\/wp-content\/uploads\/2023\/03\/Foto1.jpeg 1024w, https:\/\/radionorteatacama.cl\/wp-content\/uploads\/2023\/03\/Foto1-300x219.jpeg 300w, https:\/\/radionorteatacama.cl\/wp-content\/uploads\/2023\/03\/Foto1-768x561.jpeg 768w\" sizes=\"auto, (max-width: 1024px) 100vw, 1024px\" \/><\/figure>\n\n\n\n<p>Durante la Sesi\u00f3n de Constituci\u00f3n del Comit\u00e9 Asesor Interministerial para la Inversi\u00f3n en la Macro Zona Norte del pa\u00eds, que convoca a las regiones de Arica y Parinacota, Tarapac\u00e1, Antofagasta, Atacama y Coquimbo, los alcaldes y Gobernadores de las regiones mencionadas, dieron a conocer una declaraci\u00f3n p\u00fablica respecto a sus opiniones en torno a la constituci\u00f3n de este organismo.<\/p>\n\n\n\n<p>El Comit\u00e9 ser\u00e1 presidido por el Subsecretario del Interior y que adem\u00e1s integra a los Subsecretarios o Subsecretarias del Interior, de Desarrollo Regional y Administrativo, de Prevenci\u00f3n del Delito, de Defensa; para las Fuerzas Armadas, de Hacienda, de Econom\u00eda y Empresas de Menor Tama\u00f1o, de Servicios Sociales, de Evaluaci\u00f3n Social, de Educaci\u00f3n, de Educaci\u00f3n Parvularia, de Obras P\u00fablicas, de Redes Asistenciales, de Vivienda y Urbanismo, de Transportes, de Telecomunicaciones, Agricultura y de Bienes Nacionales, sus subrogantes legales o aquellos funcionarios p\u00fablicos de las mencionadas Subsecretar\u00edas que estos designen para tales efectos.<\/p>\n\n\n\n<p>Al respecto, el Gobernador de Atacama, Miguel Vargas Correa se\u00f1al\u00f3 que \u201cen un an\u00e1lisis preliminar compartido con los gobernadores de la macro zona norte es de valoraci\u00f3n de la instancia, o sea, se agradece que se haya creado esta instancia asesora presidencial que ponga el acento en un plan de inversiones en la macro zona norte, eso nos parece un paso adelante, pero tambi\u00e9n hemos planteado que esto tiene que ir acompa\u00f1ado de acciones concretas. Ojal\u00e1 pasar de la voluntad, del discurso, a la acci\u00f3n y ah\u00ed nosotros hemos hecho un planteamiento. Hemos propuesto que podamos consensuar con el nivel central un gran acuerdo de desarrollo de la macro zona y eso tiene que implicar agilizaci\u00f3n de inversiones, acelerar decisiones de car\u00e1cter administrativo, menos burocracia para sacar adelante los proyectos de inversi\u00f3n, pero tambi\u00e9n se requieren m\u00e1s recursos, y en esa l\u00ednea, hemos propuesto que se cree un Fondo de Desarrollo de la Macro Zona Norte que implique recursos adicionales a los que est\u00e1n contemplados en el Fondo Nacional de Desarrollo Regional, y definir adem\u00e1s en el marco de este acuerdo, las l\u00edneas de trabajo en las cuales nos vamos a mover\u201d.<\/p>\n\n\n\n<p>Miguel Vargas agreg\u00f3 que \u201cel norte en general tiene bastantes deficiencias. En el \u00e1mbito de la infraestructura por ejemplo, necesitamos mejorar el estado de los caminos, necesitamos acelerar la construcci\u00f3n de viviendas sociales, hacernos cargo de la realidad de los<\/p>\n\n\n\n<p>campamentos, mejorar el acceso de las familias a servicios elementales, necesitamos construir m\u00e1s establecimientos educacionales, estamos con un alto d\u00e9ficit de matr\u00edculas en la marco zona, necesitamos tambi\u00e9n avanzar en infraestructura de salud. Si uno mira y hace una radiograf\u00eda o toma un esc\u00e1ner de lo que es hoy en d\u00eda el norte se dar\u00e1 cuenta que no hay ninguna relaci\u00f3n en lo que el norte aporta al pa\u00eds y lo que recibe a cambio. El norte representa casi el 30 % del PIB de la econom\u00eda nacional y recibe a cambio no m\u00e1s del 17% de la inversi\u00f3n p\u00fablica, entonces eso nos parece una tremenda injusticia de la cual hay que hacerse cargo, y yo creo que este impulso que da el Presidente a trav\u00e9s de la coordinaci\u00f3n que ejerce el subsecretario del Interior con la presencia de m\u00e1s de 14 subsecretarios de distintas carteras, nos parece una muy buena intenci\u00f3n, y lo que queremos es que esto se traduzca en un plan de acci\u00f3n concreto. Ya hemos planteado que tenemos que darle continuidad y nos vamos a juntar en la primera semana de mayo en la regi\u00f3n de Atacama, donde esperamos consensuar una hoja de ruta, una carta de navegaci\u00f3n clara y que permita que la gente sienta que esta vez s\u00ed estamos haci\u00e9ndonos cargo de un desarrollo real y efectivo del norte del pa\u00eds\u201d.<\/p>\n\n\n\n<p>La declaraci\u00f3n p\u00fablica fue dada a conocer durante este lunes en la ciudad de Iquique donde tuvo lugar la sesi\u00f3n e indica lo siguiente:<\/p>\n\n\n\n<p>\u201cDECLARACI\u00d3N P\u00daBLICA<\/p>\n\n\n\n<p>Los alcaldes y gobernadores representantes de la Macro Zona Norte, MZN, valoramos los fundamentos que dan origen a la Comisi\u00f3n Consultiva para Inversi\u00f3n en la MZN y reconocemos su buena intenci\u00f3n.<\/p>\n\n\n\n<p>Efectivamente hay una deuda hist\u00f3rica en materias de inversi\u00f3n en nuestros territorios, la que nunca se ha resuelto desde los inicios del retorno a la democracia.<\/p>\n\n\n\n<p>En la comparaci\u00f3n en torno a las inversiones, es f\u00e1cil advertir que los presupuestos para estos fines en nuestras regiones est\u00e1n muy por debajo de lo otorgado al nivel central, considerando las necesidades de la MZN y lo que aporta al desarrollo econ\u00f3mico del pa\u00eds, mientras que la crisis migratoria a la que nos enfrentamos y el aumento del crimen organizado, han acrecentado esta sensaci\u00f3n de abandono.<\/p>\n\n\n\n<p>De hecho, las familias chilenas que ya ve\u00edan escasez de inversi\u00f3n, ahora sienten que los pocos recursos deben compartirlos con personas de otros pa\u00edses.<\/p>\n\n\n\n<p>En este sentido, en la MZN faltan m\u00e1s escuelas, m\u00e1s centros comunitarios de salud, m\u00e1s viviendas y much\u00edsimas \u00e1reas verdes y espacios deportivos que alejen a nuestros j\u00f3venes del flagelo de la droga.<\/p>\n\n\n\n<p>Es bueno, por tanto, pensar en la idea de implementar un consejo asesor. Pero no es bajo ninguna \u00f3ptica la soluci\u00f3n que se espera. Ya la ciudadan\u00eda est\u00e1 agotada de mesas que diagnostican y no resuelven. Hay que dar obras de confianza que entreguen soluciones a la grave crisis que vivimos. Y eso, pasa por dejar de lado la mirada centralista y dar paso a un<\/p>\n\n\n\n<p>di\u00e1logo en igualdad de condiciones a los representantes de los territorios junto a los equipos ministeriales.<\/p>\n\n\n\n<p>Por los puntos expuestos, demandamos que el Gobierno de Chile se comprometa a:<\/p>\n\n\n\n<p>1. Un fondo especial de inversi\u00f3n para la MZN, con \u00e9nfasis en resolver las graves deficiencias en viviendas, centros educacionales y de salud.<\/p>\n\n\n\n<p>2 Dotar a los servicios regionales y municipales de mejor capacidad de acci\u00f3n. De manera que haya una presencia efectiva del Estado en nuestros territorios.<\/p>\n\n\n\n<p>3. Aumentar dotaci\u00f3n de personal de seguridad (Carabineros, PDI y Gendarmer\u00eda) y para ellos, oficializar un resguardo de condiciones m\u00ednimas de dignidad en remuneraci\u00f3n y vivienda.<\/p>\n\n\n\n<p>4. Robustecer la dotaci\u00f3n de funcionarios para fortalecer los equipos comunales de seguridad p\u00fablica en los municipios de la MZN.<\/p>\n\n\n\n<p>5. Establecer un mecanismo m\u00e1s eficaz y eficiente de aprobar proyectos desde los gobiernos regionales y comunales. La inversi\u00f3n s\u00f3lo se acelerar\u00e1 con menos burocracia centralista y si se consideran las particularidades de nuestras comunas y localidades.<\/p>\n\n\n\n<p>6. Que las y los alcaldes y gobernadores de la MZN juguemos un rol relevante en la discusi\u00f3n de los Proyectos de Ley de Royalty y un futuro pacto tributario, debido al aporte de nuestras regiones al erario nacional.<\/p>\n\n\n\n<p>7. Que las y los alcaldes y gobernadores regionales seamos parte de las definiciones estrat\u00e9gicas en torno a las industrias que llevar\u00e1n a nuestro pa\u00eds al desarrollo: Litio e Hidr\u00f3geno Verde. No es posible que la riqueza que se produce en nuestras regiones no tenga un correlato de participaci\u00f3n vinculante desde nuestras regiones.<\/p>\n\n\n\n<p>Esperamos que se entienda nuestra cr\u00edtica a la forma y no al fondo con que el gobierno central responde. Una comisi\u00f3n con un modo centralista de operar sin mayores recursos ni modos de tomar decisiones m\u00e1s eficaces no ser\u00e1 una real soluci\u00f3n.<\/p>\n\n\n\n<p>Hacemos un llamado a todos los representantes electos de la MZN, parlamentarios, concejales, consejeros regionales a autoconvocarnos para generar un encuentro que sea contraparte t\u00e9cnica y que ayude a viabilizar de mejor forma la inversi\u00f3n en la MZN\u201d.<\/p>\n        <div class=\"booster-block booster-reactions-block\">\n            <div class=\"twp-reactions-icons\">\n                \n                <div class=\"twp-reacts-wrap\">\n                    <a react-data=\"be-react-1\" post-id=\"5212\" class=\"be-face-icons un-reacted\" href=\"javascript:void(0)\">\n                        <img decoding=\"async\" src=\"https:\/\/radionorteatacama.cl\/wp-content\/plugins\/booster-extension\/\/assets\/icon\/happy.svg\" alt=\"Happy\">\n                    <\/a>\n                    <div class=\"twp-reaction-title\">\n                        Happy                    <\/div>\n                    <div class=\"twp-count-percent\">\n                                                    <span style=\"display: none;\" class=\"twp-react-count\">0<\/span>\n                        \n                                                <span class=\"twp-react-percent\"><span>0<\/span> %<\/span>\n                                            <\/div>\n                <\/div>\n\n                <div class=\"twp-reacts-wrap\">\n                    <a react-data=\"be-react-2\" post-id=\"5212\" class=\"be-face-icons un-reacted\" href=\"javascript:void(0)\">\n                        <img decoding=\"async\" src=\"https:\/\/radionorteatacama.cl\/wp-content\/plugins\/booster-extension\/\/assets\/icon\/sad.svg\" alt=\"Sad\">\n                    <\/a>\n                    <div class=\"twp-reaction-title\">\n                        Sad                    <\/div>\n                    <div class=\"twp-count-percent\">\n                                                    <span style=\"display: none;\" class=\"twp-react-count\">0<\/span>\n                                                                        <span class=\"twp-react-percent\"><span>0<\/span> %<\/span>\n                                            <\/div>\n                <\/div>\n\n                <div class=\"twp-reacts-wrap\">\n                    <a react-data=\"be-react-3\" post-id=\"5212\" class=\"be-face-icons un-reacted\" href=\"javascript:void(0)\">\n                        <img decoding=\"async\" src=\"https:\/\/radionorteatacama.cl\/wp-content\/plugins\/booster-extension\/\/assets\/icon\/excited.svg\" alt=\"Excited\">\n                    <\/a>\n                    <div class=\"twp-reaction-title\">\n                        Excited                    <\/div>\n                    <div class=\"twp-count-percent\">\n                                                    <span style=\"display: none;\" class=\"twp-react-count\">0<\/span>\n                                                                        <span class=\"twp-react-percent\"><span>0<\/span> %<\/span>\n                                            <\/div>\n                <\/div>\n\n                <div class=\"twp-reacts-wrap\">\n                    <a react-data=\"be-react-6\" post-id=\"5212\" class=\"be-face-icons un-reacted\" href=\"javascript:void(0)\">\n                        <img decoding=\"async\" src=\"https:\/\/radionorteatacama.cl\/wp-content\/plugins\/booster-extension\/\/assets\/icon\/sleepy.svg\" alt=\"Sleepy\">\n                    <\/a>\n                    <div class=\"twp-reaction-title\">\n                        Sleepy                    <\/div>\n                    <div class=\"twp-count-percent\">\n                                                    <span style=\"display: none;\" class=\"twp-react-count\">0<\/span>\n                        \n                                                <span class=\"twp-react-percent\"><span>0<\/span> %<\/span>\n                                            <\/div>\n                <\/div>\n\n                <div class=\"twp-reacts-wrap\">\n                    <a react-data=\"be-react-4\" post-id=\"5212\" class=\"be-face-icons un-reacted\" href=\"javascript:void(0)\">\n                        <img decoding=\"async\" src=\"https:\/\/radionorteatacama.cl\/wp-content\/plugins\/booster-extension\/\/assets\/icon\/angry.svg\" alt=\"Angry\">\n                    <\/a>\n                    <div class=\"twp-reaction-title\">Angry<\/div>\n                    <div class=\"twp-count-percent\">\n                                                    <span style=\"display: none;\" class=\"twp-react-count\">0<\/span>\n                                                                        <span class=\"twp-react-percent\"><span>0<\/span> %<\/span>\n                        \n                    <\/div>\n                <\/div>\n\n                <div class=\"twp-reacts-wrap\">\n                    <a react-data=\"be-react-5\" post-id=\"5212\" class=\"be-face-icons un-reacted\" href=\"javascript:void(0)\">\n                        <img decoding=\"async\" src=\"https:\/\/radionorteatacama.cl\/wp-content\/plugins\/booster-extension\/\/assets\/icon\/surprise.svg\" alt=\"Surprise\">\n                    <\/a>\n                    <div class=\"twp-reaction-title\">Surprise<\/div>\n                    <div class=\"twp-count-percent\">\n                                                    <span style=\"display: none;\" class=\"twp-react-count\">0<\/span>\n                                                                        <span class=\"twp-react-percent\"><span>0<\/span> %<\/span>\n                                            <\/div>\n                <\/div>\n\n            <\/div>\n        <\/div>\n\n    ","protected":false},"excerpt":{"rendered":"<p>\u00b7 Entre los planteamientos destaca la propuesta de creaci\u00f3n de un Fondo de Desarrollo de la Macro Zona Norte que implique recursos adicionales a los que est\u00e1n contemplados en el Fondo Nacional de Desarrollo Regional. Durante la Sesi\u00f3n de Constituci\u00f3n del Comit\u00e9 Asesor Interministerial para la Inversi\u00f3n en la Macro Zona Norte del pa\u00eds, que [&hellip;]<\/p>\n","protected":false},"author":1,"featured_media":0,"comment_status":"open","ping_status":"open","sticky":false,"template":"","format":"standard","meta":{"_joinchat":[],"footnotes":""},"categories":[1],"tags":[],"class_list":["post-5212","post","type-post","status-publish","format-standard","hentry","category-uncategorized"],"jetpack_featured_media_url":"","blog_post_layout_featured_media_urls":{"thumbnail":"","full":""},"categories_names":{"1":{"name":"Uncategorized","link":"https:\/\/radionorteatacama.cl\/index.php\/category\/uncategorized\/"}},"tags_names":[],"comments_number":"0","_links":{"self":[{"href":"https:\/\/radionorteatacama.cl\/index.php\/wp-json\/wp\/v2\/posts\/5212","targetHints":{"allow":["GET"]}}],"collection":[{"href":"https:\/\/radionorteatacama.cl\/index.php\/wp-json\/wp\/v2\/posts"}],"about":[{"href":"https:\/\/radionorteatacama.cl\/index.php\/wp-json\/wp\/v2\/types\/post"}],"author":[{"embeddable":true,"href":"https:\/\/radionorteatacama.cl\/index.php\/wp-json\/wp\/v2\/users\/1"}],"replies":[{"embeddable":true,"href":"https:\/\/radionorteatacama.cl\/index.php\/wp-json\/wp\/v2\/comments?post=5212"}],"version-history":[{"count":1,"href":"https:\/\/radionorteatacama.cl\/index.php\/wp-json\/wp\/v2\/posts\/5212\/revisions"}],"predecessor-version":[{"id":5214,"href":"https:\/\/radionorteatacama.cl\/index.php\/wp-json\/wp\/v2\/posts\/5212\/revisions\/5214"}],"wp:attachment":[{"href":"https:\/\/radionorteatacama.cl\/index.php\/wp-json\/wp\/v2\/media?parent=5212"}],"wp:term":[{"taxonomy":"category","embeddable":true,"href":"https:\/\/radionorteatacama.cl\/index.php\/wp-json\/wp\/v2\/categories?post=5212"},{"taxonomy":"post_tag","embeddable":true,"href":"https:\/\/radionorteatacama.cl\/index.php\/wp-json\/wp\/v2\/tags?post=5212"}],"curies":[{"name":"wp","href":"https:\/\/api.w.org\/{rel}","templated":true}]}}