{"id":5203,"date":"2023-03-20T04:42:37","date_gmt":"2023-03-20T04:42:37","guid":{"rendered":"https:\/\/radionorteatacama.cl\/?p=5203"},"modified":"2023-03-20T04:42:38","modified_gmt":"2023-03-20T04:42:38","slug":"cadem-aprobacion-del-presidente-boric-sube-a-35","status":"publish","type":"post","link":"https:\/\/radionorteatacama.cl\/index.php\/2023\/03\/20\/cadem-aprobacion-del-presidente-boric-sube-a-35\/","title":{"rendered":"Cadem: aprobaci\u00f3n del Presidente Boric sube a 35%"},"content":{"rendered":"<div class='booster-block booster-read-block'>\n                <div class=\"twp-read-time\">\n                \t<i class=\"booster-icon twp-clock\"><\/i> <span>Read Time:<\/span>2 Minute, 11 Second                <\/div>\n\n            <\/div>\n<figure class=\"wp-block-image size-large\"><img loading=\"lazy\" decoding=\"async\" width=\"1024\" height=\"576\" src=\"https:\/\/radionorteatacama.cl\/wp-content\/uploads\/2023\/03\/Aton_689697-1024x576.jpg\" alt=\"\" class=\"wp-image-5204\" srcset=\"https:\/\/radionorteatacama.cl\/wp-content\/uploads\/2023\/03\/Aton_689697-1024x576.jpg 1024w, https:\/\/radionorteatacama.cl\/wp-content\/uploads\/2023\/03\/Aton_689697-300x169.jpg 300w, https:\/\/radionorteatacama.cl\/wp-content\/uploads\/2023\/03\/Aton_689697-768x432.jpg 768w, https:\/\/radionorteatacama.cl\/wp-content\/uploads\/2023\/03\/Aton_689697-1536x864.jpg 1536w, https:\/\/radionorteatacama.cl\/wp-content\/uploads\/2023\/03\/Aton_689697.jpg 1600w\" sizes=\"auto, (max-width: 1024px) 100vw, 1024px\" \/><\/figure>\n\n\n\n<p>En relaci\u00f3n al rechazo de la Reforma Tributaria, un 51% de los encuestados est\u00e1 en desacuerdo con esto, mientras que un 39% est\u00e1 de acuerdo.<\/p>\n\n\n\n<p>SE\u00d1ALESCadem: aprobaci\u00f3n del Presidente Boric sube a 35%En relaci\u00f3n al rechazo de la Reforma Tributaria, un 51% de los encuestados est\u00e1 en desacuerdo con esto, mientras que un 39% est\u00e1 de acuerdo.24horas.clAtonDomingo 19 de marzo de 2023La aprobaci\u00f3n a la gesti\u00f3n del Presidente de la Rep\u00fablica Gabriel Boric subi\u00f3 un 3% y lleg\u00f3 al 35%, seg\u00fan los datos entregados por la \u00faltima versi\u00f3n de la Encuesta Plaza P\u00fablica de Cadem.En tanto, un 60% de los encuestados manifest\u00f3 que desaprueba la forma en que el Jefe de Estado est\u00e1 llevando a cabo el Gobierno, lo cual evidencia un una disminuci\u00f3n del 2% respecto a la consulta realizada la semana pasada.En relaci\u00f3n al rechazo de la Reforma Tributaria, un 51% de los encuestados est\u00e1 en desacuerdo con esto, mientras que un 39% est\u00e1 de acuerdo.<\/p>\n\n\n\n<p>En relaci\u00f3n a los responsables del rechazo de la reforma en el Congreso, un 34% de las personas consultadas manifest\u00f3 que fue culpa de las diputadas que no fueron a votar \u2013 Jiles, Delgado, Arce-, un 30% cree que fue por los diputados de oposici\u00f3n que rechazaron la reforma, y un 27% piensa que fue por el Gobierno, los ministros Marcel y Uriarte.En cuanto a la necesidad de esta reforma, un 82% de los encuestados indic\u00f3 estar de acuerdo con esto, mientras que un 16% se mostr\u00f3 en desacuerdo.En relaci\u00f3n a los pol\u00edticos con mayor aprobaci\u00f3n de parte de la ciudadan\u00eda, la alcaldesa de Providencia, Evelyn Matthei destaca con un 70% de aprobaci\u00f3n y un 25% de desaprobaci\u00f3n; seguida por el Jefe Comunal de La Florida, Rodolfo Carter, con un 60% de aprobaci\u00f3n y un 33% de desaprobaci\u00f3n; y la expresidenta Michelle Bachelet, con un 56% de aprobaci\u00f3n y un 40% de desaprobaci\u00f3n.Evelyn Matthei present\u00f3 un aumento en la aprobaci\u00f3n, ya que pas\u00f3 de un 67% en febrero a un 70% actualmente. En tanto, Carter subi\u00f3 un punto, de 59% a 60% y Michelle Bachelet subi\u00f3 seis puntos, de 50% a 56% en marzo.Mientras que, entre los peores evaluados est\u00e1n el presidente del Partido Comunista (PC), Guillermo Teillier, con un 72% de desaprobaci\u00f3n; el alcalde de Recoleta, Daniel Jadue (70%); y la diputada Maite Orsini (68%).En esta medici\u00f3n, el caso Pamela Jiles result\u00f3 ser llamativo, dado que la diputada del Partido Humanista baj\u00f3 de 56 a 46%, hecho que estuvo marcado por su ausencia en la votaci\u00f3n de la Reforma Tributaria que se realiz\u00f3 el pasado mi\u00e9rcoles 8 de marzo.<\/p>\n\n\n\n<p><\/p>\n        <div class=\"booster-block booster-reactions-block\">\n            <div class=\"twp-reactions-icons\">\n                \n                <div class=\"twp-reacts-wrap\">\n                    <a react-data=\"be-react-1\" post-id=\"5203\" class=\"be-face-icons un-reacted\" href=\"javascript:void(0)\">\n                        <img decoding=\"async\" src=\"https:\/\/radionorteatacama.cl\/wp-content\/plugins\/booster-extension\/\/assets\/icon\/happy.svg\" alt=\"Happy\">\n                    <\/a>\n                    <div class=\"twp-reaction-title\">\n                        Happy                    <\/div>\n                    <div class=\"twp-count-percent\">\n                                                    <span style=\"display: none;\" class=\"twp-react-count\">0<\/span>\n                        \n                                                <span class=\"twp-react-percent\"><span>0<\/span> %<\/span>\n                                            <\/div>\n                <\/div>\n\n                <div class=\"twp-reacts-wrap\">\n                    <a react-data=\"be-react-2\" post-id=\"5203\" class=\"be-face-icons un-reacted\" href=\"javascript:void(0)\">\n                        <img decoding=\"async\" src=\"https:\/\/radionorteatacama.cl\/wp-content\/plugins\/booster-extension\/\/assets\/icon\/sad.svg\" alt=\"Sad\">\n                    <\/a>\n                    <div class=\"twp-reaction-title\">\n                        Sad                    <\/div>\n                    <div class=\"twp-count-percent\">\n                                                    <span style=\"display: none;\" class=\"twp-react-count\">0<\/span>\n                                                                        <span class=\"twp-react-percent\"><span>0<\/span> %<\/span>\n                                            <\/div>\n                <\/div>\n\n                <div class=\"twp-reacts-wrap\">\n                    <a react-data=\"be-react-3\" post-id=\"5203\" class=\"be-face-icons un-reacted\" href=\"javascript:void(0)\">\n                        <img decoding=\"async\" src=\"https:\/\/radionorteatacama.cl\/wp-content\/plugins\/booster-extension\/\/assets\/icon\/excited.svg\" alt=\"Excited\">\n                    <\/a>\n                    <div class=\"twp-reaction-title\">\n                        Excited                    <\/div>\n                    <div class=\"twp-count-percent\">\n                                                    <span style=\"display: none;\" class=\"twp-react-count\">0<\/span>\n                                                                        <span class=\"twp-react-percent\"><span>0<\/span> %<\/span>\n                                            <\/div>\n                <\/div>\n\n                <div class=\"twp-reacts-wrap\">\n                    <a react-data=\"be-react-6\" post-id=\"5203\" class=\"be-face-icons un-reacted\" href=\"javascript:void(0)\">\n                        <img decoding=\"async\" src=\"https:\/\/radionorteatacama.cl\/wp-content\/plugins\/booster-extension\/\/assets\/icon\/sleepy.svg\" alt=\"Sleepy\">\n                    <\/a>\n                    <div class=\"twp-reaction-title\">\n                        Sleepy                    <\/div>\n                    <div class=\"twp-count-percent\">\n                                                    <span style=\"display: none;\" class=\"twp-react-count\">0<\/span>\n                        \n                                                <span class=\"twp-react-percent\"><span>0<\/span> %<\/span>\n                                            <\/div>\n                <\/div>\n\n                <div class=\"twp-reacts-wrap\">\n                    <a react-data=\"be-react-4\" post-id=\"5203\" class=\"be-face-icons un-reacted\" href=\"javascript:void(0)\">\n                        <img decoding=\"async\" src=\"https:\/\/radionorteatacama.cl\/wp-content\/plugins\/booster-extension\/\/assets\/icon\/angry.svg\" alt=\"Angry\">\n                    <\/a>\n                    <div class=\"twp-reaction-title\">Angry<\/div>\n                    <div class=\"twp-count-percent\">\n                                                    <span style=\"display: none;\" class=\"twp-react-count\">0<\/span>\n                                                                        <span class=\"twp-react-percent\"><span>0<\/span> %<\/span>\n                        \n                    <\/div>\n                <\/div>\n\n                <div class=\"twp-reacts-wrap\">\n                    <a react-data=\"be-react-5\" post-id=\"5203\" class=\"be-face-icons un-reacted\" href=\"javascript:void(0)\">\n                        <img decoding=\"async\" src=\"https:\/\/radionorteatacama.cl\/wp-content\/plugins\/booster-extension\/\/assets\/icon\/surprise.svg\" alt=\"Surprise\">\n                    <\/a>\n                    <div class=\"twp-reaction-title\">Surprise<\/div>\n                    <div class=\"twp-count-percent\">\n                                                    <span style=\"display: none;\" class=\"twp-react-count\">0<\/span>\n                                                                        <span class=\"twp-react-percent\"><span>0<\/span> %<\/span>\n                                            <\/div>\n                <\/div>\n\n            <\/div>\n        <\/div>\n\n    ","protected":false},"excerpt":{"rendered":"<p>En relaci\u00f3n al rechazo de la Reforma Tributaria, un 51% de los encuestados est\u00e1 en desacuerdo con esto, mientras que un 39% est\u00e1 de acuerdo. SE\u00d1ALESCadem: aprobaci\u00f3n del Presidente Boric sube a 35%En relaci\u00f3n al rechazo de la Reforma Tributaria, un 51% de los encuestados est\u00e1 en desacuerdo con esto, mientras que un 39% est\u00e1 [&hellip;]<\/p>\n","protected":false},"author":1,"featured_media":0,"comment_status":"open","ping_status":"open","sticky":false,"template":"","format":"standard","meta":{"_joinchat":[],"footnotes":""},"categories":[1],"tags":[],"class_list":["post-5203","post","type-post","status-publish","format-standard","hentry","category-uncategorized"],"jetpack_featured_media_url":"","blog_post_layout_featured_media_urls":{"thumbnail":"","full":""},"categories_names":{"1":{"name":"Uncategorized","link":"https:\/\/radionorteatacama.cl\/index.php\/category\/uncategorized\/"}},"tags_names":[],"comments_number":"0","_links":{"self":[{"href":"https:\/\/radionorteatacama.cl\/index.php\/wp-json\/wp\/v2\/posts\/5203","targetHints":{"allow":["GET"]}}],"collection":[{"href":"https:\/\/radionorteatacama.cl\/index.php\/wp-json\/wp\/v2\/posts"}],"about":[{"href":"https:\/\/radionorteatacama.cl\/index.php\/wp-json\/wp\/v2\/types\/post"}],"author":[{"embeddable":true,"href":"https:\/\/radionorteatacama.cl\/index.php\/wp-json\/wp\/v2\/users\/1"}],"replies":[{"embeddable":true,"href":"https:\/\/radionorteatacama.cl\/index.php\/wp-json\/wp\/v2\/comments?post=5203"}],"version-history":[{"count":1,"href":"https:\/\/radionorteatacama.cl\/index.php\/wp-json\/wp\/v2\/posts\/5203\/revisions"}],"predecessor-version":[{"id":5205,"href":"https:\/\/radionorteatacama.cl\/index.php\/wp-json\/wp\/v2\/posts\/5203\/revisions\/5205"}],"wp:attachment":[{"href":"https:\/\/radionorteatacama.cl\/index.php\/wp-json\/wp\/v2\/media?parent=5203"}],"wp:term":[{"taxonomy":"category","embeddable":true,"href":"https:\/\/radionorteatacama.cl\/index.php\/wp-json\/wp\/v2\/categories?post=5203"},{"taxonomy":"post_tag","embeddable":true,"href":"https:\/\/radionorteatacama.cl\/index.php\/wp-json\/wp\/v2\/tags?post=5203"}],"curies":[{"name":"wp","href":"https:\/\/api.w.org\/{rel}","templated":true}]}}