{"id":5199,"date":"2023-03-20T04:35:54","date_gmt":"2023-03-20T04:35:54","guid":{"rendered":"https:\/\/radionorteatacama.cl\/?p=5199"},"modified":"2023-03-20T04:35:55","modified_gmt":"2023-03-20T04:35:55","slug":"nueva-atacama-se-reune-con-vecinos-de-canal-ventanas-de-vallenar-para-informar-de-trabajos-de-mejoramiento","status":"publish","type":"post","link":"https:\/\/radionorteatacama.cl\/index.php\/2023\/03\/20\/nueva-atacama-se-reune-con-vecinos-de-canal-ventanas-de-vallenar-para-informar-de-trabajos-de-mejoramiento\/","title":{"rendered":"<strong>Nueva Atacama se re\u00fane con vecinos de Canal Ventanas de Vallenar para informar de trabajos de mejoramiento<\/strong>"},"content":{"rendered":"<div class='booster-block booster-read-block'>\n                <div class=\"twp-read-time\">\n                \t<i class=\"booster-icon twp-clock\"><\/i> <span>Read Time:<\/span>2 Minute, 24 Second                <\/div>\n\n            <\/div>\n<p>Comunicado de prensa: Nueva Atacama se re\u00fane con vecinos de Canal Ventanas de Vallenar para informar de trabajos de mejoramiento<\/p>\n\n\n\n<p>CN<\/p>\n\n\n\n\n\n<p>Cristian Abello Navarro<em><\/em>Para:<\/p>\n\n\n\n<p>Rodrigo Vasquez Arredondo<\/p>\n\n\n\n<p>+ 145<\/p>\n\n\n\n<p>Jue 09\/03\/2023 8:29<\/p>\n\n\n\n<p>Ver m\u00e1s<\/p>\n\n\n\n<p>TRABAJOS EN SECTOR VENTANAS \u2026<\/p>\n\n\n\n<p>JPG14 MB<\/p>\n\n\n\n<p>TRABAJOS EN SECTOR VENTANAS \u2026<\/p>\n\n\n\n<p>JPG462 KB<\/p>\n\n\n\n<p>TRABAJOS EN SECTOR VENTANAS \u2026<\/p>\n\n\n\n<p>JPG360 KB<\/p>\n\n\n\n<p>TRABAJOS EN SECTOR VENTANAS \u2026<\/p>\n\n\n\n<p>JPG512 KB<\/p>\n\n\n\n<p>CU SEBASTIAN SANTANDER TRABA\u2026<\/p>\n\n\n\n<p>MP3360 KB<\/p>\n\n\n\n<p>5 archivos adjuntos (15 MB)<\/p>\n\n\n\n<hr class=\"wp-block-separator has-alpha-channel-opacity\"\/>\n\n\n\n<p>Buen d\u00eda, junto con saludar enviamos el siguiente comunicado con cu\u00f1a para las emisoras.<\/p>\n\n\n\n<p>Desde ya, muchas gracias<\/p>\n\n\n\n<p><strong>Nueva Atacama se re\u00fane con vecinos de Canal Ventanas de Vallenar para informar de trabajos de mejoramiento<\/strong><\/p>\n\n\n\n<ul class=\"wp-block-list\">\n<li>A trav\u00e9s del \u00e1rea comunitaria de la empresa se gestion\u00f3 una reuni\u00f3n para informar de estas obras que permitir\u00e1n mejorar la red de alcantarillado del sector.<\/li>\n<\/ul>\n\n\n\n<p>Hasta el sector de Canal Ventanas de Vallenar acudi\u00f3 el jefe Zona Sur de Nueva Atacama, Sebastian Santander, junto al equipo de Comunidades y representantes de la empresa contratista Krade, para reunirse con vecinos y explicar en detalle los alcances que tendr\u00e1n las obras de mejoramiento que se realizar\u00e1n en el lugar, los plazos aproximados y los puntos que se abordar\u00e1n.<\/p>\n\n\n\n<p>\u201cDentro de nuestro plan de inversiones y mejoras de infraestructura, vamos a realizar la renovaci\u00f3n de un tramo de colector, en un sector complicado de intervenir, por lo cual, estamos realizando las coordinaciones necesarias con los vecinos. Agradecemos su colaboraci\u00f3n y lamentamos las molestias que se generar\u00e1n, pero es una obra necesaria pensando en el futuro. Acordamos trabajar de buena manera en la renovaci\u00f3n de este colector y mantenerlos comunicados sobre los avances\u201d, indic\u00f3 el jefe de la Zona Sur de Nueva Atacama.<\/p>\n\n\n\n<p>La renovaci\u00f3n de este colector comprende una extensi\u00f3n de 30 metros, que va en un \u00e1rea cercana al cauce de un canal que pasa por el sector, por eso se est\u00e1 evaluando la mejor forma de desarrollar el trabajo para no provocar afectaci\u00f3n. Para superar esta complejidad, se utilizar\u00e1 un paso peatonal, el cual se repondr\u00e1 una vez terminada las obras.<\/p>\n\n\n\n<p>Desde la Gerencia de Infraestructura de Nueva Atacama, explican que se tramitaron los permisos correspondientes para desarrollar esta obra, teniendo en cuenta que estas labores permitir\u00e1n que el flujo de las aguas residuales pueda ser dispuestos en la Planta de Tratamiento, de acuerdo a lo establecido por la normativa vigente.<\/p>\n\n\n\n<p>Los vecinos valoraron el acercamiento de Nueva Atacama y de la empresa contratista que desarrollar\u00e1 la intervenci\u00f3n, con la cual se comprometi\u00f3 un recorrido al final de la obra para corroborar que los compromisos adquiridos en la oportunidad tengan un correcto cumplimiento.<\/p>\n\n\n\n<p>El jefe de zona sur de Nueva Atacama enfatiz\u00f3 que en este tipo de trabajos es fundamental que la comunidad participe activamente, para que posteriormente puedan realizar el cuidado respectivo de los colectores, y de esa forma evitar obstrucciones por arrojar basura, pa\u00f1os o escombros a la red de alcantarillado.<\/p>\n        <div class=\"booster-block booster-reactions-block\">\n            <div class=\"twp-reactions-icons\">\n                \n                <div class=\"twp-reacts-wrap\">\n                    <a react-data=\"be-react-1\" post-id=\"5199\" class=\"be-face-icons un-reacted\" href=\"javascript:void(0)\">\n                        <img decoding=\"async\" src=\"https:\/\/radionorteatacama.cl\/wp-content\/plugins\/booster-extension\/\/assets\/icon\/happy.svg\" alt=\"Happy\">\n                    <\/a>\n                    <div class=\"twp-reaction-title\">\n                        Happy                    <\/div>\n                    <div class=\"twp-count-percent\">\n                                                    <span style=\"display: none;\" class=\"twp-react-count\">0<\/span>\n                        \n                                                <span class=\"twp-react-percent\"><span>0<\/span> %<\/span>\n                                            <\/div>\n                <\/div>\n\n                <div class=\"twp-reacts-wrap\">\n                    <a react-data=\"be-react-2\" post-id=\"5199\" class=\"be-face-icons un-reacted\" href=\"javascript:void(0)\">\n                        <img decoding=\"async\" src=\"https:\/\/radionorteatacama.cl\/wp-content\/plugins\/booster-extension\/\/assets\/icon\/sad.svg\" alt=\"Sad\">\n                    <\/a>\n                    <div class=\"twp-reaction-title\">\n                        Sad                    <\/div>\n                    <div class=\"twp-count-percent\">\n                                                    <span style=\"display: none;\" class=\"twp-react-count\">0<\/span>\n                                                                        <span class=\"twp-react-percent\"><span>0<\/span> %<\/span>\n                                            <\/div>\n                <\/div>\n\n                <div class=\"twp-reacts-wrap\">\n                    <a react-data=\"be-react-3\" post-id=\"5199\" class=\"be-face-icons un-reacted\" href=\"javascript:void(0)\">\n                        <img decoding=\"async\" src=\"https:\/\/radionorteatacama.cl\/wp-content\/plugins\/booster-extension\/\/assets\/icon\/excited.svg\" alt=\"Excited\">\n                    <\/a>\n                    <div class=\"twp-reaction-title\">\n                        Excited                    <\/div>\n                    <div class=\"twp-count-percent\">\n                                                    <span style=\"display: none;\" class=\"twp-react-count\">0<\/span>\n                                                                        <span class=\"twp-react-percent\"><span>0<\/span> %<\/span>\n                                            <\/div>\n                <\/div>\n\n                <div class=\"twp-reacts-wrap\">\n                    <a react-data=\"be-react-6\" post-id=\"5199\" class=\"be-face-icons un-reacted\" href=\"javascript:void(0)\">\n                        <img decoding=\"async\" src=\"https:\/\/radionorteatacama.cl\/wp-content\/plugins\/booster-extension\/\/assets\/icon\/sleepy.svg\" alt=\"Sleepy\">\n                    <\/a>\n                    <div class=\"twp-reaction-title\">\n                        Sleepy                    <\/div>\n                    <div class=\"twp-count-percent\">\n                                                    <span style=\"display: none;\" class=\"twp-react-count\">0<\/span>\n                        \n                                                <span class=\"twp-react-percent\"><span>0<\/span> %<\/span>\n                                            <\/div>\n                <\/div>\n\n                <div class=\"twp-reacts-wrap\">\n                    <a react-data=\"be-react-4\" post-id=\"5199\" class=\"be-face-icons un-reacted\" href=\"javascript:void(0)\">\n                        <img decoding=\"async\" src=\"https:\/\/radionorteatacama.cl\/wp-content\/plugins\/booster-extension\/\/assets\/icon\/angry.svg\" alt=\"Angry\">\n                    <\/a>\n                    <div class=\"twp-reaction-title\">Angry<\/div>\n                    <div class=\"twp-count-percent\">\n                                                    <span style=\"display: none;\" class=\"twp-react-count\">0<\/span>\n                                                                        <span class=\"twp-react-percent\"><span>0<\/span> %<\/span>\n                        \n                    <\/div>\n                <\/div>\n\n                <div class=\"twp-reacts-wrap\">\n                    <a react-data=\"be-react-5\" post-id=\"5199\" class=\"be-face-icons un-reacted\" href=\"javascript:void(0)\">\n                        <img decoding=\"async\" src=\"https:\/\/radionorteatacama.cl\/wp-content\/plugins\/booster-extension\/\/assets\/icon\/surprise.svg\" alt=\"Surprise\">\n                    <\/a>\n                    <div class=\"twp-reaction-title\">Surprise<\/div>\n                    <div class=\"twp-count-percent\">\n                                                    <span style=\"display: none;\" class=\"twp-react-count\">0<\/span>\n                                                                        <span class=\"twp-react-percent\"><span>0<\/span> %<\/span>\n                                            <\/div>\n                <\/div>\n\n            <\/div>\n        <\/div>\n\n    ","protected":false},"excerpt":{"rendered":"<p>Comunicado de prensa: Nueva Atacama se re\u00fane con vecinos de Canal Ventanas de Vallenar para informar de trabajos de mejoramiento CN Cristian Abello NavarroPara: Rodrigo Vasquez Arredondo + 145 Jue 09\/03\/2023 8:29 Ver m\u00e1s TRABAJOS EN SECTOR VENTANAS \u2026 JPG14 MB TRABAJOS EN SECTOR VENTANAS \u2026 JPG462 KB TRABAJOS EN SECTOR VENTANAS \u2026 JPG360 KB [&hellip;]<\/p>\n","protected":false},"author":1,"featured_media":0,"comment_status":"open","ping_status":"open","sticky":false,"template":"","format":"standard","meta":{"_joinchat":[],"footnotes":""},"categories":[1],"tags":[],"class_list":["post-5199","post","type-post","status-publish","format-standard","hentry","category-uncategorized"],"jetpack_featured_media_url":"","blog_post_layout_featured_media_urls":{"thumbnail":"","full":""},"categories_names":{"1":{"name":"Uncategorized","link":"https:\/\/radionorteatacama.cl\/index.php\/category\/uncategorized\/"}},"tags_names":[],"comments_number":"0","_links":{"self":[{"href":"https:\/\/radionorteatacama.cl\/index.php\/wp-json\/wp\/v2\/posts\/5199","targetHints":{"allow":["GET"]}}],"collection":[{"href":"https:\/\/radionorteatacama.cl\/index.php\/wp-json\/wp\/v2\/posts"}],"about":[{"href":"https:\/\/radionorteatacama.cl\/index.php\/wp-json\/wp\/v2\/types\/post"}],"author":[{"embeddable":true,"href":"https:\/\/radionorteatacama.cl\/index.php\/wp-json\/wp\/v2\/users\/1"}],"replies":[{"embeddable":true,"href":"https:\/\/radionorteatacama.cl\/index.php\/wp-json\/wp\/v2\/comments?post=5199"}],"version-history":[{"count":1,"href":"https:\/\/radionorteatacama.cl\/index.php\/wp-json\/wp\/v2\/posts\/5199\/revisions"}],"predecessor-version":[{"id":5200,"href":"https:\/\/radionorteatacama.cl\/index.php\/wp-json\/wp\/v2\/posts\/5199\/revisions\/5200"}],"wp:attachment":[{"href":"https:\/\/radionorteatacama.cl\/index.php\/wp-json\/wp\/v2\/media?parent=5199"}],"wp:term":[{"taxonomy":"category","embeddable":true,"href":"https:\/\/radionorteatacama.cl\/index.php\/wp-json\/wp\/v2\/categories?post=5199"},{"taxonomy":"post_tag","embeddable":true,"href":"https:\/\/radionorteatacama.cl\/index.php\/wp-json\/wp\/v2\/tags?post=5199"}],"curies":[{"name":"wp","href":"https:\/\/api.w.org\/{rel}","templated":true}]}}