{"id":5193,"date":"2023-03-20T04:33:46","date_gmt":"2023-03-20T04:33:46","guid":{"rendered":"https:\/\/radionorteatacama.cl\/?p=5193"},"modified":"2023-03-20T04:33:47","modified_gmt":"2023-03-20T04:33:47","slug":"seremi-de-gobierno-y-gobernador-maritimo-se-reunen-para-tratar-temas-de-seguridad-costera","status":"publish","type":"post","link":"https:\/\/radionorteatacama.cl\/index.php\/2023\/03\/20\/seremi-de-gobierno-y-gobernador-maritimo-se-reunen-para-tratar-temas-de-seguridad-costera\/","title":{"rendered":"<strong>Seremi de Gobierno y Gobernador Mar\u00edtimo se re\u00fanen para tratar\u00a0temas de seguridad costera<\/strong>"},"content":{"rendered":"<div class='booster-block booster-read-block'>\n                <div class=\"twp-read-time\">\n                \t<i class=\"booster-icon twp-clock\"><\/i> <span>Read Time:<\/span>2 Minute, 15 Second                <\/div>\n\n            <\/div>\n<p><strong>En la comuna de Caldera se reunieron la Seremi Vocera de Gobierno Sof\u00eda Vargas Roberts\u00a0y el Capit\u00e1n Cristian Ortega, gobernador mar\u00edtimo de caldera, para tratar temas\u00a0relacionados a seguridad del borde costero y reforzar el trabajo conjunto de distintos\u00a0estamentos del estado en Atacama. <\/strong><\/p>\n\n\n\n<p>1 \/ 1<\/p>\n\n\n\n<p><strong>Seremi de Gobierno y Gobernador Mar\u00edtimo se re\u00fanen para tratar\u00a0<\/strong><strong>temas de seguridad costera<\/strong><\/p>\n\n\n\n<p><strong>En la comuna de Caldera se reunieron la Seremi Vocera de Gobierno Sof\u00eda Vargas Roberts\u00a0y el Capit\u00e1n Cristian Ortega, gobernador mar\u00edtimo de caldera, para tratar temas\u00a0relacionados a seguridad del borde costero y reforzar el trabajo conjunto de distintos\u00a0estamentos del estado en Atacama. <\/strong><\/p>\n\n\n\n<figure class=\"wp-block-image size-large\"><img loading=\"lazy\" decoding=\"async\" width=\"1024\" height=\"577\" src=\"https:\/\/radionorteatacama.cl\/wp-content\/uploads\/2023\/03\/20230313_150301-1-1024x577.jpg\" alt=\"\" class=\"wp-image-5197\" srcset=\"https:\/\/radionorteatacama.cl\/wp-content\/uploads\/2023\/03\/20230313_150301-1-1024x577.jpg 1024w, https:\/\/radionorteatacama.cl\/wp-content\/uploads\/2023\/03\/20230313_150301-1-300x169.jpg 300w, https:\/\/radionorteatacama.cl\/wp-content\/uploads\/2023\/03\/20230313_150301-1-768x432.jpg 768w, https:\/\/radionorteatacama.cl\/wp-content\/uploads\/2023\/03\/20230313_150301-1-1536x865.jpg 1536w, https:\/\/radionorteatacama.cl\/wp-content\/uploads\/2023\/03\/20230313_150301-1-2048x1153.jpg 2048w\" sizes=\"auto, (max-width: 1024px) 100vw, 1024px\" \/><\/figure>\n\n\n\n<p>Hasta la comuna de Caldera lleg\u00f3 la seremi de Gobierno Sof\u00eda Vargas Roberts para reunirse con\u00a0el gobernador mar\u00edtimo de Caldera, el capit\u00e1n Cristian Ortega, con quien sostuvo un encuentro\u00a0donde se trataron temas relacionados a la seguridad costera y el trabajo que realiza la Armada de\u00a0Chile en el control y cuidado de las costas calderinas.<\/p>\n\n\n\n<p>Sobre el encuentro, la seremi de gobierno destac\u00f3 algunas de las tem\u00e1ticas tratadas. \u201cTenemos\u00a0problem\u00e1ticas en el borde costero que debemos abordar de manera coordinada con las\u00a0instituciones p\u00fablicas, como la extracci\u00f3n ilegal e indiscriminada de recursos marinos, seguridad\u00a0p\u00fablica, tomas ilegales de terrenos, incidentes ambientales, como tambi\u00e9n el monitoreo y\u00a0fiscalizaci\u00f3n de caletas, coordinaciones en casos de emergencias, entre tantas otras labores, que\u00a0son realizadas por la Armada, que hoy junto al capit\u00e1n Ortega hemos fortalecido el trabajo\u00a0coordinado como instituci\u00f3n p\u00fablica del Estado de Chile, para avanzar en mejoras sustantivas en\u00a0la Costa de Atacama\u201d, destac\u00f3 la seremi Sof\u00eda Vargas Roberts. <\/p>\n\n\n\n<figure class=\"wp-block-audio\"><audio controls src=\"https:\/\/radionorteatacama.cl\/wp-content\/uploads\/2023\/03\/CUNA-SEREMI-DE-GOBIERNO-EN-GOBERNACION-MARTITIMA_01-1.mp3\"><\/audio><\/figure>\n\n\n\n<p>Sobre el rol de la Armada en el cuidado y vigilancia de las cosas, el gobernador mar\u00edtimo de\u00a0Caldera, Capit\u00e1n de Fragata Cristian Ortega, destac\u00f3 \u201c<\/p>\n\n\n\n<figure class=\"wp-block-audio\"><audio controls src=\"https:\/\/radionorteatacama.cl\/wp-content\/uploads\/2023\/03\/CUNA-CAPITAN-ORTEGA-02-1.mp3\"><\/audio><\/figure>\n\n\n\n<p>Sobre el trabajo que desarrolla la instituci\u00f3n uniformada, Ortega explica: \u201cComo Armada,\u00a0espec\u00edficamente la Gobernaci\u00f3n Mar\u00edtima de Caldera, cumplimos tareas en todo el borde costero.\u00a0Sea esto la actividad pesquera, la preservaci\u00f3n de los recursos marinos, la preservaci\u00f3n del\u00a0medio ambiente acu\u00e1tico, el control de las actividades n\u00e1uticas deportivas. Todo lo que se\u00a0desarrolla en el mar nosotros estamos para apoyarlo, controlarlo y preservarlo. Es importante que\u00a0en la ciudadan\u00eda exista la conciencia de que su mar, sus playas deben ser bien cuidados y esto es\u00a0un trabajo conjunto, un trabajo comunitario, hay que generar una conciencia de preservaci\u00f3n de\u00a0los recursos\u201d. <\/p>\n\n\n\n<figure class=\"wp-block-audio\"><audio controls src=\"https:\/\/radionorteatacama.cl\/wp-content\/uploads\/2023\/03\/CUNA-O1-CRISTIAN-ORTEGA-1.mp3\"><\/audio><\/figure>\n\n\n\n<p>Con esta visita se fortalece la coordinaci\u00f3n que existe entre distintos organismos de Estado que\u00a0buscan dar mayor seguridad al borde costero y a la ciudadan\u00eda en general. El trabajo que articula\u00a0el Gobierno en Atacama consta de distintas \u00e1reas y el control del borde costero es parte de ello.<\/p>\n        <div class=\"booster-block booster-reactions-block\">\n            <div class=\"twp-reactions-icons\">\n                \n                <div class=\"twp-reacts-wrap\">\n                    <a react-data=\"be-react-1\" post-id=\"5193\" class=\"be-face-icons un-reacted\" href=\"javascript:void(0)\">\n                        <img decoding=\"async\" src=\"https:\/\/radionorteatacama.cl\/wp-content\/plugins\/booster-extension\/\/assets\/icon\/happy.svg\" alt=\"Happy\">\n                    <\/a>\n                    <div class=\"twp-reaction-title\">\n                        Happy                    <\/div>\n                    <div class=\"twp-count-percent\">\n                                                    <span style=\"display: none;\" class=\"twp-react-count\">0<\/span>\n                        \n                                                <span class=\"twp-react-percent\"><span>0<\/span> %<\/span>\n                                            <\/div>\n                <\/div>\n\n                <div class=\"twp-reacts-wrap\">\n                    <a react-data=\"be-react-2\" post-id=\"5193\" class=\"be-face-icons un-reacted\" href=\"javascript:void(0)\">\n                        <img decoding=\"async\" src=\"https:\/\/radionorteatacama.cl\/wp-content\/plugins\/booster-extension\/\/assets\/icon\/sad.svg\" alt=\"Sad\">\n                    <\/a>\n                    <div class=\"twp-reaction-title\">\n                        Sad                    <\/div>\n                    <div class=\"twp-count-percent\">\n                                                    <span style=\"display: none;\" class=\"twp-react-count\">0<\/span>\n                                                                        <span class=\"twp-react-percent\"><span>0<\/span> %<\/span>\n                                            <\/div>\n                <\/div>\n\n                <div class=\"twp-reacts-wrap\">\n                    <a react-data=\"be-react-3\" post-id=\"5193\" class=\"be-face-icons un-reacted\" href=\"javascript:void(0)\">\n                        <img decoding=\"async\" src=\"https:\/\/radionorteatacama.cl\/wp-content\/plugins\/booster-extension\/\/assets\/icon\/excited.svg\" alt=\"Excited\">\n                    <\/a>\n                    <div class=\"twp-reaction-title\">\n                        Excited                    <\/div>\n                    <div class=\"twp-count-percent\">\n                                                    <span style=\"display: none;\" class=\"twp-react-count\">0<\/span>\n                                                                        <span class=\"twp-react-percent\"><span>0<\/span> %<\/span>\n                                            <\/div>\n                <\/div>\n\n                <div class=\"twp-reacts-wrap\">\n                    <a react-data=\"be-react-6\" post-id=\"5193\" class=\"be-face-icons un-reacted\" href=\"javascript:void(0)\">\n                        <img decoding=\"async\" src=\"https:\/\/radionorteatacama.cl\/wp-content\/plugins\/booster-extension\/\/assets\/icon\/sleepy.svg\" alt=\"Sleepy\">\n                    <\/a>\n                    <div class=\"twp-reaction-title\">\n                        Sleepy                    <\/div>\n                    <div class=\"twp-count-percent\">\n                                                    <span style=\"display: none;\" class=\"twp-react-count\">0<\/span>\n                        \n                                                <span class=\"twp-react-percent\"><span>0<\/span> %<\/span>\n                                            <\/div>\n                <\/div>\n\n                <div class=\"twp-reacts-wrap\">\n                    <a react-data=\"be-react-4\" post-id=\"5193\" class=\"be-face-icons un-reacted\" href=\"javascript:void(0)\">\n                        <img decoding=\"async\" src=\"https:\/\/radionorteatacama.cl\/wp-content\/plugins\/booster-extension\/\/assets\/icon\/angry.svg\" alt=\"Angry\">\n                    <\/a>\n                    <div class=\"twp-reaction-title\">Angry<\/div>\n                    <div class=\"twp-count-percent\">\n                                                    <span style=\"display: none;\" class=\"twp-react-count\">0<\/span>\n                                                                        <span class=\"twp-react-percent\"><span>0<\/span> %<\/span>\n                        \n                    <\/div>\n                <\/div>\n\n                <div class=\"twp-reacts-wrap\">\n                    <a react-data=\"be-react-5\" post-id=\"5193\" class=\"be-face-icons un-reacted\" href=\"javascript:void(0)\">\n                        <img decoding=\"async\" src=\"https:\/\/radionorteatacama.cl\/wp-content\/plugins\/booster-extension\/\/assets\/icon\/surprise.svg\" alt=\"Surprise\">\n                    <\/a>\n                    <div class=\"twp-reaction-title\">Surprise<\/div>\n                    <div class=\"twp-count-percent\">\n                                                    <span style=\"display: none;\" class=\"twp-react-count\">0<\/span>\n                                                                        <span class=\"twp-react-percent\"><span>0<\/span> %<\/span>\n                                            <\/div>\n                <\/div>\n\n            <\/div>\n        <\/div>\n\n    ","protected":false},"excerpt":{"rendered":"<p>En la comuna de Caldera se reunieron la Seremi Vocera de Gobierno Sof\u00eda Vargas Roberts\u00a0y el Capit\u00e1n Cristian Ortega, gobernador mar\u00edtimo de caldera, para tratar temas\u00a0relacionados a seguridad del borde costero y reforzar el trabajo conjunto de distintos\u00a0estamentos del estado en Atacama. 1 \/ 1 Seremi de Gobierno y Gobernador Mar\u00edtimo se re\u00fanen para tratar\u00a0temas [&hellip;]<\/p>\n","protected":false},"author":1,"featured_media":0,"comment_status":"open","ping_status":"open","sticky":false,"template":"","format":"standard","meta":{"_joinchat":[],"footnotes":""},"categories":[1],"tags":[],"class_list":["post-5193","post","type-post","status-publish","format-standard","hentry","category-uncategorized"],"jetpack_featured_media_url":"","blog_post_layout_featured_media_urls":{"thumbnail":"","full":""},"categories_names":{"1":{"name":"Uncategorized","link":"https:\/\/radionorteatacama.cl\/index.php\/category\/uncategorized\/"}},"tags_names":[],"comments_number":"0","_links":{"self":[{"href":"https:\/\/radionorteatacama.cl\/index.php\/wp-json\/wp\/v2\/posts\/5193","targetHints":{"allow":["GET"]}}],"collection":[{"href":"https:\/\/radionorteatacama.cl\/index.php\/wp-json\/wp\/v2\/posts"}],"about":[{"href":"https:\/\/radionorteatacama.cl\/index.php\/wp-json\/wp\/v2\/types\/post"}],"author":[{"embeddable":true,"href":"https:\/\/radionorteatacama.cl\/index.php\/wp-json\/wp\/v2\/users\/1"}],"replies":[{"embeddable":true,"href":"https:\/\/radionorteatacama.cl\/index.php\/wp-json\/wp\/v2\/comments?post=5193"}],"version-history":[{"count":1,"href":"https:\/\/radionorteatacama.cl\/index.php\/wp-json\/wp\/v2\/posts\/5193\/revisions"}],"predecessor-version":[{"id":5198,"href":"https:\/\/radionorteatacama.cl\/index.php\/wp-json\/wp\/v2\/posts\/5193\/revisions\/5198"}],"wp:attachment":[{"href":"https:\/\/radionorteatacama.cl\/index.php\/wp-json\/wp\/v2\/media?parent=5193"}],"wp:term":[{"taxonomy":"category","embeddable":true,"href":"https:\/\/radionorteatacama.cl\/index.php\/wp-json\/wp\/v2\/categories?post=5193"},{"taxonomy":"post_tag","embeddable":true,"href":"https:\/\/radionorteatacama.cl\/index.php\/wp-json\/wp\/v2\/tags?post=5193"}],"curies":[{"name":"wp","href":"https:\/\/api.w.org\/{rel}","templated":true}]}}