{"id":5188,"date":"2023-03-20T04:22:40","date_gmt":"2023-03-20T04:22:40","guid":{"rendered":"https:\/\/radionorteatacama.cl\/?p=5188"},"modified":"2023-03-20T04:22:41","modified_gmt":"2023-03-20T04:22:41","slug":"gobernador-de-atacama-y-autoridades-regionales-sostienen-importante-reunion-con-el-ministro-de-vivienda-y-urbanismo-carlos-montes","status":"publish","type":"post","link":"https:\/\/radionorteatacama.cl\/index.php\/2023\/03\/20\/gobernador-de-atacama-y-autoridades-regionales-sostienen-importante-reunion-con-el-ministro-de-vivienda-y-urbanismo-carlos-montes\/","title":{"rendered":"<strong>Gobernador de Atacama y autoridades regionales\u00a0sostienen importante reuni\u00f3n con el Ministro de\u00a0Vivienda y Urbanismo Carlos Montes<\/strong>"},"content":{"rendered":"<div class='booster-block booster-read-block'>\n                <div class=\"twp-read-time\">\n                \t<i class=\"booster-icon twp-clock\"><\/i> <span>Read Time:<\/span>5 Minute, 21 Second                <\/div>\n\n            <\/div>\n<p>1 \/ 2<\/p>\n\n\n\n<p><strong>Gobernador de Atacama y autoridades regionales\u00a0<\/strong><strong>sostienen importante reuni\u00f3n con el Ministro de\u00a0<\/strong><strong>Vivienda y Urbanismo Carlos Montes<\/strong><\/p>\n\n\n\n<ul class=\"wp-block-list\">\n<li>\u00b7 Compra de terrenos, proyectos habitacionales, obras en campamentos y financiamiento de\u00a0programas, fueron parte de los temas conversados durante la instancia.<\/li>\n<\/ul>\n\n\n\n<p>Con el objetivo de avanzar y coordinar acciones que se materialicen en proyectos habitacionales y\u00a0de urbanizaci\u00f3n, el Gobernador de Atacama, Miguel Vargas Correa, se reuni\u00f3 en Santiago con el\u00a0Ministro de Vivienda y Urbanismo, Carlos Montes, la seremi del Minvu Atacama, Roc\u00edo D\u00edaz y el\u00a0Director del Serviu Atacama, Rodrigo Maturana, para informar a la autoridad ministerial sobre las\u00a0pr\u00f3ximas obras y convenios que se llevar\u00e1n a cabo en el corto y mediano plazo en la regi\u00f3n.<\/p>\n\n\n\n<p>Algunos de los puntos tratados, fueron el conjunto de acciones que impulsa el Gobierno Regional\u00a0de Atacama en sincron\u00eda con el Minvu y el Serviu, entre las que se encuentra, el traspaso de recursos\u00a0para financiar la construcci\u00f3n de viviendas, la compra de terrenos para la edificaci\u00f3n de nuevos\u00a0proyectos habitacionales, particularmente en Vallenar y Copiap\u00f3, como tambi\u00e9n la urbanizaci\u00f3n de\u00a0campamentos.<br><br>Respecto a la reuni\u00f3n sostenida con el ministro, el Gobernador de Atacama, Miguel Vargas Correa,\u00a0indic\u00f3 \u201cUna reuni\u00f3n muy positiva que nos permite seguir d\u00e1ndole fuerza a los acuerdos, que hemos\u00a0venido generando desde la Regi\u00f3n de Atacama para avanzar en varios frentes, uno, cubrir el d\u00e9ficit\u00a0de vivienda; hemos tomado decisiones importantes en la regi\u00f3n y una de ellas es el aporte de\u00a0recursos que hace el Gobierno regional para financiar la construcci\u00f3n de las viviendas, otra decisi\u00f3n\u00a0importante fue; la compra de terrenos para la construcci\u00f3n de nuevos proyectos habitacionales en\u00a0Vallenar y en Copiap\u00f3. S\u00f3lo el a\u00f1o reci\u00e9n pasado se compraron m\u00e1s de 50 hect\u00e1reas, que signific\u00f3\u00a0una inversi\u00f3n de m\u00e1s de 16 mil millones de pesos. S\u00f3lo por este concepto, compra de terrenos, para\u00a0viabilizar los proyectos habitacionales, pero tambi\u00e9n le hemos dicho al ministro que estamos\u00a0generando un gran acuerdo para hacernos cargo de la problem\u00e1tica de campamentos en la Regi\u00f3n\u00a0de Atacama que implica avanzar en varios frentes. Uno, acelerar los proyectos de urbanizaci\u00f3n,\u00a0particularmente los campamentos hist\u00f3ricos como Juan Pablo II y tambi\u00e9n el sector de Andacollo.\u00a0Tambi\u00e9n mejorar los estudios que se han hecho, sobre todo en las zonas de riesgo, hay familias que\u00a0est\u00e1n emplazadas en lugares donde no es posible que se puedan desarrollar proyectos de\u00a0urbanizaci\u00f3n, por lo tanto, hay que pensar en proyectos de relocalizaci\u00f3n y eso supone tambi\u00e9n\u00a0disponer de terrenos urbanizados para que las familias se puedan instalar y otras puedan ser\u00a0tambi\u00e9n relocalizadas en proyectos habitacionales que est\u00e1n en curso\u201d.<\/p>\n\n\n\n<p>Sobre los proyectos y convenios que se esperan materializar en el corto y mediano plazo, la\u00a0autoridad regional se\u00f1al\u00f3 \u201chemos hecho un planteamiento al Ministro de Vivienda de poder\u00a0materializar otro convenio con el Serviu, para potenciar el financiamiento de proyectos de\u00a0equipamiento. Hay muchas organizaciones sociales que demandan recursos para sedes, para\u00a0complejos deportivos, para canchas de f\u00fatbol. Hay requerimientos diversos en esta l\u00ednea y para eso\u00a0tambi\u00e9n hemos dicho que est\u00e1 la voluntad del Gobierno regional de colocar recursos para\u00a0implementar un concurso regional del DS 27, que es el programa de equipamiento que tiene el<\/p>\n\n\n\n<hr class=\"wp-block-separator has-alpha-channel-opacity\"\/>\n\n\n\n<p>2 \/ 2<\/p>\n\n\n\n<p>Servicio de Vivienda y Urbanismo y por supuesto, el gran acuerdo regional, tambi\u00e9n tiene un\u00a0componente muy relevante en materia de urbanismo en espacios p\u00fablicos y ah\u00ed, por ejemplo,\u00a0queremos acelerar los proyectos asociados al Parque Kaukari, queremos seguir construyendo\u00a0parques en la regi\u00f3n de Atacama, plazas, todo lo que implique mejor calidad de vida para la familia.\u00a0Y le extendimos adem\u00e1s una invitaci\u00f3n al Ministro de Vivienda para que pudiera estar con nosotros\u00a0el d\u00eda 24 de marzo, en una gran jornada con comit\u00e9s de vivienda, queremos materializar el traspaso\u00a0de terrenos a los Comit\u00e9, estos terrenos que se compraron con recursos del a\u00f1o pasado, los vamos\u00a0a traspasar en un acto muy importante y queremos que el ministro est\u00e9 presente con nosotros ese\u00a0d\u00eda, va a ser una gran jornada, el cual representa un paso muy significativo en todo el proceso de un\u00a0proyecto habitacional.<\/p>\n\n\n\n<p>Por su parte la Secretaria Regional Ministerial de Vivienda y Urbanismo, Roc\u00edo D\u00edaz, se refiri\u00f3 a los\u00a0temas conversados en dicha reuni\u00f3n \u201cSe realiza esta mesa que est\u00e1 liderada por el Gobernador\u00a0Regional y en la cual se abordaron temas de \u00e1reas de riesgo, obras de mitigaci\u00f3n de la DOH,\u00a0priorizaci\u00f3n de campamentos para urbanizaci\u00f3n a trav\u00e9s del programa \u201cConstruyendo Barrios\u201d y\u00a0adem\u00e1s, cantidad de familias que se est\u00e1n adquiriendo a los comit\u00e9s habitacionales que estamos\u00a0dentro de la meta del Plan de Emergencia Habitacional. Esta propuesta fue expuesta al ministro,\u00a0para el trabajo colaborativo entre el Ministerio y el Gobierno Regional y los otros Servicio P\u00fablico,\u00a0as\u00ed como tambi\u00e9n la conversaci\u00f3n respecto a otros convenios que est\u00e1n en tr\u00e1mite y que se suman\u00a0ya a \u201cPeque\u00f1as Localidades\u201d.<\/p>\n\n\n\n<p>Finalmente, respecto a las acciones y convenios que se realizar\u00e1n durante el presente a\u00f1o junto al\u00a0Gobierno Regional, la seremi manifest\u00f3 que \u201cEste a\u00f1o termina el convenio habitacional 2017-2023,\u00a0por lo tanto, vamos como ministerio a hacer una nueva propuesta al Consejo Regional y al Gobierno\u00a0regional, para poder crear un nuevo convenio 2024-2030, tambi\u00e9n estamos en tr\u00e1mite del convenio\u00a0\u201cAcceso a la Ciudad\u201d que tenemos pendiente como ministerio y muy importante y relevante porque\u00a0tambi\u00e9n van obras de campamento, obras en la ciudad, obras urbanas, en fin. Y ese convenio son\u00a0340 mil millones de pesos en ocho a\u00f1os con cofinanciamiento 60% ministerio y 40% FNDR. Y\u00a0tambi\u00e9n otro convenio que estamos juntando que es para poder complementar recursos del DS 27\u00a0y con ello hacer m\u00e1s equipamiento con un monto un poquito mayor y con mayor cantidad. Eso\u00a0principalmente fue una reuni\u00f3n muy fruct\u00edfera con el ministro, el gobernador, uno de los equipos\u00a0en la cual acordamos ya poner en marcha este plan. En el caso de los campamentos, trabajar de\u00a0manera colaborativa y con la mayor disposici\u00f3n para poder atender con urgencia a ese sector, sobre\u00a0todo, que est\u00e1n en \u00e1reas de riesgo\u201d.<\/p>\n        <div class=\"booster-block booster-reactions-block\">\n            <div class=\"twp-reactions-icons\">\n                \n                <div class=\"twp-reacts-wrap\">\n                    <a react-data=\"be-react-1\" post-id=\"5188\" class=\"be-face-icons un-reacted\" href=\"javascript:void(0)\">\n                        <img decoding=\"async\" src=\"https:\/\/radionorteatacama.cl\/wp-content\/plugins\/booster-extension\/\/assets\/icon\/happy.svg\" alt=\"Happy\">\n                    <\/a>\n                    <div class=\"twp-reaction-title\">\n                        Happy                    <\/div>\n                    <div class=\"twp-count-percent\">\n                                                    <span style=\"display: none;\" class=\"twp-react-count\">0<\/span>\n                        \n                                                <span class=\"twp-react-percent\"><span>0<\/span> %<\/span>\n                                            <\/div>\n                <\/div>\n\n                <div class=\"twp-reacts-wrap\">\n                    <a react-data=\"be-react-2\" post-id=\"5188\" class=\"be-face-icons un-reacted\" href=\"javascript:void(0)\">\n                        <img decoding=\"async\" src=\"https:\/\/radionorteatacama.cl\/wp-content\/plugins\/booster-extension\/\/assets\/icon\/sad.svg\" alt=\"Sad\">\n                    <\/a>\n                    <div class=\"twp-reaction-title\">\n                        Sad                    <\/div>\n                    <div class=\"twp-count-percent\">\n                                                    <span style=\"display: none;\" class=\"twp-react-count\">0<\/span>\n                                                                        <span class=\"twp-react-percent\"><span>0<\/span> %<\/span>\n                                            <\/div>\n                <\/div>\n\n                <div class=\"twp-reacts-wrap\">\n                    <a react-data=\"be-react-3\" post-id=\"5188\" class=\"be-face-icons un-reacted\" href=\"javascript:void(0)\">\n                        <img decoding=\"async\" src=\"https:\/\/radionorteatacama.cl\/wp-content\/plugins\/booster-extension\/\/assets\/icon\/excited.svg\" alt=\"Excited\">\n                    <\/a>\n                    <div class=\"twp-reaction-title\">\n                        Excited                    <\/div>\n                    <div class=\"twp-count-percent\">\n                                                    <span style=\"display: none;\" class=\"twp-react-count\">0<\/span>\n                                                                        <span class=\"twp-react-percent\"><span>0<\/span> %<\/span>\n                                            <\/div>\n                <\/div>\n\n                <div class=\"twp-reacts-wrap\">\n                    <a react-data=\"be-react-6\" post-id=\"5188\" class=\"be-face-icons un-reacted\" href=\"javascript:void(0)\">\n                        <img decoding=\"async\" src=\"https:\/\/radionorteatacama.cl\/wp-content\/plugins\/booster-extension\/\/assets\/icon\/sleepy.svg\" alt=\"Sleepy\">\n                    <\/a>\n                    <div class=\"twp-reaction-title\">\n                        Sleepy                    <\/div>\n                    <div class=\"twp-count-percent\">\n                                                    <span style=\"display: none;\" class=\"twp-react-count\">0<\/span>\n                        \n                                                <span class=\"twp-react-percent\"><span>0<\/span> %<\/span>\n                                            <\/div>\n                <\/div>\n\n                <div class=\"twp-reacts-wrap\">\n                    <a react-data=\"be-react-4\" post-id=\"5188\" class=\"be-face-icons un-reacted\" href=\"javascript:void(0)\">\n                        <img decoding=\"async\" src=\"https:\/\/radionorteatacama.cl\/wp-content\/plugins\/booster-extension\/\/assets\/icon\/angry.svg\" alt=\"Angry\">\n                    <\/a>\n                    <div class=\"twp-reaction-title\">Angry<\/div>\n                    <div class=\"twp-count-percent\">\n                                                    <span style=\"display: none;\" class=\"twp-react-count\">0<\/span>\n                                                                        <span class=\"twp-react-percent\"><span>0<\/span> %<\/span>\n                        \n                    <\/div>\n                <\/div>\n\n                <div class=\"twp-reacts-wrap\">\n                    <a react-data=\"be-react-5\" post-id=\"5188\" class=\"be-face-icons un-reacted\" href=\"javascript:void(0)\">\n                        <img decoding=\"async\" src=\"https:\/\/radionorteatacama.cl\/wp-content\/plugins\/booster-extension\/\/assets\/icon\/surprise.svg\" alt=\"Surprise\">\n                    <\/a>\n                    <div class=\"twp-reaction-title\">Surprise<\/div>\n                    <div class=\"twp-count-percent\">\n                                                    <span style=\"display: none;\" class=\"twp-react-count\">0<\/span>\n                                                                        <span class=\"twp-react-percent\"><span>0<\/span> %<\/span>\n                                            <\/div>\n                <\/div>\n\n            <\/div>\n        <\/div>\n\n    ","protected":false},"excerpt":{"rendered":"<p>1 \/ 2 Gobernador de Atacama y autoridades regionales\u00a0sostienen importante reuni\u00f3n con el Ministro de\u00a0Vivienda y Urbanismo Carlos Montes Con el objetivo de avanzar y coordinar acciones que se materialicen en proyectos habitacionales y\u00a0de urbanizaci\u00f3n, el Gobernador de Atacama, Miguel Vargas Correa, se reuni\u00f3 en Santiago con el\u00a0Ministro de Vivienda y Urbanismo, Carlos Montes, la [&hellip;]<\/p>\n","protected":false},"author":1,"featured_media":0,"comment_status":"open","ping_status":"open","sticky":false,"template":"","format":"standard","meta":{"_joinchat":[],"footnotes":""},"categories":[1],"tags":[],"class_list":["post-5188","post","type-post","status-publish","format-standard","hentry","category-uncategorized"],"jetpack_featured_media_url":"","blog_post_layout_featured_media_urls":{"thumbnail":"","full":""},"categories_names":{"1":{"name":"Uncategorized","link":"https:\/\/radionorteatacama.cl\/index.php\/category\/uncategorized\/"}},"tags_names":[],"comments_number":"0","_links":{"self":[{"href":"https:\/\/radionorteatacama.cl\/index.php\/wp-json\/wp\/v2\/posts\/5188","targetHints":{"allow":["GET"]}}],"collection":[{"href":"https:\/\/radionorteatacama.cl\/index.php\/wp-json\/wp\/v2\/posts"}],"about":[{"href":"https:\/\/radionorteatacama.cl\/index.php\/wp-json\/wp\/v2\/types\/post"}],"author":[{"embeddable":true,"href":"https:\/\/radionorteatacama.cl\/index.php\/wp-json\/wp\/v2\/users\/1"}],"replies":[{"embeddable":true,"href":"https:\/\/radionorteatacama.cl\/index.php\/wp-json\/wp\/v2\/comments?post=5188"}],"version-history":[{"count":1,"href":"https:\/\/radionorteatacama.cl\/index.php\/wp-json\/wp\/v2\/posts\/5188\/revisions"}],"predecessor-version":[{"id":5189,"href":"https:\/\/radionorteatacama.cl\/index.php\/wp-json\/wp\/v2\/posts\/5188\/revisions\/5189"}],"wp:attachment":[{"href":"https:\/\/radionorteatacama.cl\/index.php\/wp-json\/wp\/v2\/media?parent=5188"}],"wp:term":[{"taxonomy":"category","embeddable":true,"href":"https:\/\/radionorteatacama.cl\/index.php\/wp-json\/wp\/v2\/categories?post=5188"},{"taxonomy":"post_tag","embeddable":true,"href":"https:\/\/radionorteatacama.cl\/index.php\/wp-json\/wp\/v2\/tags?post=5188"}],"curies":[{"name":"wp","href":"https:\/\/api.w.org\/{rel}","templated":true}]}}