{"id":5140,"date":"2023-02-11T05:44:04","date_gmt":"2023-02-11T05:44:04","guid":{"rendered":"http:\/\/radionorteatacama.cl\/?p=5140"},"modified":"2023-02-11T05:44:04","modified_gmt":"2023-02-11T05:44:04","slug":"seremi-de-gobierno-y-general-de-carabineros-se-reunenpara-conversar-sobre-temas-de-seguridad-en-atacama","status":"publish","type":"post","link":"https:\/\/radionorteatacama.cl\/index.php\/2023\/02\/11\/seremi-de-gobierno-y-general-de-carabineros-se-reunenpara-conversar-sobre-temas-de-seguridad-en-atacama\/","title":{"rendered":"Seremi de Gobierno y General de Carabineros se re\u00fanen<br>para conversar sobre temas de seguridad en Atacama"},"content":{"rendered":"<div class='booster-block booster-read-block'>\n                <div class=\"twp-read-time\">\n                \t<i class=\"booster-icon twp-clock\"><\/i> <span>Read Time:<\/span>1 Minute, 52 Second                <\/div>\n\n            <\/div>\n<p>Hasta las dependencias de la Seremi de Gobierno de la Regi\u00f3n de Atacama arrib\u00f3 el<br>General de Carabineros, Jorge Mu\u00f1oz Soto para reunirse con la representante de la<br>cartera en Atacama, la seremi Sof\u00eda Vargas Roberts. En la ocasi\u00f3n trataron temas<br>relativos al rol preventivo de carabineros y el respaldo del Gobierno a la funci\u00f3n<br>policial.<\/p>\n\n\n\n<p>Este martes se reunieron la Seremi de Gobierno, Sof\u00eda Vargas Roberts con el General de<br>Carabineros Jefe de la III zona de Carabineros Atacama, Jorge Mu\u00f1oz Soto, quienes<br>compartieron una conversaci\u00f3n sobre temas relacionados a seguridad y el respaldo del<br>gobierno del Presidente Gabriel Boric a la labor de prevenci\u00f3n del delito que ejerce la<br>instituci\u00f3n en nuestra regi\u00f3n.<br>Tras el encuentro, la seremi Vocera de Gobierno en Atacama coment\u00f3: \u201cdesde Gobierno<br>tenemos claridad en priorizar la seguridad p\u00fablica en Atacama y el pa\u00eds,y en este sentido el<br>trabajo colaborativo y coordinado con Carabineros es fundamental. La retroalimentaci\u00f3n de<br>las realidades de las 9 comunas de Atacama es primordial para mejorar la labor policial y la<br>seguridad social. El General Mu\u00f1oz entiende a la violencia intrafamiliar, Narcotr\u00e1fico y<br>carreras clandestinas, entre otros delitos, como objetivos de mayor control en nuestra<br>regi\u00f3n, lo cual est\u00e1 abordando con un aumento de dotaci\u00f3n de funcionarios y funcionarias<br>para Atacama\u201d.<br>A su vez, el general para la Regi\u00f3n de Atacama coment\u00f3 los alcances de los desaf\u00edos y<br>trabajo conjunto en materia de prevenci\u00f3n realizado en la regi\u00f3n \u201chay un trabajo en conjunto<br>coordinado a trav\u00e9s de las distintas mesas de trabajo que van fluyendo y que se encuentran<br>organizadas, de esta manera, junto con nuestras estad\u00edsticas y levantamiento de<br>informaci\u00f3n podemos ir focalizando y ordenando la manera en que vamos actuando. As\u00ed<br>tambi\u00e9n con los requerimientos de la ciudadan\u00eda, es como vamos definiendo la forma en<br>que vamos trabajando en las distintas \u00e1reas geogr\u00e1ficas de nuestra extensa regi\u00f3n, con la<br>participaci\u00f3n tambi\u00e9n activa de las distintas seremis y los alcaldes de las distintas comunas<br>a trav\u00e9s de su seguridad ciudadana. Hay distintos proyectos que se enfocan en esta<br>naturaleza para estos patrullajes conjuntos municipios-carabineros, con el apoyo de la<br>Delegaci\u00f3n Presencial Regional, el Gobierno Regional y las delegaciones provinciales\u201d.<br>se\u00f1al\u00f3 .<br>Con esta reuni\u00f3n, se afianza el trabajo que lleva a cabo el Gobierno con las distintas<br>instituciones que coordinan cifras, acciones y destinan trabajo humano para garantizar<br>mayores condiciones de seguridad en la regi\u00f3n de Atacama.<\/p>\n        <div class=\"booster-block booster-reactions-block\">\n            <div class=\"twp-reactions-icons\">\n                \n                <div class=\"twp-reacts-wrap\">\n                    <a react-data=\"be-react-1\" post-id=\"5140\" class=\"be-face-icons un-reacted\" href=\"javascript:void(0)\">\n                        <img decoding=\"async\" src=\"https:\/\/radionorteatacama.cl\/wp-content\/plugins\/booster-extension\/\/assets\/icon\/happy.svg\" alt=\"Happy\">\n                    <\/a>\n                    <div class=\"twp-reaction-title\">\n                        Happy                    <\/div>\n                    <div class=\"twp-count-percent\">\n                                                    <span style=\"display: none;\" class=\"twp-react-count\">0<\/span>\n                        \n                                                <span class=\"twp-react-percent\"><span>0<\/span> %<\/span>\n                                            <\/div>\n                <\/div>\n\n                <div class=\"twp-reacts-wrap\">\n                    <a react-data=\"be-react-2\" post-id=\"5140\" class=\"be-face-icons un-reacted\" href=\"javascript:void(0)\">\n                        <img decoding=\"async\" src=\"https:\/\/radionorteatacama.cl\/wp-content\/plugins\/booster-extension\/\/assets\/icon\/sad.svg\" alt=\"Sad\">\n                    <\/a>\n                    <div class=\"twp-reaction-title\">\n                        Sad                    <\/div>\n                    <div class=\"twp-count-percent\">\n                                                    <span style=\"display: none;\" class=\"twp-react-count\">0<\/span>\n                                                                        <span class=\"twp-react-percent\"><span>0<\/span> %<\/span>\n                                            <\/div>\n                <\/div>\n\n                <div class=\"twp-reacts-wrap\">\n                    <a react-data=\"be-react-3\" post-id=\"5140\" class=\"be-face-icons un-reacted\" href=\"javascript:void(0)\">\n                        <img decoding=\"async\" src=\"https:\/\/radionorteatacama.cl\/wp-content\/plugins\/booster-extension\/\/assets\/icon\/excited.svg\" alt=\"Excited\">\n                    <\/a>\n                    <div class=\"twp-reaction-title\">\n                        Excited                    <\/div>\n                    <div class=\"twp-count-percent\">\n                                                    <span style=\"display: none;\" class=\"twp-react-count\">0<\/span>\n                                                                        <span class=\"twp-react-percent\"><span>0<\/span> %<\/span>\n                                            <\/div>\n                <\/div>\n\n                <div class=\"twp-reacts-wrap\">\n                    <a react-data=\"be-react-6\" post-id=\"5140\" class=\"be-face-icons un-reacted\" href=\"javascript:void(0)\">\n                        <img decoding=\"async\" src=\"https:\/\/radionorteatacama.cl\/wp-content\/plugins\/booster-extension\/\/assets\/icon\/sleepy.svg\" alt=\"Sleepy\">\n                    <\/a>\n                    <div class=\"twp-reaction-title\">\n                        Sleepy                    <\/div>\n                    <div class=\"twp-count-percent\">\n                                                    <span style=\"display: none;\" class=\"twp-react-count\">0<\/span>\n                        \n                                                <span class=\"twp-react-percent\"><span>0<\/span> %<\/span>\n                                            <\/div>\n                <\/div>\n\n                <div class=\"twp-reacts-wrap\">\n                    <a react-data=\"be-react-4\" post-id=\"5140\" class=\"be-face-icons un-reacted\" href=\"javascript:void(0)\">\n                        <img decoding=\"async\" src=\"https:\/\/radionorteatacama.cl\/wp-content\/plugins\/booster-extension\/\/assets\/icon\/angry.svg\" alt=\"Angry\">\n                    <\/a>\n                    <div class=\"twp-reaction-title\">Angry<\/div>\n                    <div class=\"twp-count-percent\">\n                                                    <span style=\"display: none;\" class=\"twp-react-count\">0<\/span>\n                                                                        <span class=\"twp-react-percent\"><span>0<\/span> %<\/span>\n                        \n                    <\/div>\n                <\/div>\n\n                <div class=\"twp-reacts-wrap\">\n                    <a react-data=\"be-react-5\" post-id=\"5140\" class=\"be-face-icons un-reacted\" href=\"javascript:void(0)\">\n                        <img decoding=\"async\" src=\"https:\/\/radionorteatacama.cl\/wp-content\/plugins\/booster-extension\/\/assets\/icon\/surprise.svg\" alt=\"Surprise\">\n                    <\/a>\n                    <div class=\"twp-reaction-title\">Surprise<\/div>\n                    <div class=\"twp-count-percent\">\n                                                    <span style=\"display: none;\" class=\"twp-react-count\">0<\/span>\n                                                                        <span class=\"twp-react-percent\"><span>0<\/span> %<\/span>\n                                            <\/div>\n                <\/div>\n\n            <\/div>\n        <\/div>\n\n    ","protected":false},"excerpt":{"rendered":"<p>Hasta las dependencias de la Seremi de Gobierno de la Regi\u00f3n de Atacama arrib\u00f3 elGeneral de Carabineros, Jorge Mu\u00f1oz Soto para reunirse con la representante de lacartera en Atacama, la seremi Sof\u00eda Vargas Roberts. En la ocasi\u00f3n trataron temasrelativos al rol preventivo de carabineros y el respaldo del Gobierno a la funci\u00f3npolicial. Este martes se [&hellip;]<\/p>\n","protected":false},"author":1,"featured_media":0,"comment_status":"open","ping_status":"open","sticky":false,"template":"","format":"standard","meta":{"_joinchat":[],"footnotes":""},"categories":[1],"tags":[],"class_list":["post-5140","post","type-post","status-publish","format-standard","hentry","category-uncategorized"],"jetpack_featured_media_url":"","blog_post_layout_featured_media_urls":{"thumbnail":"","full":""},"categories_names":{"1":{"name":"Uncategorized","link":"https:\/\/radionorteatacama.cl\/index.php\/category\/uncategorized\/"}},"tags_names":[],"comments_number":"0","_links":{"self":[{"href":"https:\/\/radionorteatacama.cl\/index.php\/wp-json\/wp\/v2\/posts\/5140","targetHints":{"allow":["GET"]}}],"collection":[{"href":"https:\/\/radionorteatacama.cl\/index.php\/wp-json\/wp\/v2\/posts"}],"about":[{"href":"https:\/\/radionorteatacama.cl\/index.php\/wp-json\/wp\/v2\/types\/post"}],"author":[{"embeddable":true,"href":"https:\/\/radionorteatacama.cl\/index.php\/wp-json\/wp\/v2\/users\/1"}],"replies":[{"embeddable":true,"href":"https:\/\/radionorteatacama.cl\/index.php\/wp-json\/wp\/v2\/comments?post=5140"}],"version-history":[{"count":1,"href":"https:\/\/radionorteatacama.cl\/index.php\/wp-json\/wp\/v2\/posts\/5140\/revisions"}],"predecessor-version":[{"id":5141,"href":"https:\/\/radionorteatacama.cl\/index.php\/wp-json\/wp\/v2\/posts\/5140\/revisions\/5141"}],"wp:attachment":[{"href":"https:\/\/radionorteatacama.cl\/index.php\/wp-json\/wp\/v2\/media?parent=5140"}],"wp:term":[{"taxonomy":"category","embeddable":true,"href":"https:\/\/radionorteatacama.cl\/index.php\/wp-json\/wp\/v2\/categories?post=5140"},{"taxonomy":"post_tag","embeddable":true,"href":"https:\/\/radionorteatacama.cl\/index.php\/wp-json\/wp\/v2\/tags?post=5140"}],"curies":[{"name":"wp","href":"https:\/\/api.w.org\/{rel}","templated":true}]}}